{"id":8607,"date":"2026-04-30T17:01:12","date_gmt":"2026-04-30T14:01:12","guid":{"rendered":"https:\/\/www.kocaelispor.tv.tr\/?p=8607"},"modified":"2026-04-30T17:01:24","modified_gmt":"2026-04-30T14:01:24","slug":"top-aglarda-27-nisan-2026-kocaelitv","status":"publish","type":"post","link":"https:\/\/www.kocaelispor.tv.tr\/?p=8607","title":{"rendered":"TOP A\u011eLARDA 27 N\u0130SAN 2026 @KocaeliTV"},"content":{"rendered":"<figure class=\"wp-block-embed-youtube wp-block-embed is-type-video is-provider-youtube wp-embed-aspect-16-9 wp-has-aspect-ratio\"><div class=\"lyte-wrapper\" style=\"width:640px;max-width:100%;margin:5px auto;\"><div class=\"lyMe hidef\" id=\"WYL_aikr1noiwBs\"><div id=\"lyte_aikr1noiwBs\" data-src=\"https:\/\/www.kocaelispor.tv.tr\/wp-content\/plugins\/wp-youtube-lyte\/lyteCache.php?origThumbUrl=%2F%2Fi.ytimg.com%2Fvi%2Faikr1noiwBs%2Fhqdefault.jpg\" class=\"pL\"><div class=\"tC\"><div class=\"tT\"><\/div><\/div><div class=\"play\"><\/div><div class=\"ctrl\"><div class=\"Lctrl\"><\/div><div class=\"Rctrl\"><\/div><\/div><\/div><noscript><a href=\"https:\/\/youtu.be\/aikr1noiwBs\" rel=\"nofollow noopener\" target=\"_blank\"><img loading=\"lazy\" decoding=\"async\" src=\"https:\/\/www.kocaelispor.tv.tr\/wp-content\/plugins\/wp-youtube-lyte\/lyteCache.php?origThumbUrl=https%3A%2F%2Fi.ytimg.com%2Fvi%2Faikr1noiwBs%2F0.jpg\" alt=\"YouTube video thumbnail\" width=\"640\" height=\"340\" title=\"\"><\/a><\/noscript><\/div><\/div><div class=\"lL\" style=\"max-width:100%;width:640px;margin:5px auto;\"> <a href=\"https:\/\/youtu.be\/aikr1noiwBs\" target=\"_blank\" rel=\"noopener\">Watch this video on YouTube<\/a>.<br\/><span class=\"lyte_disclaimer\">*** Sitemizde payla\u015f\u0131lan videolar\u0131n t\u00fcm sorumlulu\u011fu, video \u2018nun yay\u0131nc\u0131s\u0131na aittir. ***<\/span><\/div><figcaption><\/figcaption><\/figure>\n\n\n<!--more-->\n\n\n\n<h1 class=\"wp-block-heading\">Gen\u00e7lerbirli\u011fi Ma\u011flubiyeti Ard\u0131ndan K\u00f6rfez&#8217;de Yeni Hedef: Kas\u0131mpa\u015fa Deplasman\u0131<\/h1>\n\n\n\n<p>Ye\u015fil-Siyahl\u0131lar, Ankara&#8217;da penalt\u0131 gol\u00fcyle kaybetti\u011fi Gen\u00e7lerbirli\u011fi m\u00fccadelesinin ard\u0131ndan rotas\u0131n\u0131 Kas\u0131mpa\u015fa deplasman\u0131na \u00e7evirdi. Ligde kalmay\u0131 garantileyen K\u00f6rfez ekibi, son haftalardaki d\u00fc\u015f\u00fc\u015f\u00fc durdurmak ve sezonu prestijli bir \u015fekilde tamamlamak istiyor.<\/p>\n\n\n\n<h2 class=\"wp-block-heading\">Ma\u00e7 Analizi: Neden Kaybettik?<\/h2>\n\n\n\n<p>Eryaman Stad\u0131&#8217;nda saat 14.00&#8217;te ba\u015flayan kar\u015f\u0131la\u015fmada Ye\u015fil-Siyahl\u0131lar, rakibinin y\u00fcksek motivasyonu kar\u015f\u0131s\u0131nda beklenen oyunu sergileyemedi. Gen\u00e7lerbirli\u011fi&#8217;nin \u00f6l\u00fcm-kal\u0131m ma\u00e7\u0131 psikolojisi, sahadaki dengeyi erken belirledi.<\/p>\n\n\n\n<figure class=\"wp-block-table is-style-stripes has-small-font-size\"><table class=\"has-fixed-layout\"><thead><tr><th>\u0130statistik<\/th><th>Kocaelispor<\/th><th>Gen\u00e7lerbirli\u011fi<\/th><\/tr><\/thead><tbody><tr><td>Topla Oynama<\/td><td>%64<\/td><td>%36<\/td><\/tr><tr><td>\u0130sabetli \u015eut<\/td><td>0<\/td><td>2<\/td><\/tr><tr><td>Toplam \u015eut<\/td><td>7<\/td><td>8<\/td><\/tr><tr><td>Korner<\/td><td>5<\/td><td>3<\/td><\/tr><\/tbody><\/table><\/figure>\n\n\n\n<p>\u0130lk yar\u0131da kalesinde penalt\u0131 gol\u00fc g\u00f6ren Ye\u015fil-Siyahl\u0131lar, ikinci devrede topa daha fazla sahip olmas\u0131na ra\u011fmen net pozisyon \u00fcretemedi. Karol Linetty&#8217;nin \u015eov yerine ilk 11&#8217;de sahaya s\u00fcr\u00fclmesi, oyun plan\u0131nda de\u011fi\u015fikli\u011fe i\u015faret etse de beklenen etkiyi yaratmad\u0131.<\/p>\n\n\n\n<h3 class=\"wp-block-heading\">Kritik Pozisyonlar ve Hakem Kararlar\u0131<\/h3>\n\n\n\n<p>Ma\u00e7\u0131n en \u00e7ok konu\u015fulan an\u0131, 26. dakikada verilen penalt\u0131 karar\u0131 oldu. Smol\u010di\u0107&#8217;in ceza sahas\u0131 i\u00e7indeki pozisyonu, hakem Mehmet T\u00fcrkmen taraf\u0131ndan penalt\u0131 olarak de\u011ferlendirildi. VAR incelemesi sonras\u0131nda karar onayland\u0131 ve Gen\u00e7lerbirli\u011fi 1-0 \u00f6ne ge\u00e7ti.<\/p>\n\n\n\n<p>\u0130kinci yar\u0131da Haidara &#8216;n\u0131n ceza sahas\u0131 d\u0131\u015f\u0131ndan sert \u015futu ve Tayfur Bing\u00f6l&#8217;\u00fcn ara paslar\u0131yla yaratmaya \u00e7al\u0131\u015ft\u0131\u011f\u0131 pozisyonlar, kaleci dire\u011fi veya savunma m\u00fcdahaleleriyle sonu\u00e7suz kald\u0131.<\/p>\n\n\n\n<h2 class=\"wp-block-heading\">Kadro De\u011ferlendirmesi: Eksikler ve Form Durumu<\/h2>\n\n\n\n<p>Teknik direkt\u00f6r Sel\u00e7uk \u0130nan, dar kadro ve sakatl\u0131k sorunlar\u0131yla m\u00fccadele ediyor. Bruno Petkovi\u0107&#8217;in finansal s\u00fcre\u00e7lerle ilgili belirsizli\u011fi, tak\u0131m i\u00e7inde farkl\u0131 alg\u0131lar olu\u015fturabiliyor. <\/p>\n\n\n\n<p><strong>Aktif Kadrodaki \u00d6nemli \u0130simler:<\/strong><\/p>\n\n\n\n<ul class=\"wp-block-list\">\n<li><strong>Savunma:<\/strong> Hrvoje Smol\u010di\u0107, Ahmet O\u011fuz, Anfernee Dijksteel, Massadio Ha\u00efdara<\/li>\n\n\n\n<li><strong>Orta Saha:<\/strong> Karol Linetty, Tayfur Bing\u00f6l, Habib Ke\u00efta, Daniel Agyei<\/li>\n\n\n\n<li><strong>Forvet:<\/strong> Rigoberto Rivas, Serdar Dursun, Darko Churlinov<\/li>\n\n\n\n<li><strong>Kale:<\/strong> Serhat \u00d6zta\u015fdelen, Aleksandar Jovanovi\u0107<\/li>\n<\/ul>\n\n\n\n<p>Smol\u010di\u0107, son haftalarda defansif organizasyonun lideri konumunda. Ancak h\u00fccum hatt\u0131nda yarat\u0131c\u0131l\u0131k eksikli\u011fi, K\u00f6rfez ekibini pozisyon \u00fcretmekte zorluyor.<\/p>\n\n\n\n<h2 class=\"wp-block-heading\">60. Y\u0131l Co\u015fkusu ve Kurumsal Vizyon<\/h2>\n\n\n\n<p>Kocaelispor&#8217;un kurulu\u015funun 60. y\u0131l\u0131, cuma g\u00fcn\u00fc Kongre Merkezi&#8217;nde d\u00fczenlenen t\u00f6renle kutland\u0131. [\u00d6NER\u0130LEN \u0130\u00c7 L\u0130NK: Kul\u00fcp Tarihi] B\u00fcy\u00fck\u015fehir Belediye Ba\u015fkan\u0131 Tahir B\u00fcy\u00fckak\u0131n&#8217;\u0131n da kat\u0131ld\u0131\u011f\u0131 etkinlikte, Kocaeli \u015eehir Tiyatrosu&#8217;nun &#8220;Efsane Forma&#8221; adl\u0131 oyunu b\u00fcy\u00fck be\u011feni toplad\u0131.<\/p>\n\n\n\n<p>Ye\u015fil-Siyahl\u0131 taraftarlar, kul\u00fcb\u00fcn k\u00fcllerinden do\u011fu\u015f hikayesini bir kez daha hat\u0131rlad\u0131. Hodri Meydan! Bu camia, en zor g\u00fcnlerde bile pes etmedi. Yakalad\u0131\u011f\u0131m\u0131z ivme, sadece sahada de\u011fil, kurumsal alanda da hissediliyor.<\/p>\n\n\n\n<h2 class=\"wp-block-heading\">BAL Ligi&#8217;nde \u0130zmit Temsilcisi: Ali Kayaspor<\/h2>\n\n\n\n<p>B\u00f6lgesel Amat\u00f6r Lig&#8217;de Ali Kayaspor, tarihi bir ba\u015far\u0131ya imza atarak BAL&#8217;a y\u00fckseldi. [\u00d6NER\u0130LEN \u0130\u00c7 L\u0130NK: Altyap\u0131 ve Amat\u00f6r Futbol] Nasut Kayal\u0131 Stad\u0131&#8217;nda i\u00e7 saha avantaj\u0131n\u0131 kullanan ekip, teknik direkt\u00f6r Murat Son \u00f6nderli\u011finde hedefini 3. Lig olarak belirledi.<\/p>\n\n\n\n<figure class=\"wp-block-table is-style-stripes has-small-font-size\"><table class=\"has-fixed-layout\"><thead><tr><th>Tak\u0131m<\/th><th>Lig Seviyesi<\/th><th>Stat\u00fc<\/th><\/tr><\/thead><tbody><tr><td>Alikahyaspor<\/td><td>BAL<\/td><td>Y\u00fckseldi<\/td><\/tr><tr><td>\u00c7ay\u0131rovaspor<\/td><td>S\u00fcper Amat\u00f6r<\/td><td>Playoff<\/td><\/tr><tr><td>G\u00f6lc\u00fckspor<\/td><td>BAL<\/td><td>Playoff Favorisi<\/td><\/tr><\/tbody><\/table><\/figure>\n\n\n\n<p>\u0130zmit merkezde profesyonel bir tak\u0131m\u0131n BAL&#8217;da temsil edilmesi, kent futbolu i\u00e7in \u00f6nemli bir kazan\u0131m.<\/p>\n\n\n\n<h2 class=\"wp-block-heading\">Kas\u0131mpa\u015fa Ma\u00e7\u0131 \u00d6ncesi Stratejik Bak\u0131\u015f<\/h2>\n\n\n\n<p>3 May\u0131s Pazar g\u00fcn\u00fc Recep Tayyip Erdo\u011fan Stad\u0131&#8217;nda oynanacak Kas\u0131mpa\u015fa kar\u015f\u0131la\u015fmas\u0131, Ye\u015fil-Siyahl\u0131lar i\u00e7in prestij m\u00fccadelesi niteli\u011finde. Rakip, k\u00fcme d\u00fc\u015fme hatt\u0131n\u0131n hemen \u00fczerinde yer al\u0131yor ve her puana ihtiya\u00e7 duyuyor.<\/p>\n\n\n\n<p><strong>Kas\u0131mpa\u015fa Eksikleri:<\/strong><\/p>\n\n\n\n<ul class=\"wp-block-list\">\n<li>Baldursson (K\u0131rm\u0131z\u0131 kart cezal\u0131s\u0131)<\/li>\n\n\n\n<li>Bir oyuncu sar\u0131 kart s\u0131n\u0131r\u0131nda<\/li>\n<\/ul>\n\n\n\n<p>K\u00f6rfez ekibi, sezonun son deplasman\u0131nda taraftar\u0131na galibiyet hediye etmek istiyor. Savunma hatt\u0131n\u0131n istikrar\u0131, h\u00fccumda ise yarat\u0131c\u0131 dokunu\u015flar anahtar olacak.<\/p>\n\n\n\n<h2 class=\"wp-block-heading\">Kaynak ve Te\u015fekk\u00fcr<\/h2>\n\n\n\n<p>Bu haber, &#8220;Toplarda&#8221; program\u0131n\u0131n 28 Nisan 2026 tarihli yay\u0131n\u0131ndaki analizler derlenerek haz\u0131rlanm\u0131\u015ft\u0131r. Program sunucular\u0131na, katk\u0131 sa\u011flayan t\u00fcm spor yazarlar\u0131na ve Ye\u015fil-Siyahl\u0131 taraftarlara te\u015fekk\u00fcr ederiz. <\/p>\n\n\n\n<hr class=\"wp-block-separator has-alpha-channel-opacity\"\/>\n\n\n\n<p>#Kocaelispor #K\u00f6rfez #Ye\u015filSiyahl\u0131lar #Gen\u00e7lerbirli\u011fi #Kas\u0131mpa\u015fa #Sel\u00e7uk\u0130nan #Smol\u010di\u0107 #AhmetO\u011fuz #Petkovi\u0107 #Rivas #TayfurBing\u00f6l #S\u00fcperLig #BAL #AliKahyaspor #60Y\u0131l<\/p>\n\n\n\n<p>#Kocaelispor60Ya\u015f\u0131nda #HodriMeydan #Ye\u015filSiyahl\u0131Gurur<\/p>\n\n\n\n<hr class=\"wp-block-separator has-alpha-channel-opacity\"\/>\n\n\n\n<ul class=\"wp-block-list\">\n<li>Web Sitemiz 5651 say\u0131l\u0131 kanun \u00e7er\u00e7evesinde faaliyet g\u00f6stermekte olup yay\u0131nlanan i\u00e7eriklerden sorumlu de\u011fildir. Fakat i\u00e7eri\u011fin kanuna ayk\u0131r\u0131 veya telif hakk\u0131 i\u00e7erdi\u011fi ile ilgili yaz\u0131l\u0131 veya dijital bir tebli\u011f almas\u0131 halinde s\u00f6z konusu i\u00e7eri\u011fi kald\u0131rmakla m\u00fckelleftir.<\/li>\n<\/ul>\n","protected":false},"excerpt":{"rendered":"","protected":false},"author":1,"featured_media":8609,"comment_status":"closed","ping_status":"closed","sticky":false,"template":"","format":"standard","meta":{"footnotes":""},"categories":[3,123,14,18,4,15],"tags":[1669,3738,3739,2144,2642,2213,2269,259,3737,2323,2270,1823,48,2205,3226,3740,2916,302,3741,1687,1810,927,3433,143,2117,3735],"class_list":["post-8607","post","type-post","status-publish","format-standard","has-post-thumbnail","hentry","category-kocaelispor","category-kocaeli-tv","category-medya","category-siper-lig","category-turnuva","category-yerel-medya","tag-ahmet-oguz","tag-aleksandar-jovanovic-2","tag-alikahyaspor","tag-anfernee-dijksteel","tag-bruno-petkovic-2","tag-daniel-agyei","tag-darko-churlinov","tag-genclerbirligi","tag-habib-keita-2","tag-hrvoje-smolcic-2","tag-karol-linetty","tag-kasimpasa","tag-kocaelispor","tag-korfez","tag-massadio-haidara-3","tag-mehmet-acik","tag-mehmet-turkmen","tag-murat-son","tag-nasut-kayali-stadi","tag-rigoberto-rivas","tag-selcuk-inan","tag-serdar-dursun","tag-serhat-oztasdelen","tag-tahir-buyukakin","tag-tayfur-bingol-2","tag-top-aglarda-27-nisan-2026-kocaelitv"],"amp_enabled":true,"_links":{"self":[{"href":"https:\/\/www.kocaelispor.tv.tr\/index.php?rest_route=\/wp\/v2\/posts\/8607","targetHints":{"allow":["GET"]}}],"collection":[{"href":"https:\/\/www.kocaelispor.tv.tr\/index.php?rest_route=\/wp\/v2\/posts"}],"about":[{"href":"https:\/\/www.kocaelispor.tv.tr\/index.php?rest_route=\/wp\/v2\/types\/post"}],"author":[{"embeddable":true,"href":"https:\/\/www.kocaelispor.tv.tr\/index.php?rest_route=\/wp\/v2\/users\/1"}],"replies":[{"embeddable":true,"href":"https:\/\/www.kocaelispor.tv.tr\/index.php?rest_route=%2Fwp%2Fv2%2Fcomments&post=8607"}],"version-history":[{"count":2,"href":"https:\/\/www.kocaelispor.tv.tr\/index.php?rest_route=\/wp\/v2\/posts\/8607\/revisions"}],"predecessor-version":[{"id":8611,"href":"https:\/\/www.kocaelispor.tv.tr\/index.php?rest_route=\/wp\/v2\/posts\/8607\/revisions\/8611"}],"wp:featuredmedia":[{"embeddable":true,"href":"https:\/\/www.kocaelispor.tv.tr\/index.php?rest_route=\/wp\/v2\/media\/8609"}],"wp:attachment":[{"href":"https:\/\/www.kocaelispor.tv.tr\/index.php?rest_route=%2Fwp%2Fv2%2Fmedia&parent=8607"}],"wp:term":[{"taxonomy":"category","embeddable":true,"href":"https:\/\/www.kocaelispor.tv.tr\/index.php?rest_route=%2Fwp%2Fv2%2Fcategories&post=8607"},{"taxonomy":"post_tag","embeddable":true,"href":"https:\/\/www.kocaelispor.tv.tr\/index.php?rest_route=%2Fwp%2Fv2%2Ftags&post=8607"}],"curies":[{"name":"wp","href":"https:\/\/api.w.org\/{rel}","templated":true}]}}