{"id":8601,"date":"2026-04-29T12:11:12","date_gmt":"2026-04-29T09:11:12","guid":{"rendered":"https:\/\/www.kocaelispor.tv.tr\/?p=8601"},"modified":"2026-04-29T12:11:18","modified_gmt":"2026-04-29T09:11:18","slug":"selcuk-inan-kocaelisporun-sezon-sonu-hedefini-acikladi-28-nisan-2026-ajansspor","status":"publish","type":"post","link":"https:\/\/www.kocaelispor.tv.tr\/?p=8601","title":{"rendered":"Sel\u00e7uk \u0130nan, Kocaelispor&#8217;un sezon sonu hedefini a\u00e7\u0131klad\u0131! 28 Nisan 2026 @Ajansspor"},"content":{"rendered":"<figure class=\"wp-block-embed-youtube wp-block-embed is-type-video is-provider-youtube wp-embed-aspect-16-9 wp-has-aspect-ratio\"><div class=\"lyte-wrapper\" style=\"width:640px;max-width:100%;margin:5px auto;\"><div class=\"lyMe hidef\" id=\"WYL_DGADn5Yl37g\"><div id=\"lyte_DGADn5Yl37g\" data-src=\"https:\/\/www.kocaelispor.tv.tr\/wp-content\/plugins\/wp-youtube-lyte\/lyteCache.php?origThumbUrl=%2F%2Fi.ytimg.com%2Fvi%2FDGADn5Yl37g%2Fhqdefault.jpg\" class=\"pL\"><div class=\"tC\"><div class=\"tT\"><\/div><\/div><div class=\"play\"><\/div><div class=\"ctrl\"><div class=\"Lctrl\"><\/div><div class=\"Rctrl\"><\/div><\/div><\/div><noscript><a href=\"https:\/\/youtu.be\/DGADn5Yl37g\" rel=\"nofollow noopener\" target=\"_blank\"><img loading=\"lazy\" decoding=\"async\" src=\"https:\/\/www.kocaelispor.tv.tr\/wp-content\/plugins\/wp-youtube-lyte\/lyteCache.php?origThumbUrl=https%3A%2F%2Fi.ytimg.com%2Fvi%2FDGADn5Yl37g%2F0.jpg\" alt=\"YouTube video thumbnail\" width=\"640\" height=\"340\" title=\"\"><\/a><\/noscript><\/div><\/div><div class=\"lL\" style=\"max-width:100%;width:640px;margin:5px auto;\"> <a href=\"https:\/\/youtu.be\/DGADn5Yl37g\" target=\"_blank\" rel=\"noopener\">Watch this video on YouTube<\/a>.<br\/><span class=\"lyte_disclaimer\">*** Sitemizde payla\u015f\u0131lan videolar\u0131n t\u00fcm sorumlulu\u011fu, video \u2018nun yay\u0131nc\u0131s\u0131na aittir. ***<\/span><\/div><figcaption><\/figcaption><\/figure>\n\n\n<!--more-->\n\n\n\n<p>Trendyol S\u00fcper Lig&#8217;in 32. haftas\u0131na oyuncular\u0131n\u0131 haz\u0131rlayan Kocaelispor Teknik Direkt\u00f6r\u00fc Sel\u00e7uk \u0130nan, &#8220;E\u011fer kalan ma\u00e7lar\u0131m\u0131z\u0131 kazan\u0131rsak ligi 8. ya da 7. bitirme ihtimalimiz de var. Bu bizim i\u00e7in \u00e7ok \u00f6nemli&#8221; dedi.<\/p>\n\n\n\n<hr class=\"wp-block-separator has-alpha-channel-opacity\"\/>\n\n\n\n<h1 class=\"wp-block-heading\"><strong>Sel\u00e7uk \u0130nan\u2019dan Net Mesaj: &#8220;Kalan T\u00fcm Ma\u00e7lar\u0131 Kazan\u0131p Ligi \u00dcst S\u0131ralarda Bitirece\u011fiz&#8221;<\/strong><\/h1>\n\n\n\n<p>Trendyol S\u00fcper Lig\u2019in 32. haftas\u0131nda deplasmanda Kas\u0131mpa\u015fa ile kozlar\u0131n\u0131 payla\u015facak olan Kocaelispor\u2019da Teknik Direkt\u00f6r Sel\u00e7uk \u0130nan, antrenman \u00f6ncesi bas\u0131n mensuplar\u0131na hedeflerini anlatt\u0131. Gen\u00e7 teknik adam, ligin son d\u00fczl\u00fc\u011f\u00fcnde puan tablosundaki yerlerini yukar\u0131 \u00e7ekmek i\u00e7in kararl\u0131 olduklar\u0131n\u0131 vurgulad\u0131.<\/p>\n\n\n\n<h3 class=\"wp-block-heading\">&#8220;Mental Haz\u0131rl\u0131k Taktik Kadar \u00d6nemli&#8221;<\/h3>\n\n\n\n<p>Ligin uzun ve yorucu bir maraton oldu\u011funa dikkat \u00e7eken Sel\u00e7uk \u0130nan, oyuncular \u00fczerindeki fiziksel y\u00fck\u00fcn fark\u0131nda olduklar\u0131n\u0131 belirtti. Son oynanan Gen\u00e7lerbirli\u011fi ma\u00e7\u0131na de\u011finen \u0130nan, &#8220;Taktiksel olarak ne kadar haz\u0131rlan\u0131rsan\u0131z haz\u0131rlan\u0131n, e\u011fer mental olarak sahada de\u011filseniz s\u0131k\u0131nt\u0131 ya\u015f\u0131yorsunuz. Gen\u00e7lerbirli\u011fi kar\u015f\u0131s\u0131nda galibiyete daha yak\u0131n olan taraft\u0131k ama olmad\u0131. \u015eimdi \u00f6n\u00fcm\u00fczde \u00e7ok daha kritik bir Kas\u0131mpa\u015fa ma\u00e7\u0131 var&#8221; dedi.<\/p>\n\n\n\n<p>Kas\u0131mpa\u015fa&#8217;n\u0131n g\u00fc\u00e7l\u00fc bir kadroya sahip oldu\u011funu hat\u0131rlatan ba\u015far\u0131l\u0131 hoca, rakiplerinin de bir &#8220;final&#8221; havas\u0131nda ma\u00e7a \u00e7\u0131kaca\u011f\u0131n\u0131 ancak Ye\u015fil-Siyahl\u0131 ekibin tek amac\u0131n\u0131n 3 puan oldu\u011funu ifade etti.<\/p>\n\n\n\n<h3 class=\"wp-block-heading\">Hedef \u0130lk 7: &#8220;Bu \u015eehir Bunun Alt\u0131ndan Kalkar&#8221;<\/h3>\n\n\n\n<p>Kocaelispor\u2019un 16 y\u0131l aradan sonra S\u00fcper Lig\u2019e d\u00f6nmesinin getirdi\u011fi zorluklar\u0131 hat\u0131rlatan Sel\u00e7uk \u0130nan, sezon sonu hedefini \u015fu s\u00f6zlerle \u00e7izdi:<\/p>\n\n\n\n<blockquote class=\"wp-block-quote is-layout-flow wp-block-quote-is-layout-flow\">\n<p>&#8220;Ge\u00e7 gelen transferler ve ilk haftalarda ya\u015fanan olumsuzluklara ra\u011fmen tak\u0131m\u0131n m\u00fccadelesinden memnunum. \u015eu an bulundu\u011fumuz konum bizim i\u00e7in de\u011ferli. E\u011fer kalan ma\u00e7lar\u0131m\u0131z\u0131 kazan\u0131rsak ligi 7. veya 8. s\u0131rada bitirme ihtimalimiz var. Bu bizim i\u00e7in \u00e7ok \u00f6nemli bir motivasyon kayna\u011f\u0131.&#8221;<\/p>\n<\/blockquote>\n\n\n\n<h3 class=\"wp-block-heading\">&#8220;S\u0131k\u0131nt\u0131lar\u0131m\u0131z Var Ama Bahane De\u011fil&#8221;<\/h3>\n\n\n\n<p>Kul\u00fcb\u00fcn ekonomik ve idari s\u00fcre\u00e7lerine de de\u011finen \u0130nan, Belediye Ba\u015fkan\u0131 ve kul\u00fcp y\u00f6netiminin b\u00fcy\u00fck bir \u00e7aba sarf etti\u011fini g\u00f6rd\u00fc\u011f\u00fcn\u00fc s\u00f6yledi. Transfer d\u00f6nemi ve limitlerin \u00f6nemine dikkat \u00e7eken teknik direkt\u00f6r, &#8220;Oyuncular\u0131n planlamalar\u0131 ve aileleri var, baz\u0131 s\u0131k\u0131nt\u0131lar ya\u015fanabiliyor ama \u015fehir olarak biz bunun alt\u0131ndan kalkabilecek g\u00fc\u00e7teyiz&#8221; diyerek camiaya birlik mesaj\u0131 verdi.<\/p>\n\n\n\n<p>Bu haber, Ajansspor muhabirlerinin saha kenar\u0131ndaki r\u00f6portajlar\u0131ndan derlenmi\u015ftir. De\u011ferli analizleri i\u00e7in Kocaelispor Teknik Direkt\u00f6r\u00fc <strong>Sel\u00e7uk \u0130nan<\/strong>&#8216;a te\u015fekk\u00fcr ederiz.<\/p>\n\n\n\n<p> #Kocaelispor #Sel\u00e7uk\u0130nan #K\u00f6rfez #TrendyolS\u00fcperLig #Hedef7 #Ye\u015filSiyah<\/p>\n\n\n\n<hr class=\"wp-block-separator has-alpha-channel-opacity\"\/>\n\n\n\n<ul class=\"wp-block-list\">\n<li>Web Sitemiz 5651 say\u0131l\u0131 kanun \u00e7er\u00e7evesinde faaliyet g\u00f6stermekte olup yay\u0131nlanan i\u00e7eriklerden sorumlu de\u011fildir. Fakat i\u00e7eri\u011fin kanuna ayk\u0131r\u0131 veya telif hakk\u0131 i\u00e7erdi\u011fi ile ilgili yaz\u0131l\u0131 veya dijital bir tebli\u011f almas\u0131 halinde s\u00f6z konusu i\u00e7eri\u011fi kald\u0131rmakla m\u00fckelleftir.<\/li>\n<\/ul>\n","protected":false},"excerpt":{"rendered":"","protected":false},"author":1,"featured_media":8603,"comment_status":"closed","ping_status":"closed","sticky":false,"template":"","format":"standard","meta":{"footnotes":""},"categories":[3,113,25,5,14,18,28,4,16],"tags":[259,115,1823,48,3723,2205,1810,2215,2211],"class_list":["post-8601","post","type-post","status-publish","format-standard","has-post-thumbnail","hentry","category-kocaelispor","category-ajansspor","category-kulup","category-lig","category-medya","category-siper-lig","category-teknik-heyet","category-turnuva","category-ulusal-medya","tag-genclerbirligi","tag-hodri-meydan","tag-kasimpasa","tag-kocaelispor","tag-kocaelisporun-sezon-sonu-hedefini-acikladi-28-nisan-2026-ajansspor","tag-korfez","tag-selcuk-inan","tag-super-lig-puan-durumu","tag-trendyol-super-lig"],"amp_enabled":true,"_links":{"self":[{"href":"https:\/\/www.kocaelispor.tv.tr\/index.php?rest_route=\/wp\/v2\/posts\/8601","targetHints":{"allow":["GET"]}}],"collection":[{"href":"https:\/\/www.kocaelispor.tv.tr\/index.php?rest_route=\/wp\/v2\/posts"}],"about":[{"href":"https:\/\/www.kocaelispor.tv.tr\/index.php?rest_route=\/wp\/v2\/types\/post"}],"author":[{"embeddable":true,"href":"https:\/\/www.kocaelispor.tv.tr\/index.php?rest_route=\/wp\/v2\/users\/1"}],"replies":[{"embeddable":true,"href":"https:\/\/www.kocaelispor.tv.tr\/index.php?rest_route=%2Fwp%2Fv2%2Fcomments&post=8601"}],"version-history":[{"count":2,"href":"https:\/\/www.kocaelispor.tv.tr\/index.php?rest_route=\/wp\/v2\/posts\/8601\/revisions"}],"predecessor-version":[{"id":8605,"href":"https:\/\/www.kocaelispor.tv.tr\/index.php?rest_route=\/wp\/v2\/posts\/8601\/revisions\/8605"}],"wp:featuredmedia":[{"embeddable":true,"href":"https:\/\/www.kocaelispor.tv.tr\/index.php?rest_route=\/wp\/v2\/media\/8603"}],"wp:attachment":[{"href":"https:\/\/www.kocaelispor.tv.tr\/index.php?rest_route=%2Fwp%2Fv2%2Fmedia&parent=8601"}],"wp:term":[{"taxonomy":"category","embeddable":true,"href":"https:\/\/www.kocaelispor.tv.tr\/index.php?rest_route=%2Fwp%2Fv2%2Fcategories&post=8601"},{"taxonomy":"post_tag","embeddable":true,"href":"https:\/\/www.kocaelispor.tv.tr\/index.php?rest_route=%2Fwp%2Fv2%2Ftags&post=8601"}],"curies":[{"name":"wp","href":"https:\/\/api.w.org\/{rel}","templated":true}]}}