{"id":8597,"date":"2026-04-29T12:04:51","date_gmt":"2026-04-29T09:04:51","guid":{"rendered":"https:\/\/www.kocaelispor.tv.tr\/?p=8597"},"modified":"2026-04-29T12:04:55","modified_gmt":"2026-04-29T09:04:55","slug":"serdar-dursun-kocaelispordan-ayriliyor-mu-flas-aciklama-28-nisan-2026-ajansspor","status":"publish","type":"post","link":"https:\/\/www.kocaelispor.tv.tr\/?p=8597","title":{"rendered":"Serdar Dursun, Kocaelispor\u2019dan ayr\u0131l\u0131yor mu? Fla\u015f a\u00e7\u0131klama&#8230; 28 Nisan 2026 @Ajansspor"},"content":{"rendered":"<figure class=\"wp-block-embed-youtube wp-block-embed is-type-video is-provider-youtube wp-embed-aspect-16-9 wp-has-aspect-ratio\"><div class=\"lyte-wrapper\" style=\"width:640px;max-width:100%;margin:5px auto;\"><div class=\"lyMe hidef\" id=\"WYL_nLr6jJ5Wc4o\"><div id=\"lyte_nLr6jJ5Wc4o\" data-src=\"https:\/\/www.kocaelispor.tv.tr\/wp-content\/plugins\/wp-youtube-lyte\/lyteCache.php?origThumbUrl=%2F%2Fi.ytimg.com%2Fvi%2FnLr6jJ5Wc4o%2Fhqdefault.jpg\" class=\"pL\"><div class=\"tC\"><div class=\"tT\"><\/div><\/div><div class=\"play\"><\/div><div class=\"ctrl\"><div class=\"Lctrl\"><\/div><div class=\"Rctrl\"><\/div><\/div><\/div><noscript><a href=\"https:\/\/youtu.be\/nLr6jJ5Wc4o\" rel=\"nofollow noopener\" target=\"_blank\"><img loading=\"lazy\" decoding=\"async\" src=\"https:\/\/www.kocaelispor.tv.tr\/wp-content\/plugins\/wp-youtube-lyte\/lyteCache.php?origThumbUrl=https%3A%2F%2Fi.ytimg.com%2Fvi%2FnLr6jJ5Wc4o%2F0.jpg\" alt=\"YouTube video thumbnail\" width=\"640\" height=\"340\" title=\"\"><\/a><\/noscript><\/div><\/div><div class=\"lL\" style=\"max-width:100%;width:640px;margin:5px auto;\"> <a href=\"https:\/\/youtu.be\/nLr6jJ5Wc4o\" target=\"_blank\" rel=\"noopener\">Watch this video on YouTube<\/a>.<br\/><span class=\"lyte_disclaimer\">*** Sitemizde payla\u015f\u0131lan videolar\u0131n t\u00fcm sorumlulu\u011fu, video \u2018nun yay\u0131nc\u0131s\u0131na aittir. ***<\/span><\/div><figcaption><\/figcaption><\/figure>\n\n\n<!--more-->\n\n\n\n<p>Trendyol S\u00fcper Lig&#8217;in 32. haftas\u0131nda Kas\u0131mpa\u015fa ile kar\u015f\u0131la\u015facak olan Kocaelispor&#8217;da Serdar Dursun, ma\u00e7 \u00f6ncesi yapt\u0131\u011f\u0131 a\u00e7\u0131klamada, her ma\u00e7ta sahaya \u00fc\u00e7 puan hedefiyle \u00e7\u0131kt\u0131klar\u0131n\u0131 ifade ederek, sezon sonu s\u00f6zle\u015fmesinin bitece\u011fini ve baz\u0131 kul\u00fcplerin kendisiyle ileti\u015fime ge\u00e7ti\u011fini s\u00f6yledi.<\/p>\n\n\n\n<hr class=\"wp-block-separator has-alpha-channel-opacity\"\/>\n\n\n\n<h1 class=\"wp-block-heading\"><strong>Serdar Dursun&#8217;dan Gelecek Mesaj\u0131: &#8220;Teklifler Var Ama Buray\u0131 \u00c7ok Sevdim&#8221;<\/strong><\/h1>\n\n\n\n<p>Kocaelispor\u2019un tecr\u00fcbeli golc\u00fcs\u00fc Serdar Dursun, kritik Kas\u0131mpa\u015fa ma\u00e7\u0131 \u00f6ncesinde hem tak\u0131mdaki gelece\u011fi hem de performans\u0131yla ilgili samimi a\u00e7\u0131klamalarda bulundu. Sezon sonu s\u00f6zle\u015fmesi bitecek olan golc\u00fc oyuncu, transfer tekliflerini do\u011frularken \u00f6nceli\u011finin K\u00f6rfez ekibi oldu\u011funu hissettirdi.<\/p>\n\n\n\n<h3 class=\"wp-block-heading\">&#8220;Kocaelispor Formas\u0131yla Sahaya Her Zaman 3 Puan \u0130\u00e7in \u00c7\u0131kar\u0131z&#8221;<\/h3>\n\n\n\n<p>Ligin kaderini belirleyecek haftalara girilirken, Kas\u0131mpa\u015fa m\u00fccadelesi \u00f6ncesi konu\u015fan Serdar Dursun, rakiplerin durumundan ziyade kendi oyunlar\u0131na odakland\u0131klar\u0131n\u0131 vurgulad\u0131. &#8220;Bizim g\u00f6revimiz her ma\u00e7\u0131 kazanmak&#8221; diyen tecr\u00fcbeli santrafor, Gen\u00e7lerbirli\u011fi ma\u00e7\u0131ndaki hakem y\u00f6netiminden ve rakibin zaman ge\u00e7irme \u00e7abalar\u0131ndan duydu\u011fu rahats\u0131zl\u0131\u011f\u0131 da dile getirdi.<\/p>\n\n\n\n<p>Dursun, &#8220;Kas\u0131mpa\u015fa ma\u00e7\u0131 zor ge\u00e7ecek, onlar\u0131n da puana ihtiyac\u0131 var ama biz 36 olan puan\u0131m\u0131z\u0131 39\u2019a y\u00fckseltmek istiyoruz. Keyifli ve bol goll\u00fc bir ma\u00e7 bekliyorum&#8221; ifadelerini kulland\u0131.<\/p>\n\n\n\n<h3 class=\"wp-block-heading\">Golc\u00fcden Transfer \u0130tiraf\u0131: &#8220;Yurt \u0130\u00e7i ve Yurt D\u0131\u015f\u0131ndan Arayanlar Var&#8221;<\/h3>\n\n\n\n<p>Ye\u015fil-Siyahl\u0131 taraftarlar\u0131n en \u00e7ok merak etti\u011fi konu olan s\u00f6zle\u015fme durumuna da a\u00e7\u0131kl\u0131k getiren Serdar Dursun, K\u00f6rfez camias\u0131na olan aidiyetini \u015fu s\u00f6zlerle anlatt\u0131:<\/p>\n\n\n\n<blockquote class=\"wp-block-quote is-layout-flow wp-block-quote-is-layout-flow\">\n<p>&#8220;Kocaelispor\u2019u ilk g\u00fcnden beri sevdim. Kendimi buraya ait hissediyorum. S\u00f6zle\u015fmem 3 hafta sonra bitiyor ve do\u011fal olarak yurt i\u00e7i ile yurt d\u0131\u015f\u0131ndan bir\u00e7ok tak\u0131m ar\u0131yor. Hen\u00fcz kimseye &#8216;evet&#8217; demedim; Haziran ay\u0131nda konu\u015furuz diyoruz. Kul\u00fcb\u00fcn uzatma isteyip istemeyece\u011fine g\u00f6re sezon sonunda yolumuzu \u00e7izece\u011fiz.&#8221;<\/p>\n<\/blockquote>\n\n\n\n<h3 class=\"wp-block-heading\">Verimlilikte Zirve: &#8220;10 \u015eutun 7&#8217;si Gol Oldu&#8221;<\/h3>\n\n\n\n<p>Sezonun 6. haftas\u0131nda tak\u0131ma kat\u0131ld\u0131\u011f\u0131nda yaln\u0131zca 1 puan\u0131 olan Kocaelispor\u2019un bug\u00fcn geldi\u011fi noktada b\u00fcy\u00fck pay sahibi olan Serdar Dursun, bireysel istatistiklerini de payla\u015ft\u0131. Tak\u0131m arkada\u015f\u0131 <strong>Bruno Petkovic<\/strong> ile birlikte \u00e7ok fazla pozisyona girememelerine ra\u011fmen y\u00fcksek bitiricilikle oynad\u0131\u011f\u0131n\u0131 belirten Dursun, istatistiklerini \u015f\u00f6yle \u00f6zetledi:<\/p>\n\n\n\n<p>Hedefinin kalan 3 ma\u00e7ta 3 gol daha atarak 10 gol baraj\u0131n\u0131 a\u015fmak oldu\u011funu s\u00f6yleyen y\u0131ld\u0131z oyuncu, Milli Tak\u0131m hayallerinin de s\u00fcrd\u00fc\u011f\u00fcn\u00fc ifade etti.<\/p>\n\n\n\n<p><strong>Kaynak ve Te\u015fekk\u00fcr<\/strong><\/p>\n\n\n\n<p>Bu haber, Ajansspor taraf\u0131ndan ger\u00e7ekle\u015ftirilen \u00f6zel r\u00f6portaj ve saha kenar\u0131 a\u00e7\u0131klamalar\u0131ndan derlenmi\u015ftir. De\u011ferli a\u00e7\u0131klamalar\u0131 i\u00e7in Kocaelispor santraforu <strong>Serdar Dursun<\/strong>&#8216;a te\u015fekk\u00fcr ederiz.<\/p>\n\n\n\n<p> #Kocaelispor #SerdarDursun #K\u00f6rfez #TrendyolS\u00fcperLig #Transfer #HodriMeydan #BrunoPetkovic<\/p>\n\n\n\n<hr class=\"wp-block-separator has-alpha-channel-opacity\"\/>\n\n\n\n<ul class=\"wp-block-list\">\n<li>Web Sitemiz 5651 say\u0131l\u0131 kanun \u00e7er\u00e7evesinde faaliyet g\u00f6stermekte olup yay\u0131nlanan i\u00e7eriklerden sorumlu de\u011fildir. Fakat i\u00e7eri\u011fin kanuna ayk\u0131r\u0131 veya telif hakk\u0131 i\u00e7erdi\u011fi ile ilgili yaz\u0131l\u0131 veya dijital bir tebli\u011f almas\u0131 halinde s\u00f6z konusu i\u00e7eri\u011fi kald\u0131rmakla m\u00fckelleftir.<\/li>\n<\/ul>\n","protected":false},"excerpt":{"rendered":"","protected":false},"author":1,"featured_media":8599,"comment_status":"closed","ping_status":"closed","sticky":false,"template":"","format":"standard","meta":{"footnotes":""},"categories":[3,113,26,14,18,4,16],"tags":[2324,115,2270,1823,48,3720,2205,927,950,2211],"class_list":["post-8597","post","type-post","status-publish","format-standard","has-post-thumbnail","hentry","category-kocaelispor","category-ajansspor","category-futbolcular","category-medya","category-siper-lig","category-turnuva","category-ulusal-medya","tag-bruno-petkovic","tag-hodri-meydan","tag-karol-linetty","tag-kasimpasa","tag-kocaelispor","tag-kocaelispordan-ayriliyor-mu-flas-aciklama-28-nisan-2026-ajansspor","tag-korfez","tag-serdar-dursun","tag-transfer-haberleri","tag-trendyol-super-lig"],"amp_enabled":true,"_links":{"self":[{"href":"https:\/\/www.kocaelispor.tv.tr\/index.php?rest_route=\/wp\/v2\/posts\/8597","targetHints":{"allow":["GET"]}}],"collection":[{"href":"https:\/\/www.kocaelispor.tv.tr\/index.php?rest_route=\/wp\/v2\/posts"}],"about":[{"href":"https:\/\/www.kocaelispor.tv.tr\/index.php?rest_route=\/wp\/v2\/types\/post"}],"author":[{"embeddable":true,"href":"https:\/\/www.kocaelispor.tv.tr\/index.php?rest_route=\/wp\/v2\/users\/1"}],"replies":[{"embeddable":true,"href":"https:\/\/www.kocaelispor.tv.tr\/index.php?rest_route=%2Fwp%2Fv2%2Fcomments&post=8597"}],"version-history":[{"count":1,"href":"https:\/\/www.kocaelispor.tv.tr\/index.php?rest_route=\/wp\/v2\/posts\/8597\/revisions"}],"predecessor-version":[{"id":8600,"href":"https:\/\/www.kocaelispor.tv.tr\/index.php?rest_route=\/wp\/v2\/posts\/8597\/revisions\/8600"}],"wp:featuredmedia":[{"embeddable":true,"href":"https:\/\/www.kocaelispor.tv.tr\/index.php?rest_route=\/wp\/v2\/media\/8599"}],"wp:attachment":[{"href":"https:\/\/www.kocaelispor.tv.tr\/index.php?rest_route=%2Fwp%2Fv2%2Fmedia&parent=8597"}],"wp:term":[{"taxonomy":"category","embeddable":true,"href":"https:\/\/www.kocaelispor.tv.tr\/index.php?rest_route=%2Fwp%2Fv2%2Fcategories&post=8597"},{"taxonomy":"post_tag","embeddable":true,"href":"https:\/\/www.kocaelispor.tv.tr\/index.php?rest_route=%2Fwp%2Fv2%2Ftags&post=8597"}],"curies":[{"name":"wp","href":"https:\/\/api.w.org\/{rel}","templated":true}]}}