{"id":8589,"date":"2026-04-29T11:51:01","date_gmt":"2026-04-29T08:51:01","guid":{"rendered":"https:\/\/www.kocaelispor.tv.tr\/?p=8589"},"modified":"2026-04-29T11:51:05","modified_gmt":"2026-04-29T08:51:05","slug":"3-devre-27-nisan-2026-3-devre-tv41","status":"publish","type":"post","link":"https:\/\/www.kocaelispor.tv.tr\/?p=8589","title":{"rendered":"3.DEVRE 27 Nisan 2026 3.DEVRE @tv41"},"content":{"rendered":"<figure class=\"wp-block-embed-youtube wp-block-embed is-type-video is-provider-youtube wp-embed-aspect-4-3 wp-has-aspect-ratio\"><div class=\"lyte-wrapper\" style=\"width:640px;max-width:100%;margin:5px auto;\"><div class=\"lyMe hidef\" id=\"WYL_9oGQaBuI6bk\"><div id=\"lyte_9oGQaBuI6bk\" data-src=\"https:\/\/www.kocaelispor.tv.tr\/wp-content\/plugins\/wp-youtube-lyte\/lyteCache.php?origThumbUrl=%2F%2Fi.ytimg.com%2Fvi%2F9oGQaBuI6bk%2Fhqdefault.jpg\" class=\"pL\"><div class=\"tC\"><div class=\"tT\"><\/div><\/div><div class=\"play\"><\/div><div class=\"ctrl\"><div class=\"Lctrl\"><\/div><div class=\"Rctrl\"><\/div><\/div><\/div><noscript><a href=\"https:\/\/youtu.be\/9oGQaBuI6bk\" rel=\"nofollow noopener\" target=\"_blank\"><img loading=\"lazy\" decoding=\"async\" src=\"https:\/\/www.kocaelispor.tv.tr\/wp-content\/plugins\/wp-youtube-lyte\/lyteCache.php?origThumbUrl=https%3A%2F%2Fi.ytimg.com%2Fvi%2F9oGQaBuI6bk%2F0.jpg\" alt=\"YouTube video thumbnail\" width=\"640\" height=\"340\" title=\"\"><\/a><\/noscript><\/div><\/div><div class=\"lL\" style=\"max-width:100%;width:640px;margin:5px auto;\"> <a href=\"https:\/\/youtu.be\/9oGQaBuI6bk\" target=\"_blank\" rel=\"noopener\">Watch this video on YouTube<\/a>.<br\/><span class=\"lyte_disclaimer\">*** Sitemizde payla\u015f\u0131lan videolar\u0131n t\u00fcm sorumlulu\u011fu, video \u2018nun yay\u0131nc\u0131s\u0131na aittir. ***<\/span><\/div><figcaption><\/figcaption><\/figure>\n\n\n<!--more-->\n\n\n\n<p><strong>K\u00f6rfez\u2019de Ba\u015far\u0131 ve Hayal K\u0131r\u0131kl\u0131\u011f\u0131 Bir Arada: &#8220;Kocaelispor\u2019un Ruhu Sahada De\u011fildi!&#8221;<\/strong><\/p>\n\n\n\n<p>Trendyol 1. Lig\u2019de hedefsiz kalan ve prestij m\u00fccadelelerine \u00e7\u0131kan Kocaelispor, Ankara deplasman\u0131ndan eli bo\u015f d\u00f6nd\u00fc. Gen\u00e7lerbirli\u011fi kar\u015f\u0131s\u0131nda al\u0131nan 1-0\u2019l\u0131k ma\u011flubiyetten ziyade, sahadaki &#8220;vurdumduymaz&#8221; futbol ve 6 haftal\u0131k galibiyet hasreti camiay\u0131 d\u00fc\u015f\u00fcnd\u00fcr\u00fcyor. TV41 ekranlar\u0131nda yay\u0131nlanan &#8220;3. Devre&#8221; program\u0131nda Selim Ery\u0131lmaz, Cem Sinan Verg\u00fcl ve Murat Son; K\u00f6rfez\u2019in son durumunu masaya yat\u0131rd\u0131.<\/p>\n\n\n\n<h3 class=\"wp-block-heading\"><strong>Ankara\u2019da Ruhsuz Bir K\u00f6rfez: &#8220;Bu Kadro K\u0131s\u0131tl\u0131 De\u011fil!&#8221;<\/strong><\/h3>\n\n\n\n<p>Gen\u00e7lerbirli\u011fi ma\u00e7\u0131nda topla oynama oran\u0131nda %64\u2019e %36\u2019l\u0131k bir \u00fcst\u00fcnl\u00fck kurulmas\u0131na ra\u011fmen, Kocaelispor\u2019un kaleyi bulan \u015futunun olmamas\u0131 barda\u011f\u0131 ta\u015f\u0131ran son damla oldu. Teknik direkt\u00f6r Sel\u00e7uk \u0130nan\u2019\u0131n &#8220;kadro k\u0131s\u0131tl\u0131l\u0131\u011f\u0131&#8221; ve &#8220;finansal s\u0131k\u0131nt\u0131lar&#8221; \u00fczerine yapt\u0131\u011f\u0131 a\u00e7\u0131klamalara sert ele\u015ftiriler geldi.<\/p>\n\n\n\n<p>Eski futbolcumuz Cem Sinan Verg\u00fcl, &#8220;1 milyar 100 milyon lira harcayan bir tak\u0131m k\u0131s\u0131tl\u0131 kadro bahanesine s\u0131\u011f\u0131namaz. Bu bir tercihtir. E\u011fer elinizde bu b\u00fct\u00e7e varsa, alternatifi siz yaratmal\u0131yd\u0131n\u0131z,&#8221; diyerek teknik heyete mesaj g\u00f6nderdi. \u00d6te yandan, Petkovic gibi oyunculara \u00f6demelerin yap\u0131l\u0131p mevcut kadronun geri kalan\u0131n\u0131n bekletilmesinin tak\u0131m i\u00e7indeki &#8220;homojen&#8221; yap\u0131y\u0131 bozdu\u011fu vurguland\u0131.<\/p>\n\n\n\n<h3 class=\"wp-block-heading\"><strong>Alikahya Belediyespor\u2019dan Tarihi Ba\u015far\u0131: B\u00f6lgesel Amat\u00f6r Lig Geliyor!<\/strong><\/h3>\n\n\n\n<p>Kocaelispor\u2019un durgunlu\u011funa inat, \u0130zmit merkezden m\u00fcjdeli haber geldi. Murat Son y\u00f6netimindeki Alikahya Belediyespor, Play-off grubunu \u015fampiyon tamamlayarak B\u00f6lgesel Amat\u00f6r Lig\u2019e (BAL) y\u00fckseldi. \u0130zmit merkezden 13 y\u0131l sonra bir tak\u0131m\u0131n bu ba\u015far\u0131y\u0131 yakalamas\u0131 \u015fehirde b\u00fcy\u00fck sevin\u00e7 yaratt\u0131.<\/p>\n\n\n\n<p>Murat Son, ba\u015far\u0131n\u0131n s\u0131rr\u0131n\u0131 &#8220;Kocaelispor stad\u0131n\u0131n o b\u00f6lgeye yap\u0131lmas\u0131yla gen\u00e7lerimiz spordan uzakla\u015fm\u0131\u015ft\u0131. Biz 400 gencimizi yeniden sahaya \u00e7ektik. Bu ba\u015far\u0131 sadece bir \u00fcst lig de\u011fil, bir sosyal sorumluluk zaferidir,&#8221; s\u00f6zleriyle \u00f6zetledi.<\/p>\n\n\n\n<h3 class=\"wp-block-heading\"><strong>60. Y\u0131l Etkinliklerine &#8220;Vefa&#8221; Ele\u015ftirisi<\/strong><\/h3>\n\n\n\n<p>Ye\u015fil-Siyahl\u0131 ekibimizin 60. kurulu\u015f y\u0131ld\u00f6n\u00fcm\u00fc kutlamalar\u0131 kapsam\u0131nda sahnelenen tiyatro oyunu be\u011feni toplasa da, davetli listesi s\u0131n\u0131fta kald\u0131. \u015eehrin ya\u015fayan efsaneleri Ya\u015far Alt\u0131nta\u015f ve Ceyhun G\u00fcray gibi isimlerin organizasyonda yer almamas\u0131 &#8220;vefas\u0131zl\u0131k&#8221; olarak nitelendirildi. &#8220;Formay\u0131 tan\u0131t\u0131yorsunuz ama o formay\u0131 terletenler trib\u00fcnde bile yok,&#8221; ele\u015ftirisi program\u0131n en dikkat \u00e7eken ba\u015fl\u0131klar\u0131ndand\u0131.<\/p>\n\n\n\n<h3 class=\"wp-block-heading\"><strong>G\u00f6zler Kas\u0131mpa\u015fa Deplasmanda<\/strong><\/h3>\n\n\n\n<p>Haftaya Pazar g\u00fcn\u00fc saat 20:00\u2019de Kas\u0131mpa\u015fa ile kar\u015f\u0131la\u015facak olan Ye\u015fil-Siyahl\u0131lar, galibiyet hasretine son vermek istiyor. Ancak sahadaki mental yorgunluk ve hedefsizlik, Hodri Meydan taraftar\u0131n\u0131 endi\u015felendiriyor.<\/p>\n\n\n\n<p><strong>Kaynak ve Te\u015fekk\u00fcr<\/strong> Bu analiz, <strong>TV41 &#8211; 3. Devre<\/strong> program\u0131nda Selim Ery\u0131lmaz, Cem Sinan Verg\u00fcl ve Murat Son\u2019un de\u011ferlendirmeleri temel al\u0131narak haz\u0131rlanm\u0131\u015ft\u0131r. Yerel bas\u0131na sa\u011flad\u0131klar\u0131 katk\u0131lardan dolay\u0131 te\u015fekk\u00fcr ederiz.<\/p>\n\n\n\n<p>#Kocaelispor #K\u00f6rfez #\u015eampiyonKocaelispor #AlikahyaBelediyespor  #Trendyol1Lig #Ye\u015filSiyah<\/p>\n\n\n\n<ul class=\"wp-block-list\">\n<li>Web Sitemiz 5651 say\u0131l\u0131 kanun \u00e7er\u00e7evesinde faaliyet g\u00f6stermekte olup yay\u0131nlanan i\u00e7eriklerden sorumlu de\u011fildir. Fakat i\u00e7eri\u011fin kanuna ayk\u0131r\u0131 veya telif hakk\u0131 i\u00e7erdi\u011fi ile ilgili yaz\u0131l\u0131 veya dijital bir tebli\u011f almas\u0131 halinde s\u00f6z konusu i\u00e7eri\u011fi kald\u0131rmakla m\u00fckelleftir.<\/li>\n<\/ul>\n","protected":false},"excerpt":{"rendered":"","protected":false},"author":1,"featured_media":8591,"comment_status":"closed","ping_status":"closed","sticky":false,"template":"","format":"standard","meta":{"footnotes":""},"categories":[3,14,92,15],"tags":[3712,3711,301,259,115,1823,48,2205,302,1810,300],"class_list":["post-8589","post","type-post","status-publish","format-standard","has-post-thumbnail","hentry","category-kocaelispor","category-medya","category-tv-41","category-yerel-medya","tag-3-devre-27-nisan-2026-3-devre-tv41","tag-alikahya-belediyespor","tag-cem-sinan-vergul","tag-genclerbirligi","tag-hodri-meydan","tag-kasimpasa","tag-kocaelispor","tag-korfez","tag-murat-son","tag-selcuk-inan","tag-selim-eryilmaz"],"amp_enabled":true,"_links":{"self":[{"href":"https:\/\/www.kocaelispor.tv.tr\/index.php?rest_route=\/wp\/v2\/posts\/8589","targetHints":{"allow":["GET"]}}],"collection":[{"href":"https:\/\/www.kocaelispor.tv.tr\/index.php?rest_route=\/wp\/v2\/posts"}],"about":[{"href":"https:\/\/www.kocaelispor.tv.tr\/index.php?rest_route=\/wp\/v2\/types\/post"}],"author":[{"embeddable":true,"href":"https:\/\/www.kocaelispor.tv.tr\/index.php?rest_route=\/wp\/v2\/users\/1"}],"replies":[{"embeddable":true,"href":"https:\/\/www.kocaelispor.tv.tr\/index.php?rest_route=%2Fwp%2Fv2%2Fcomments&post=8589"}],"version-history":[{"count":1,"href":"https:\/\/www.kocaelispor.tv.tr\/index.php?rest_route=\/wp\/v2\/posts\/8589\/revisions"}],"predecessor-version":[{"id":8592,"href":"https:\/\/www.kocaelispor.tv.tr\/index.php?rest_route=\/wp\/v2\/posts\/8589\/revisions\/8592"}],"wp:featuredmedia":[{"embeddable":true,"href":"https:\/\/www.kocaelispor.tv.tr\/index.php?rest_route=\/wp\/v2\/media\/8591"}],"wp:attachment":[{"href":"https:\/\/www.kocaelispor.tv.tr\/index.php?rest_route=%2Fwp%2Fv2%2Fmedia&parent=8589"}],"wp:term":[{"taxonomy":"category","embeddable":true,"href":"https:\/\/www.kocaelispor.tv.tr\/index.php?rest_route=%2Fwp%2Fv2%2Fcategories&post=8589"},{"taxonomy":"post_tag","embeddable":true,"href":"https:\/\/www.kocaelispor.tv.tr\/index.php?rest_route=%2Fwp%2Fv2%2Ftags&post=8589"}],"curies":[{"name":"wp","href":"https:\/\/api.w.org\/{rel}","templated":true}]}}