{"id":8577,"date":"2026-04-26T18:52:16","date_gmt":"2026-04-26T15:52:16","guid":{"rendered":"https:\/\/www.kocaelispor.tv.tr\/?p=8577"},"modified":"2026-04-26T18:52:22","modified_gmt":"2026-04-26T15:52:22","slug":"selcuk-inan-her-maci-ayni-seviyede-oynamak-turkiyede-mumkun-degil-26-nisan-2026-ajansspor","status":"publish","type":"post","link":"https:\/\/www.kocaelispor.tv.tr\/?p=8577","title":{"rendered":"Sel\u00e7uk \u0130nan: Her ma\u00e7\u0131 ayn\u0131 seviyede oynamak T\u00fcrkiye&#8217;de m\u00fcmk\u00fcn de\u011fil! 26 Nisan 2026 @Ajansspor"},"content":{"rendered":"<figure class=\"wp-block-embed-youtube wp-block-embed is-type-video is-provider-youtube wp-embed-aspect-16-9 wp-has-aspect-ratio\"><div class=\"lyte-wrapper\" style=\"width:640px;max-width:100%;margin:5px auto;\"><div class=\"lyMe hidef\" id=\"WYL_lVJ26x4ggzw\"><div id=\"lyte_lVJ26x4ggzw\" data-src=\"https:\/\/www.kocaelispor.tv.tr\/wp-content\/plugins\/wp-youtube-lyte\/lyteCache.php?origThumbUrl=%2F%2Fi.ytimg.com%2Fvi%2FlVJ26x4ggzw%2Fhqdefault.jpg\" class=\"pL\"><div class=\"tC\"><div class=\"tT\"><\/div><\/div><div class=\"play\"><\/div><div class=\"ctrl\"><div class=\"Lctrl\"><\/div><div class=\"Rctrl\"><\/div><\/div><\/div><noscript><a href=\"https:\/\/youtu.be\/lVJ26x4ggzw\" rel=\"nofollow noopener\" target=\"_blank\"><img loading=\"lazy\" decoding=\"async\" src=\"https:\/\/www.kocaelispor.tv.tr\/wp-content\/plugins\/wp-youtube-lyte\/lyteCache.php?origThumbUrl=https%3A%2F%2Fi.ytimg.com%2Fvi%2FlVJ26x4ggzw%2F0.jpg\" alt=\"YouTube video thumbnail\" width=\"640\" height=\"340\" title=\"\"><\/a><\/noscript><\/div><\/div><div class=\"lL\" style=\"max-width:100%;width:640px;margin:5px auto;\"> <a href=\"https:\/\/youtu.be\/lVJ26x4ggzw\" target=\"_blank\" rel=\"noopener\">Watch this video on YouTube<\/a>.<br\/><span class=\"lyte_disclaimer\">*** Sitemizde payla\u015f\u0131lan videolar\u0131n t\u00fcm sorumlulu\u011fu, video \u2018nun yay\u0131nc\u0131s\u0131na aittir. ***<\/span><\/div><figcaption><\/figcaption><\/figure>\n\n\n<!--more-->\n\n\n\n<p>Kocaelispor Teknik Direkt\u00f6r\u00fc Sel\u00e7uk \u0130nan, Gen\u00e7lerbirli\u011fi kar\u015f\u0131la\u015fmas\u0131n\u0131n ard\u0131ndan, &#8220;Ma\u00e7\u0131n bu \u015fekilde ge\u00e7ece\u011fini a\u015fa\u011f\u0131 yukar\u0131 tahmin etmi\u015ftik. Daha \u00e7ok m\u00fccadelenin \u00f6n planda olaca\u011f\u0131 bir ma\u00e7 olaca\u011f\u0131n\u0131 tahmin etmi\u015ftim, \u00f6ng\u00f6rm\u00fc\u015ft\u00fcm. Nitekim de \u00f6yle oldu&#8221; dedi. Trendyol S\u00fcper Lig\u2019in 31. haftas\u0131nda Kocaelispor, deplasmanda Gen\u00e7lerbirli\u011fi ile kar\u015f\u0131la\u015ft\u0131. M\u00fcsabakan\u0131n ard\u0131ndan d\u00fczenlenen bas\u0131n toplant\u0131s\u0131nda a\u00e7\u0131klamalarda bulunan Kocaelispor Teknik Direkt\u00f6r\u00fc Sel\u00e7uk \u0130nan, &#8220;Ma\u00e7\u0131n bu \u015fekilde ge\u00e7ece\u011fini a\u015fa\u011f\u0131 yukar\u0131 tahmin etmi\u015ftik. Daha \u00e7ok m\u00fccadelenin \u00f6n planda olaca\u011f\u0131 bir ma\u00e7 olaca\u011f\u0131n\u0131 tahmin etmi\u015ftim, \u00f6ng\u00f6rm\u00fc\u015ft\u00fcm. Nitekim de \u00f6yle oldu. Gol\u00fc yedikten sonra m\u00fccadele ettik, pozisyonlar bulmaya \u00e7al\u0131\u015ft\u0131k. Gen\u00e7lerbirli\u011fi&#8217;nin gol\u00fc bulduktan sonra bu \u015fekilde diren\u00e7li bir savunma yapmas\u0131 bekledi\u011fimiz bir \u015feydi. Yine de \u00e7ok denedik, u\u011fra\u015ft\u0131k, pozisyonlara da girdik. Ancak neticelendiremedik. Oynad\u0131\u011f\u0131m\u0131z oyunun kar\u015f\u0131l\u0131\u011f\u0131 en az\u0131ndan bir puan olabilirdi. Ama bug\u00fcn ma\u011flup olarak buradan ayr\u0131ld\u0131k. Bunun i\u00e7in de \u00fczg\u00fcn\u00fcz&#8221; diye konu\u015ftu. &#8220;Her ma\u00e7\u0131 ayn\u0131 seviyede oynamak T\u00fcrkiye&#8217;de \u00e7ok kolay de\u011fil&#8221; \u0130nan, \u0130yi bir tak\u0131m kurduklar\u0131n\u0131, \u00f6nemli sonu\u00e7lar ald\u0131klar\u0131n\u0131 belirterek, &#8220;Ama biz di\u011fer tak\u0131mlar\u0131n \u00e7ok \u00fcst\u00fcnde bir tak\u0131m de\u011filiz. Di\u011fer tak\u0131mlar da en az bizim kadar kaliteli. Bug\u00fcn her ma\u00e7\u0131 ayn\u0131 seviyede oynamak T\u00fcrkiye&#8217;de \u00e7ok kolay de\u011fil. Yakla\u015f\u0131k 6-7 ayd\u0131r neredeyse ayn\u0131 oyuncularla oynamaya \u00e7al\u0131\u015f\u0131yoruz. Sakatlar\u0131m\u0131z, s\u0131k\u0131nt\u0131lar\u0131m\u0131z, finansal s\u0131k\u0131nt\u0131lar\u0131m\u0131z var. S\u00fcrekli \u00fcst performans g\u00f6stermek bizim iste\u011fimiz. Tabii \u00e7al\u0131\u015fmam\u0131z da o y\u00f6nde ama bunun hep bu \u015fekilde olmayaca\u011f\u0131n\u0131 en az\u0131ndan ben biliyorum. Sizinle de payla\u015f\u0131yorum. Belki \u00e7ok \u00fcst performans g\u00f6stermeyebilirsiniz ama m\u00fccadele etmek zorundas\u0131n\u0131z. Bug\u00fcn Gen\u00e7lerbirli\u011fi&#8217;ne kar\u015f\u0131 evinde m\u00fccadele ettik ama oyun \u00fcst\u00fcnl\u00fc\u011f\u00fc olarak Gen\u00e7lerbirli\u011fi&#8217;nin \u00e7ok \u00fcst\u00fcnde oyun oynamak, belki bekledi\u011finiz \u015fey rakibi sahadan silmek kolay i\u015f de\u011fil. Onun i\u00e7in tabii ki u\u011fra\u015f\u0131yoruz, \u00e7al\u0131\u015f\u0131yoruz. Bu performanslar\u0131n bu \u015fekilde dalgal\u0131 olmas\u0131 ligimizin zorlu\u011fundan kaynaklan\u0131yor diye d\u00fc\u015f\u00fcn\u00fcyorum.&#8221;<\/p>\n\n\n\n<hr class=\"wp-block-separator has-alpha-channel-opacity\"\/>\n\n\n\n<h1 class=\"wp-block-heading\">Sel\u00e7uk \u0130nan&#8217;dan Ma\u00e7 Sonu \u00d6zelle\u015ftiri: &#8220;Ligin Zorlu\u011fu Performanslar\u0131 Dalgaland\u0131r\u0131yor&#8221;<\/h1>\n\n\n\n<p>Trendyol 1. Lig\u2019in 31. haftas\u0131nda Gen\u00e7lerbirli\u011fi\u2019ne 1-0 ma\u011flup olan Kocaelispor\u2019da Teknik Direkt\u00f6r <strong>Sel\u00e7uk \u0130nan<\/strong>, kar\u015f\u0131la\u015fma sonras\u0131 d\u00fczenlenen bas\u0131n toplant\u0131s\u0131nda samimi a\u00e7\u0131klamalarda bulundu. Ma\u00e7\u0131n zorluk derecesini \u00f6nceden kestirdiklerini belirten \u0130nan, tak\u0131m\u0131n fiziksel ve finansal s\u00fcre\u00e7lerine de de\u011findi.<\/p>\n\n\n\n<h2 class=\"wp-block-heading\">&#8220;Oyunun Hakk\u0131 En Az\u0131ndan Bir Puand\u0131&#8221;<\/h2>\n\n\n\n<p>Eryaman Stadyumu\u2019ndaki atmosferin ve rakibin puana olan ihtiyac\u0131n\u0131n bilincinde olduklar\u0131n\u0131 ifade eden \u0130nan, m\u00fccadelenin bekledikleri sertlikte ge\u00e7ti\u011fini vurgulad\u0131. Gen\u00e7 teknik adam\u0131n a\u00e7\u0131klamalar\u0131ndan \u00f6ne \u00e7\u0131kanlar \u015f\u00f6yle:<\/p>\n\n\n\n<ul class=\"wp-block-list\">\n<li><strong>Tahmin Edilen Senaryo:<\/strong> &#8220;Ma\u00e7\u0131n m\u00fccadelenin \u00f6n planda olaca\u011f\u0131 bir \u015fekilde ge\u00e7ece\u011fini \u00f6ng\u00f6rm\u00fc\u015ft\u00fck, nitekim \u00f6yle de oldu.&#8221; [<a href=\"http:\/\/www.youtube.com\/watch?v=lVJ26x4ggzw&amp;t=9\" target=\"_blank\" rel=\"noreferrer noopener\">00:09<\/a>]<\/li>\n\n\n\n<li><strong>Diren\u00e7li Savunma:<\/strong> &#8220;Gol\u00fc yedikten sonra pozisyonlar bulmaya \u00e7al\u0131\u015ft\u0131k. Gen\u00e7lerbirli\u011fi&#8217;nin skoru ald\u0131ktan sonra diren\u00e7li savunma yapmas\u0131 bekledi\u011fimiz bir \u015feydi.&#8221; [<a href=\"http:\/\/www.youtube.com\/watch?v=lVJ26x4ggzw&amp;t=17\" target=\"_blank\" rel=\"noreferrer noopener\">00:17<\/a>]<\/li>\n\n\n\n<li><strong>Neticelendirme Sorunu:<\/strong> &#8220;\u00c7ok denedik, u\u011fra\u015ft\u0131k, pozisyonlara da girdik ancak neticelendiremedik. Oynad\u0131\u011f\u0131m\u0131z oyunun kar\u015f\u0131l\u0131\u011f\u0131 en az\u0131ndan bir puan olabilirdi.&#8221; [<a href=\"http:\/\/www.youtube.com\/watch?v=lVJ26x4ggzw&amp;t=40\" target=\"_blank\" rel=\"noreferrer noopener\">00:40<\/a>]<\/li>\n<\/ul>\n\n\n\n<h2 class=\"wp-block-heading\">&#8220;S\u00fcrekli \u00dcst Performans Beklemek Ger\u00e7ek\u00e7i De\u011fil&#8221;<\/h2>\n\n\n\n<p>\u0130nan, T\u00fcrk futbolunun ger\u00e7eklerine ve tak\u0131m\u0131n i\u00e7inde bulundu\u011fu duruma dair d\u00fcr\u00fcst bir tablo \u00e7izdi. Tak\u0131m\u0131n di\u011fer ekiplerden \u00e7ok \u00fcst\u00fcn bir kadroya sahip olmad\u0131\u011f\u0131n\u0131, ligin genel kalitesinin birbirine yak\u0131n oldu\u011funu savundu:<\/p>\n\n\n\n<blockquote class=\"wp-block-quote is-layout-flow wp-block-quote-is-layout-flow\">\n<p>&#8220;Yakla\u015f\u0131k 6-7 ayd\u0131r neredeyse ayn\u0131 oyuncularla oynamaya \u00e7al\u0131\u015f\u0131yoruz. Sakatlar\u0131m\u0131z, s\u0131k\u0131nt\u0131lar\u0131m\u0131z ve finansal zorluklar\u0131m\u0131z var. S\u00fcrekli \u00fcst performans g\u00f6stermek istiyoruz ama bunun her zaman m\u00fcmk\u00fcn olmayaca\u011f\u0131n\u0131 biliyorum.&#8221; [<a target=\"_blank\" rel=\"noreferrer noopener\" href=\"http:\/\/www.youtube.com\/watch?v=lVJ26x4ggzw&amp;t=83\">01:23<\/a>]<\/p>\n<\/blockquote>\n\n\n\n<p>Performanslardaki dalgalanman\u0131n ligin zorlu\u011fundan kaynakland\u0131\u011f\u0131n\u0131 belirten \u0130nan, rakipleri &#8220;sahadan silmenin&#8221; kolay bir i\u015f olmad\u0131\u011f\u0131n\u0131, ancak m\u00fccadele etmeye devam edeceklerini s\u00f6zlerine ekledi. [<a target=\"_blank\" rel=\"noreferrer noopener\" href=\"http:\/\/www.youtube.com\/watch?v=lVJ26x4ggzw&amp;t=120\">02:00<\/a>]<\/p>\n\n\n\n<hr class=\"wp-block-separator has-alpha-channel-opacity\"\/>\n\n\n\n<p><strong>Kaynak ve Te\u015fekk\u00fcr<\/strong> Bu haber, <strong>Ajansspor<\/strong> taraf\u0131ndan yay\u0131nlanan bas\u0131n toplant\u0131s\u0131 g\u00f6r\u00fcnt\u00fcleri ve teknik direkt\u00f6r <strong>Sel\u00e7uk \u0130nan<\/strong>&#8216;\u0131n resmi a\u00e7\u0131klamalar\u0131 do\u011frultusunda haz\u0131rlanm\u0131\u015ft\u0131r.<\/p>\n\n\n\n<p>#Kocaelispor #Sel\u00e7uk\u0130nan #K\u00f6rfez #Trendyol1Lig #HodriMeydan #Ye\u015filSiyah #AnkaraDeplasman\u0131<\/p>\n\n\n\n<hr class=\"wp-block-separator has-alpha-channel-opacity\"\/>\n\n\n\n<ul class=\"wp-block-list\">\n<li>Web Sitemiz 5651 say\u0131l\u0131 kanun \u00e7er\u00e7evesinde faaliyet g\u00f6stermekte olup yay\u0131nlanan i\u00e7eriklerden sorumlu de\u011fildir. Fakat i\u00e7eri\u011fin kanuna ayk\u0131r\u0131 veya telif hakk\u0131 i\u00e7erdi\u011fi ile ilgili yaz\u0131l\u0131 veya dijital bir tebli\u011f almas\u0131 halinde s\u00f6z konusu i\u00e7eri\u011fi kald\u0131rmakla m\u00fckelleftir.<a href=\"http:\/\/www.youtube.com\/watch?v=lVJ26x4ggzw\" target=\"_blank\" rel=\"noreferrer noopener\"><\/a><\/li>\n<\/ul>\n","protected":false},"excerpt":{"rendered":"","protected":false},"author":1,"featured_media":8579,"comment_status":"closed","ping_status":"closed","sticky":false,"template":"","format":"standard","meta":{"footnotes":""},"categories":[3,113,25,5,14,18,28,4,16],"tags":[3690],"class_list":["post-8577","post","type-post","status-publish","format-standard","has-post-thumbnail","hentry","category-kocaelispor","category-ajansspor","category-kulup","category-lig","category-medya","category-siper-lig","category-teknik-heyet","category-turnuva","category-ulusal-medya","tag-selcuk-inan-her-maci-ayni-seviyede-oynamak-turkiyede-mumkun-degil-26-nisan-2026-ajansspor"],"amp_enabled":true,"_links":{"self":[{"href":"https:\/\/www.kocaelispor.tv.tr\/index.php?rest_route=\/wp\/v2\/posts\/8577","targetHints":{"allow":["GET"]}}],"collection":[{"href":"https:\/\/www.kocaelispor.tv.tr\/index.php?rest_route=\/wp\/v2\/posts"}],"about":[{"href":"https:\/\/www.kocaelispor.tv.tr\/index.php?rest_route=\/wp\/v2\/types\/post"}],"author":[{"embeddable":true,"href":"https:\/\/www.kocaelispor.tv.tr\/index.php?rest_route=\/wp\/v2\/users\/1"}],"replies":[{"embeddable":true,"href":"https:\/\/www.kocaelispor.tv.tr\/index.php?rest_route=%2Fwp%2Fv2%2Fcomments&post=8577"}],"version-history":[{"count":2,"href":"https:\/\/www.kocaelispor.tv.tr\/index.php?rest_route=\/wp\/v2\/posts\/8577\/revisions"}],"predecessor-version":[{"id":8581,"href":"https:\/\/www.kocaelispor.tv.tr\/index.php?rest_route=\/wp\/v2\/posts\/8577\/revisions\/8581"}],"wp:featuredmedia":[{"embeddable":true,"href":"https:\/\/www.kocaelispor.tv.tr\/index.php?rest_route=\/wp\/v2\/media\/8579"}],"wp:attachment":[{"href":"https:\/\/www.kocaelispor.tv.tr\/index.php?rest_route=%2Fwp%2Fv2%2Fmedia&parent=8577"}],"wp:term":[{"taxonomy":"category","embeddable":true,"href":"https:\/\/www.kocaelispor.tv.tr\/index.php?rest_route=%2Fwp%2Fv2%2Fcategories&post=8577"},{"taxonomy":"post_tag","embeddable":true,"href":"https:\/\/www.kocaelispor.tv.tr\/index.php?rest_route=%2Fwp%2Fv2%2Ftags&post=8577"}],"curies":[{"name":"wp","href":"https:\/\/api.w.org\/{rel}","templated":true}]}}