{"id":8572,"date":"2026-04-26T18:41:28","date_gmt":"2026-04-26T15:41:28","guid":{"rendered":"https:\/\/www.kocaelispor.tv.tr\/?p=8572"},"modified":"2026-04-26T18:41:32","modified_gmt":"2026-04-26T15:41:32","slug":"selcuk-inan-en-azindan-1-puani-hak-etmistik-26-nisan-2026-beinsports","status":"publish","type":"post","link":"https:\/\/www.kocaelispor.tv.tr\/?p=8572","title":{"rendered":"Sel\u00e7uk \u0130nan: &#8220;En az\u0131ndan 1 puan\u0131 hak etmi\u015ftik&#8221; 26 Nisan 2026 @beINSports"},"content":{"rendered":"\n<figure class=\"wp-block-image size-full\"><img loading=\"lazy\" decoding=\"async\" width=\"768\" height=\"427\" sizes=\"auto, (max-width: 768px) 100vw, 768px\" src=\"https:\/\/www.kocaelispor.tv.tr\/wp-content\/uploads\/2026\/04\/Ekran-Resmi-2026-04-26-18.32.06.png\" alt=\"\" class=\"wp-image-8573\" title=\"\" srcset=\"https:\/\/www.kocaelispor.tv.tr\/wp-content\/uploads\/2026\/04\/Ekran-Resmi-2026-04-26-18.32.06.png 768w, https:\/\/www.kocaelispor.tv.tr\/wp-content\/uploads\/2026\/04\/Ekran-Resmi-2026-04-26-18.32.06-300x167.png 300w, https:\/\/www.kocaelispor.tv.tr\/wp-content\/uploads\/2026\/04\/Ekran-Resmi-2026-04-26-18.32.06-24x13.png 24w, https:\/\/www.kocaelispor.tv.tr\/wp-content\/uploads\/2026\/04\/Ekran-Resmi-2026-04-26-18.32.06-36x20.png 36w, https:\/\/www.kocaelispor.tv.tr\/wp-content\/uploads\/2026\/04\/Ekran-Resmi-2026-04-26-18.32.06-48x27.png 48w, https:\/\/www.kocaelispor.tv.tr\/wp-content\/uploads\/2026\/04\/Ekran-Resmi-2026-04-26-18.32.06-150x83.png 150w\" \/><\/figure>\n\n\n\n<!--more-->\n\n\n\n<ul class=\"wp-block-list\">\n<li>Telif haklar\u0131 nedeniyle beIN SPORTS sitesinden izlenebilmektedir. <a href=\"https:\/\/beinsports.com.tr\/haber\/selcuk-inan-en-azindan-1-puani-hak-etmistik\" target=\"_blank\" rel=\"noopener\">https:\/\/beinsports.com.tr\/haber\/selcuk-inan-en-azindan-1-puani-hak-etmistik<\/a><\/li>\n<\/ul>\n\n\n\n<p><a>Trendyol S\u00fcper Lig<\/a>&#8216;in 31. haftas\u0131nda&nbsp;<a>Natura D\u00fcnyas\u0131 Gen\u00e7lerbirli\u011fi<\/a>, sahas\u0131nda&nbsp;<a>Kocaelispor<\/a>&#8216;u 1-0 ma\u011flup etti. Bu m\u00fccadele ard\u0131ndan konuk tak\u0131m\u0131n teknik direkt\u00f6r\u00fc Sel\u00e7uk \u0130nan a\u00e7\u0131klamalarda bulundu.<\/p>\n\n\n\n<p>M\u00fccadeleyi de\u011ferlendiren \u0130nan, &#8220;Bekledi\u011fim gibi bir ma\u00e7 oldu. B\u00f6yle haftalarda ma\u00e7a \u00e7ok iyi haz\u0131rlanam\u0131yorsunuz. Oyuncular\u0131m ellerinden geldi\u011fi gibi m\u00fccadele ettiler. En az\u0131ndan 1 puan\u0131 hak etmi\u015ftik. Erken bulmalar\u0131 diren\u00e7lerini artt\u0131rd\u0131.&#8221; ifadelerini kulland\u0131.<\/p>\n\n\n\n<hr class=\"wp-block-separator has-alpha-channel-opacity\"\/>\n\n\n\n<h1 class=\"wp-block-heading\">Sel\u00e7uk \u0130nan: &#8220;En Az\u0131ndan 1 Puan\u0131 Hak Etmi\u015ftik&#8221;<\/h1>\n\n\n\n<p>Kocaelispor Teknik Direkt\u00f6r\u00fc Sel\u00e7uk \u0130nan, deplasmanda 1-0 kaybedilen Gen\u00e7lerbirli\u011fi ma\u00e7\u0131n\u0131n ard\u0131ndan s\u0131ca\u011f\u0131 s\u0131ca\u011f\u0131na a\u00e7\u0131klamalarda bulundu. Ba\u015fkent\u2019ten puans\u0131z d\u00f6nmenin \u00fcz\u00fcnt\u00fcs\u00fcn\u00fc ya\u015fayan tecr\u00fcbeli teknik adam, oyunun hakk\u0131n\u0131n ma\u011flubiyet olmad\u0131\u011f\u0131n\u0131 savundu.<\/p>\n\n\n\n<h2 class=\"wp-block-heading\">&#8220;Oyuncular\u0131m Elinden Geleni Yapt\u0131&#8221;<\/h2>\n\n\n\n<p>M\u00fccadele sonras\u0131 bas\u0131n mensuplar\u0131n\u0131n sorular\u0131n\u0131 yan\u0131tlayan Sel\u00e7uk \u0130nan, ligin bu evresinde ma\u00e7lara haz\u0131rlanman\u0131n zorlu\u011funa dikkat \u00e7ekti. Tak\u0131m\u0131n ortaya koydu\u011fu efordan memnun oldu\u011funu dile getiren \u0130nan, \u015fu ifadeleri kulland\u0131:<\/p>\n\n\n\n<blockquote class=\"wp-block-quote is-layout-flow wp-block-quote-is-layout-flow\">\n<p>&#8220;Bekledi\u011fim gibi zorlu bir ma\u00e7 oldu. Ligin bu haftalar\u0131nda ma\u00e7a \u00e7ok iyi haz\u0131rlanam\u0131yorsunuz, takvim s\u0131k\u0131\u015f\u0131k. Ancak oyuncular\u0131m sahada ellerinden geldi\u011fi kadar m\u00fccadele ettiler. Oyunun geneline bakt\u0131\u011f\u0131m\u0131zda en az\u0131ndan 1 puan\u0131 hak etti\u011fimizi d\u00fc\u015f\u00fcn\u00fcyorum.&#8221;<\/p>\n<\/blockquote>\n\n\n\n<h2 class=\"wp-block-heading\">&#8220;Erken Gol Diren\u00e7lerini Art\u0131rd\u0131&#8221;<\/h2>\n\n\n\n<p>Ma\u00e7\u0131n 34. dakikas\u0131nda penalt\u0131dan gelen gole vurgu yapan gen\u00e7 teknik adam, skor dezavantaj\u0131na d\u00fc\u015fmenin rakibin ekme\u011fine ya\u011f s\u00fcrd\u00fc\u011f\u00fcn\u00fc belirtti. \u0130nan, &#8220;Rakibimiz gol\u00fc erken buldu. Bu durum onlar\u0131n savunma direncini ve motivasyonunu art\u0131rd\u0131. Gol\u00fc bulmak i\u00e7in y\u00fcklendik ancak istedi\u011fimiz sonucu alamad\u0131k&#8221; diyerek s\u00f6zlerini noktalad\u0131.<\/p>\n\n\n\n<p>Ye\u015fil-Siyahl\u0131 temsilcimiz, bu ma\u011flubiyetin izlerini silmek ve play-off yar\u0131\u015f\u0131nda yara almamak i\u00e7in rotay\u0131 \u00f6n\u00fcm\u00fczdeki hafta oynanacak kritik m\u00fccadeleye \u00e7evirdi.<\/p>\n\n\n\n<hr class=\"wp-block-separator has-alpha-channel-opacity\"\/>\n\n\n\n<p><strong>Kaynak ve Te\u015fekk\u00fcr<\/strong> Bu i\u00e7erik, <strong>beIN Sports<\/strong> taraf\u0131ndan servis edilen resmi teknik direkt\u00f6r a\u00e7\u0131klamalar\u0131 temel al\u0131narak haz\u0131rlanm\u0131\u015ft\u0131r. Katk\u0131lar\u0131ndan dolay\u0131 Sel\u00e7uk \u0130nan ve medya ekibine te\u015fekk\u00fcr ederiz.<\/p>\n\n\n\n<p> #Kocaelispor #Sel\u00e7uk\u0130nan #K\u00f6rfez #Trendyol1Lig #HodriMeydan #Ye\u015filSiyah<\/p>\n\n\n\n<hr class=\"wp-block-separator has-alpha-channel-opacity\"\/>\n\n\n\n<p id=\"p-rc_994a434aaa5d2ff3-28\">Web Sitemiz 5651 say\u0131l\u0131 kanun \u00e7er\u00e7evesinde faaliyet g\u00f6stermekte olup yay\u0131nlanan i\u00e7eriklerden sorumlu de\u011fildir. Fakat i\u00e7eri\u011fin kanuna ayk\u0131r\u0131 veya telif hakk\u0131 i\u00e7erdi\u011fi ile ilgili yaz\u0131l\u0131 veya dijital bir tebli\u011f almas\u0131 halinde s\u00f6z konusu i\u00e7eri\u011fi kald\u0131rmakla m\u00fckellef<sup><\/sup>tir.<\/p>\n","protected":false},"excerpt":{"rendered":"","protected":false},"author":1,"featured_media":8573,"comment_status":"closed","ping_status":"closed","sticky":false,"template":"","format":"standard","meta":{"footnotes":""},"categories":[3,1143,25,5,14,18,28,4,16],"tags":[259,48,2205,2222,1810,3685,226],"class_list":["post-8572","post","type-post","status-publish","format-standard","has-post-thumbnail","hentry","category-kocaelispor","category-bein-sports","category-kulup","category-lig","category-medya","category-siper-lig","category-teknik-heyet","category-turnuva","category-ulusal-medya","tag-genclerbirligi","tag-kocaelispor","tag-korfez","tag-mac-sonu-aciklamalari","tag-selcuk-inan","tag-selcuk-inan-en-azindan-1-puani-hak-etmistik-26-nisan-2026-beinsports","tag-trendyol-1-lig"],"amp_enabled":true,"_links":{"self":[{"href":"https:\/\/www.kocaelispor.tv.tr\/index.php?rest_route=\/wp\/v2\/posts\/8572","targetHints":{"allow":["GET"]}}],"collection":[{"href":"https:\/\/www.kocaelispor.tv.tr\/index.php?rest_route=\/wp\/v2\/posts"}],"about":[{"href":"https:\/\/www.kocaelispor.tv.tr\/index.php?rest_route=\/wp\/v2\/types\/post"}],"author":[{"embeddable":true,"href":"https:\/\/www.kocaelispor.tv.tr\/index.php?rest_route=\/wp\/v2\/users\/1"}],"replies":[{"embeddable":true,"href":"https:\/\/www.kocaelispor.tv.tr\/index.php?rest_route=%2Fwp%2Fv2%2Fcomments&post=8572"}],"version-history":[{"count":2,"href":"https:\/\/www.kocaelispor.tv.tr\/index.php?rest_route=\/wp\/v2\/posts\/8572\/revisions"}],"predecessor-version":[{"id":8576,"href":"https:\/\/www.kocaelispor.tv.tr\/index.php?rest_route=\/wp\/v2\/posts\/8572\/revisions\/8576"}],"wp:featuredmedia":[{"embeddable":true,"href":"https:\/\/www.kocaelispor.tv.tr\/index.php?rest_route=\/wp\/v2\/media\/8573"}],"wp:attachment":[{"href":"https:\/\/www.kocaelispor.tv.tr\/index.php?rest_route=%2Fwp%2Fv2%2Fmedia&parent=8572"}],"wp:term":[{"taxonomy":"category","embeddable":true,"href":"https:\/\/www.kocaelispor.tv.tr\/index.php?rest_route=%2Fwp%2Fv2%2Fcategories&post=8572"},{"taxonomy":"post_tag","embeddable":true,"href":"https:\/\/www.kocaelispor.tv.tr\/index.php?rest_route=%2Fwp%2Fv2%2Ftags&post=8572"}],"curies":[{"name":"wp","href":"https:\/\/api.w.org\/{rel}","templated":true}]}}