{"id":8560,"date":"2026-04-26T13:40:44","date_gmt":"2026-04-26T10:40:44","guid":{"rendered":"https:\/\/www.kocaelispor.tv.tr\/?p=8560"},"modified":"2026-04-26T13:40:51","modified_gmt":"2026-04-26T10:40:51","slug":"3-devre-20-nisan-2026-tv41","status":"publish","type":"post","link":"https:\/\/www.kocaelispor.tv.tr\/?p=8560","title":{"rendered":"3.DEVRE 20 Nisan 2026 @tv41"},"content":{"rendered":"<figure class=\"wp-block-embed-youtube wp-block-embed is-type-video is-provider-youtube wp-embed-aspect-4-3 wp-has-aspect-ratio\"><div class=\"lyte-wrapper\" style=\"width:640px;max-width:100%;margin:5px auto;\"><div class=\"lyMe hidef\" id=\"WYL_QaR4vKL3Pm0\"><div id=\"lyte_QaR4vKL3Pm0\" data-src=\"https:\/\/www.kocaelispor.tv.tr\/wp-content\/plugins\/wp-youtube-lyte\/lyteCache.php?origThumbUrl=%2F%2Fi.ytimg.com%2Fvi%2FQaR4vKL3Pm0%2Fhqdefault.jpg\" class=\"pL\"><div class=\"tC\"><div class=\"tT\"><\/div><\/div><div class=\"play\"><\/div><div class=\"ctrl\"><div class=\"Lctrl\"><\/div><div class=\"Rctrl\"><\/div><\/div><\/div><noscript><a href=\"https:\/\/youtu.be\/QaR4vKL3Pm0\" rel=\"nofollow noopener\" target=\"_blank\"><img loading=\"lazy\" decoding=\"async\" src=\"https:\/\/www.kocaelispor.tv.tr\/wp-content\/plugins\/wp-youtube-lyte\/lyteCache.php?origThumbUrl=https%3A%2F%2Fi.ytimg.com%2Fvi%2FQaR4vKL3Pm0%2F0.jpg\" alt=\"YouTube video thumbnail\" width=\"640\" height=\"340\" title=\"\"><\/a><\/noscript><\/div><\/div><div class=\"lL\" style=\"max-width:100%;width:640px;margin:5px auto;\"> <a href=\"https:\/\/youtu.be\/QaR4vKL3Pm0\" target=\"_blank\" rel=\"noopener\">Watch this video on YouTube<\/a>.<br\/><span class=\"lyte_disclaimer\">*** Sitemizde payla\u015f\u0131lan videolar\u0131n t\u00fcm sorumlulu\u011fu, video \u2018nun yay\u0131nc\u0131s\u0131na aittir. ***<\/span><\/div><figcaption><\/figcaption><\/figure>\n\n\n<!--more-->\n\n\n\n<h1 class=\"wp-block-heading\">K\u00f6rfez\u2019de G\u00f6ztepe Sonras\u0131 F\u0131rt\u0131na \u00d6ncesi Sessizlik: &#8220;Sezonun En \u0130yi Futbolunu Oynad\u0131k&#8221;<\/h1>\n\n\n\n<p><strong>TV 41 ekranlar\u0131nda yay\u0131nlanan &#8220;3. Devre&#8221; program\u0131nda Kocaelispor\u2019un G\u00f6ztepe beraberli\u011fi ve yakla\u015fan Gen\u00e7lerbirli\u011fi deplasman\u0131 masaya yat\u0131r\u0131ld\u0131. Uzman kadro, 1-1 biten m\u00fccadeleyi &#8220;ka\u00e7an tarihi fark&#8221; olarak nitelendirirken, Ye\u015fil-Siyahl\u0131lar\u0131n son haftalardaki oyun geli\u015fimine tam not verdi.<\/strong><\/p>\n\n\n\n<p>Kocaelispor insider&#8217;\u0131 olarak takip etti\u011fimiz 3. Devre ekibi; Murat Son, Cem Sinan Verg\u00fcl ve Yi\u011fit \u00d6zcan\u2019\u0131n kat\u0131l\u0131m\u0131yla K\u00f6rfez\u2019in nabz\u0131n\u0131 tuttu. Programda \u00f6ne \u00e7\u0131kan en \u00e7arp\u0131c\u0131 detay, Kocaelispor\u2019un G\u00f6ztepe kar\u015f\u0131s\u0131nda yakalad\u0131\u011f\u0131 inan\u0131lmaz istatistikler ve Sel\u00e7uk \u0130nan\u2019\u0131n oyun tercihlerindeki de\u011fi\u015fim oldu.<\/p>\n\n\n\n<h2 class=\"wp-block-heading\">G\u00f6ztepe Ma\u00e7\u0131 \u0130statistikleri: Adeta Tek Kale Ma\u00e7<\/h2>\n\n\n\n<p>Kocaelispor, G\u00f6ztepe kar\u015f\u0131s\u0131nda skorda 1-1&#8217;e raz\u0131 olsa da istatistik tablolar\u0131nda rakibini domine etti. Murat Erdil\u2019in payla\u015ft\u0131\u011f\u0131 verilere g\u00f6re, Ye\u015fil-Siyahl\u0131lar ceza sahas\u0131na giri\u015f ve \u015fut say\u0131s\u0131nda sezonun rekorunu k\u0131rd\u0131.<\/p>\n\n\n\n<figure class=\"wp-block-table is-style-stripes has-small-font-size\"><table class=\"has-fixed-layout\"><thead><tr><th>\u0130statistik<\/th><th>Kocaelispor<\/th><th>G\u00f6ztepe<\/th><\/tr><\/thead><tbody><tr><td><strong>Topla Oynama<\/strong><\/td><td>%71<\/td><td>%29<\/td><\/tr><tr><td><strong>Toplam \u015eut<\/strong><\/td><td>21<\/td><td>7<\/td><\/tr><tr><td><strong>Ceza Sahas\u0131na Giri\u015f<\/strong><\/td><td>95<\/td><td>32<\/td><\/tr><tr><td><strong>Ba\u015far\u0131l\u0131 Pas<\/strong><\/td><td>350<\/td><td>111<\/td><\/tr><\/tbody><\/table><\/figure>\n\n\n\n<p>Program yorumcular\u0131ndan <strong>Cem Sinan Verg\u00fcl<\/strong>, savunma hatt\u0131n\u0131n ilk kez sadece savunma yaparak de\u011fil, h\u00fccuma verdikleri destekle de alk\u0131\u015f ald\u0131\u011f\u0131n\u0131 belirtti. \u00d6zellikle <strong>Smolcic<\/strong> ve <strong>Nonge<\/strong> &#8216;nin orta sahadaki direnci, G\u00f6ztepe\u2019nin oyun kurmas\u0131n\u0131 tamamen engelledi.<\/p>\n\n\n\n<h2 class=\"wp-block-heading\">Sel\u00e7uk \u0130nan ve &#8220;Yeni&#8221; Kocaelispor<\/h2>\n\n\n\n<p>Teknik Direkt\u00f6r <strong>Sel\u00e7uk \u0130nan<\/strong>&#8216;\u0131n oyuncu tercihlerindeki cesareti program\u0131n ana g\u00fcndem maddelerinden biriydi. Yi\u011fit \u00d6zcan, ma\u00e7tan sonra hocan\u0131n &#8220;G\u00f6ztepe k\u00f6t\u00fc de\u011fildi, biz \u00e7ok iyiydik&#8221; minvalindeki a\u00e7\u0131klamalar\u0131n\u0131 hat\u0131rlatarak, tak\u0131m\u0131n fiziksel olarak pik yapt\u0131\u011f\u0131n\u0131 vurgulad\u0131.<\/p>\n\n\n\n<h2 class=\"wp-block-heading\">Ankara Deplasman\u0131: Gen\u00e7lerbirli\u011fi S\u0131nav\u0131<\/h2>\n\n\n\n<p>Ye\u015fil-Siyahl\u0131lar, Pazar g\u00fcn\u00fc saat 14.30&#8217;da Eryaman Stad\u0131&#8217;nda <strong>Gen\u00e7lerbirli\u011fi<\/strong>\u2019ne konuk olacak. Programda, rakibin 5 hoca de\u011fi\u015ftirerek girdi\u011fi istikrars\u0131z s\u00fcre\u00e7 ve k\u00fcme d\u00fc\u015fme hatt\u0131ndaki stresi masaya yat\u0131r\u0131ld\u0131. <strong>Cem Sinan Verg\u00fcl<\/strong>, Kocaelispor\u2019un ayn\u0131 konsantrasyonla sahaya \u00e7\u0131kmas\u0131 halinde Ankara\u2019dan puanla d\u00f6nece\u011fine emin [<a target=\"_blank\" rel=\"noreferrer noopener\" href=\"http:\/\/www.youtube.com\/watch?v=QaR4vKL3Pm0&amp;t=6674\">01:51:14<\/a>].<\/p>\n\n\n\n<p><strong>Kaynak ve Te\u015fekk\u00fcr<\/strong> Bu i\u00e7erik, TV 41\u2019de yay\u0131nlanan &#8220;3. Devre&#8221; program\u0131ndaki analizler do\u011frultusunda haz\u0131rlanm\u0131\u015ft\u0131r. Katk\u0131lar\u0131ndan dolay\u0131 Murat Son, Cem Sinan Verg\u00fcl ve Yi\u011fit \u00d6zcan\u2019a te\u015fekk\u00fcr ederiz.<\/p>\n\n\n\n<p>#Kocaelispor #K\u00f6rfez #Sel\u00e7uk\u0130nan #G\u00f6ztepe #Trendyol1Lig #Ye\u015filSiyah #HodriMeydan<\/p>\n\n\n\n<ul class=\"wp-block-list\">\n<li>Web Sitemiz 5651 say\u0131l\u0131 kanun \u00e7er\u00e7evesinde faaliyet g\u00f6stermekte olup yay\u0131nlanan i\u00e7eriklerden sorumlu de\u011fildir. Fakat i\u00e7eri\u011fin kanuna ayk\u0131r\u0131 veya telif hakk\u0131 i\u00e7erdi\u011fi ile ilgili yaz\u0131l\u0131 veya dijital bir tebli\u011f almas\u0131 halinde s\u00f6z konusu i\u00e7eri\u011fi kald\u0131rmakla m\u00fckelleftir.<\/li>\n<\/ul>\n","protected":false},"excerpt":{"rendered":"","protected":false},"author":1,"featured_media":8561,"comment_status":"closed","ping_status":"closed","sticky":false,"template":"","format":"standard","meta":{"footnotes":""},"categories":[3,5,14,18,4,92,15],"tags":[387,3668,259,346,48,1290,302,1810,3433,94],"class_list":["post-8560","post","type-post","status-publish","format-standard","has-post-thumbnail","hentry","category-kocaelispor","category-lig","category-medya","category-siper-lig","category-turnuva","category-tv-41","category-yerel-medya","tag-3-devre","tag-3-devre-20-nisan-2026-tv41","tag-genclerbirligi","tag-goztepe","tag-kocaelispor","tag-korfez-ekibi","tag-murat-son","tag-selcuk-inan","tag-serhat-oztasdelen","tag-tv-41"],"amp_enabled":true,"_links":{"self":[{"href":"https:\/\/www.kocaelispor.tv.tr\/index.php?rest_route=\/wp\/v2\/posts\/8560","targetHints":{"allow":["GET"]}}],"collection":[{"href":"https:\/\/www.kocaelispor.tv.tr\/index.php?rest_route=\/wp\/v2\/posts"}],"about":[{"href":"https:\/\/www.kocaelispor.tv.tr\/index.php?rest_route=\/wp\/v2\/types\/post"}],"author":[{"embeddable":true,"href":"https:\/\/www.kocaelispor.tv.tr\/index.php?rest_route=\/wp\/v2\/users\/1"}],"replies":[{"embeddable":true,"href":"https:\/\/www.kocaelispor.tv.tr\/index.php?rest_route=%2Fwp%2Fv2%2Fcomments&post=8560"}],"version-history":[{"count":2,"href":"https:\/\/www.kocaelispor.tv.tr\/index.php?rest_route=\/wp\/v2\/posts\/8560\/revisions"}],"predecessor-version":[{"id":8564,"href":"https:\/\/www.kocaelispor.tv.tr\/index.php?rest_route=\/wp\/v2\/posts\/8560\/revisions\/8564"}],"wp:featuredmedia":[{"embeddable":true,"href":"https:\/\/www.kocaelispor.tv.tr\/index.php?rest_route=\/wp\/v2\/media\/8561"}],"wp:attachment":[{"href":"https:\/\/www.kocaelispor.tv.tr\/index.php?rest_route=%2Fwp%2Fv2%2Fmedia&parent=8560"}],"wp:term":[{"taxonomy":"category","embeddable":true,"href":"https:\/\/www.kocaelispor.tv.tr\/index.php?rest_route=%2Fwp%2Fv2%2Fcategories&post=8560"},{"taxonomy":"post_tag","embeddable":true,"href":"https:\/\/www.kocaelispor.tv.tr\/index.php?rest_route=%2Fwp%2Fv2%2Ftags&post=8560"}],"curies":[{"name":"wp","href":"https:\/\/api.w.org\/{rel}","templated":true}]}}