{"id":8555,"date":"2026-04-26T13:43:36","date_gmt":"2026-04-26T10:43:36","guid":{"rendered":"https:\/\/www.kocaelispor.tv.tr\/?p=8555"},"modified":"2026-04-26T13:43:41","modified_gmt":"2026-04-26T10:43:41","slug":"efsane-forma-tiyatro-oyunu-kocaelispor-60-yil-kutlamalari-kocaelispor-tiyatro-25-nisan-2026-emrahozsahin","status":"publish","type":"post","link":"https:\/\/www.kocaelispor.tv.tr\/?p=8555","title":{"rendered":"&#8220;Efsane Forma&#8221; Tiyatro Oyunu | Kocaelispor 60. Y\u0131l Kutlamalar\u0131\u00a0#kocaelispor\u00a0#tiyatro 25 Nisan 2026 @Emrah\u00d6z\u015fahin"},"content":{"rendered":"<figure class=\"wp-block-embed-youtube wp-block-embed is-type-video is-provider-youtube wp-embed-aspect-16-9 wp-has-aspect-ratio\"><div class=\"lyte-wrapper\" style=\"width:640px;max-width:100%;margin:5px auto;\"><div class=\"lyMe hidef\" id=\"WYL_cZVJWJd2tl4\"><div id=\"lyte_cZVJWJd2tl4\" data-src=\"https:\/\/www.kocaelispor.tv.tr\/wp-content\/plugins\/wp-youtube-lyte\/lyteCache.php?origThumbUrl=%2F%2Fi.ytimg.com%2Fvi%2FcZVJWJd2tl4%2Fhqdefault.jpg\" class=\"pL\"><div class=\"tC\"><div class=\"tT\"><\/div><\/div><div class=\"play\"><\/div><div class=\"ctrl\"><div class=\"Lctrl\"><\/div><div class=\"Rctrl\"><\/div><\/div><\/div><noscript><a href=\"https:\/\/youtu.be\/cZVJWJd2tl4\" rel=\"nofollow noopener\" target=\"_blank\"><img loading=\"lazy\" decoding=\"async\" src=\"https:\/\/www.kocaelispor.tv.tr\/wp-content\/plugins\/wp-youtube-lyte\/lyteCache.php?origThumbUrl=https%3A%2F%2Fi.ytimg.com%2Fvi%2FcZVJWJd2tl4%2F0.jpg\" alt=\"YouTube video thumbnail\" width=\"640\" height=\"340\" title=\"\"><\/a><\/noscript><\/div><\/div><div class=\"lL\" style=\"max-width:100%;width:640px;margin:5px auto;\"> <a href=\"https:\/\/youtu.be\/cZVJWJd2tl4\" target=\"_blank\" rel=\"noopener\">Watch this video on YouTube<\/a>.<br\/><span class=\"lyte_disclaimer\">*** Sitemizde payla\u015f\u0131lan videolar\u0131n t\u00fcm sorumlulu\u011fu, video \u2018nun yay\u0131nc\u0131s\u0131na aittir. ***<\/span><\/div><figcaption><\/figcaption><\/figure>\n\n\n<!--more-->\n\n\n\n<p>Kocaelispor 60. Y\u0131l\u0131na \u00d6zel olarak &#8220;Efsane Forma&#8221; isimli oyun b\u00fcy\u00fck alk\u0131\u015f ald\u0131. Kocaeli B\u00fcy\u00fck\u015fehir Belediyesi \u015eehir Tiyatrolar\u0131, sanat ve sporu bulu\u015fturdu. Bu proje T\u00fcrkiye&#8217;de ilk, D\u00fcnya da ise ikinci kez yap\u0131lm\u0131\u015f oldu. \u201cEfsane Forma\u201d adl\u0131 oyun Kocaeli \u015eehir Tiyatrolar\u0131m\u0131z\u0131n oyuncular\u0131 ile birlikte altyap\u0131 futbolcular\u0131n\u0131 da sahnede bir araya getirdi. Bu \u00f6zel \u00e7al\u0131\u015fma, bir \u015fehrin haf\u0131zas\u0131n\u0131, trib\u00fcn co\u015fkusunu ve Kocaelispor sevgisini etkileyici bir anlat\u0131mla sahneye yans\u0131tt\u0131.<\/p>\n\n\n\n<hr class=\"wp-block-separator has-alpha-channel-opacity\"\/>\n\n\n\n<h1 class=\"wp-block-heading\">K\u00f6rfez&#8217;de 60 Y\u0131ll\u0131k Gurur: Efsane Forma ve \u015eehrin \u00c7ocuklar\u0131 Sahneye \u00c7\u0131kt\u0131<\/h1>\n\n\n\n<p><strong>Kocaelispor\u2019un 60. kurulu\u015f y\u0131l d\u00f6n\u00fcm\u00fc, \u015eehir Tiyatrolar\u0131\u2019n\u0131n haz\u0131rlad\u0131\u011f\u0131 muhte\u015fem bir oyun ve efsanelerin bulu\u015fmas\u0131yla kutland\u0131. Sahada d\u00f6ken terin, trib\u00fcnde y\u00fckselen sesin ve bu \u015fehrin sars\u0131lmaz inanc\u0131n\u0131n hikayesi &#8220;Efsane Forma&#8221; ile yeniden canland\u0131.<\/strong><\/p>\n\n\n\n<p>Kocaelispor demek, sadece bir futbol tak\u0131m\u0131 demek de\u011fil; bu \u015fehir i\u00e7in diren\u00e7, umut ve kimlik demektir. Kurulu\u015funun 60. y\u0131l\u0131n\u0131 kutlayan Ye\u015fil-Siyahl\u0131lar, Kocaeli Kongre Merkezi&#8217;nde d\u00fczenlenen g\u00f6rkemli bir geceyle tarihini selamlad\u0131. Gecenin en can al\u0131c\u0131 noktas\u0131 ise, altyap\u0131daki gen\u00e7 bir futbolcu ile eski bir malzemenin hikayesi \u00fczerinden &#8220;Kocaelisporlu olman\u0131n a\u011f\u0131rl\u0131\u011f\u0131n\u0131&#8221; anlatan tiyatro oyunuydu.<\/p>\n\n\n\n<h2 class=\"wp-block-heading\">Formay\u0131 Giymek De\u011fil, Ta\u015f\u0131mak \u00d6nemli<\/h2>\n\n\n\n<p>Sahnelenen oyunda, altyap\u0131daki bir gencin Ye\u015fil-Siyahl\u0131 formaya bakarken hissetti\u011fi \u00e7ekince, asl\u0131nda t\u00fcm camian\u0131n duygular\u0131na terc\u00fcman oldu. Oyundaki o can al\u0131c\u0131 replik salonu sessizli\u011fe g\u00f6md\u00fc: <em>&#8220;Bu forma sadece iyi oynayana verilmez, onu ta\u015f\u0131yabilene verilir. \u015eehri, i\u015f\u00e7iyi, esnaf\u0131, trib\u00fcndeki \u00f6\u011frenciyi s\u0131rt\u0131nda hissedene verilir.&#8221;<\/em><\/p>\n\n\n\n<p>Kocaelispor\u2019un sadece zaferlerin de\u011fil, ac\u0131lar\u0131n da tak\u0131m\u0131 oldu\u011fu; depremde sars\u0131lan halka &#8220;Biz buraday\u0131z&#8221; diyen bir umut \u0131\u015f\u0131\u011f\u0131 oldu\u011fu vurguland\u0131. \u015eehrin tak\u0131m\u0131yla nas\u0131l devle\u015fti\u011fi, Hodri Meydan\u2019\u0131n ya\u011fmur \u00e7amur demeden her deplasmanda nas\u0131l bir g\u00fc\u00e7 haline geldi\u011fi sahnedeki her bir nota ve replikle iliklere kadar hissedildi.<\/p>\n\n\n\n<h2 class=\"wp-block-heading\">Sel\u00e7uk \u0130nan: &#8220;Bu B\u00fcy\u00fck Ailenin Par\u00e7as\u0131 Olmak Onur&#8221;<\/h2>\n\n\n\n<p>Gecenin sonunda sahneye davet edilen Teknik Direkt\u00f6r\u00fcm\u00fcz <strong>Sel\u00e7uk \u0130nan<\/strong>, kendisinin sahnede taklit edilmesini b\u00fcy\u00fck bir g\u00fcl\u00fcmseme ve be\u011feniyle kar\u015f\u0131lad\u0131. \u0130nan, yapt\u0131\u011f\u0131 konu\u015fmada \u015fu ifadeleri kulland\u0131:<\/p>\n\n\n\n<blockquote class=\"wp-block-quote is-layout-flow wp-block-quote-is-layout-flow\">\n<p>&#8220;Beni benden daha iyi yapt\u0131 oyuncu karde\u015fimiz. Bu muhte\u015fem aileyle burada oldu\u011fum i\u00e7in gurur duyuyorum. Bu \u015fanl\u0131 tarihi lay\u0131k\u0131yla ya\u015fatmaya devam edece\u011fiz.&#8221;<\/p>\n<\/blockquote>\n\n\n\n<h2 class=\"wp-block-heading\">\u015eampiyonlar ve Vefa<\/h2>\n\n\n\n<p>Gecede sadece ye\u015fil saha de\u011fil, dijital saha da unutulmad\u0131. Finalde Fenerbah\u00e7e\u2019yi devirerek \u015fehrin ad\u0131n\u0131 Avrupa\u2019ya ta\u015f\u0131yan Kocaelispor E-Spor tak\u0131m\u0131 oyuncusu <strong>Ka\u011fan Sofuo\u011flu<\/strong> ve menajeri <strong>Burkan Ak<\/strong>, kupalar\u0131yla alk\u0131\u015f ya\u011fmuruna tutuldu.<\/p>\n\n\n\n<p><strong>Kocaeli B\u00fcy\u00fck\u015fehir Belediye Ba\u015fkan\u0131 Tahir B\u00fcy\u00fckak\u0131n<\/strong>, sahneye efsane futbolcular\u0131 ve emektarlar\u0131 davet ederek \u015funlar\u0131 s\u00f6yledi: <em>&#8220;Tak\u0131m \u015fehirle b\u00fcy\u00fcr. \u015eehri ve taraftar\u0131 olmayan tak\u0131mlar k\u00f6ks\u00fcz a\u011fa\u00e7lar gibidir. Kocaelispor en zor zaman\u0131nda bile yan\u0131nda Hodri Meydan\u2019\u0131 buldu. Biz bu hayale inand\u0131k, \u00e7ok daha iyisini yine biz ba\u015faraca\u011f\u0131z.&#8221;<\/em><\/p>\n\n\n\n<h3 class=\"wp-block-heading\">Geceden Notlar ve \u0130statistikler<\/h3>\n\n\n\n<p>Etkinlik sonunda t\u00fcm tak\u0131m, teknik heyet ve y\u00f6netim kurulu 60. y\u0131l pastas\u0131n\u0131 keserken, taraftarlar\u0131n &#8220;\u00dc\u00e7l\u00fc&#8221; iste\u011fi salonu adeta y\u0131kt\u0131.<\/p>\n\n\n\n<p><strong>Kaynak ve Te\u015fekk\u00fcr<\/strong> Bu \u00f6zel gece, Kocaeli \u015eehir Tiyatrolar\u0131 oyuncular\u0131, Kocaeli B\u00fcy\u00fck\u015fehir Belediyesi ve Kocaelispor Kul\u00fcb\u00fc&#8217;n\u00fcn katk\u0131lar\u0131yla ger\u00e7ekle\u015fmi\u015ftir. T\u00fcm teknik detaylar ve g\u00f6r\u00fcnt\u00fcler Emrah \u00d6z\u015fahin&#8217;in katk\u0131lar\u0131yla kaydedilmi\u015ftir.<\/p>\n\n\n\n<p>#Kocaelispor #Sel\u00e7uk\u0130nan #TahirB\u00fcy\u00fckak\u0131n #K\u00f6rfez #HodriMeydan #Ye\u015filSiyah #EfsaneForma<\/p>\n\n\n\n<ul class=\"wp-block-list\">\n<li>Web Sitemiz 5651 say\u0131l\u0131 kanun \u00e7er\u00e7evesinde faaliyet g\u00f6stermekte olup yay\u0131nlanan i\u00e7eriklerden sorumlu de\u011fildir. Fakat i\u00e7eri\u011fin kanuna ayk\u0131r\u0131 veya telif hakk\u0131 i\u00e7erdi\u011fi ile ilgili yaz\u0131l\u0131 veya dijital bir tebli\u011f almas\u0131 halinde s\u00f6z konusu i\u00e7eri\u011fi kald\u0131rmakla m\u00fckelleftir.<\/li>\n<\/ul>\n","protected":false},"excerpt":{"rendered":"","protected":false},"author":1,"featured_media":8556,"comment_status":"closed","ping_status":"closed","sticky":false,"template":"","format":"standard","meta":{"footnotes":""},"categories":[3,61,162,22,704],"tags":[3662,3637,813,115,3664,48,2205,3665,1810,143,839,841],"class_list":["post-8555","post","type-post","status-publish","format-standard","has-post-thumbnail","hentry","category-kocaelispor","category-diger","category-hodri-meydan","category-sosyal-medya","category-taraftar","tag-efsane-forma-tiyatro-oyunu-kocaelispor-60-yil-kutlamalari-kocaelispor-tiyatro-25-nisan-2026-emrahozsahin","tag-60-yil","tag-engin-korukir","tag-hodri-meydan","tag-kaan-topoglu","tag-kocaelispor","tag-korfez","tag-murat-aydin","tag-selcuk-inan","tag-tahir-buyukakin","tag-veli-baskurt","tag-yesil-siyah"],"amp_enabled":true,"_links":{"self":[{"href":"https:\/\/www.kocaelispor.tv.tr\/index.php?rest_route=\/wp\/v2\/posts\/8555","targetHints":{"allow":["GET"]}}],"collection":[{"href":"https:\/\/www.kocaelispor.tv.tr\/index.php?rest_route=\/wp\/v2\/posts"}],"about":[{"href":"https:\/\/www.kocaelispor.tv.tr\/index.php?rest_route=\/wp\/v2\/types\/post"}],"author":[{"embeddable":true,"href":"https:\/\/www.kocaelispor.tv.tr\/index.php?rest_route=\/wp\/v2\/users\/1"}],"replies":[{"embeddable":true,"href":"https:\/\/www.kocaelispor.tv.tr\/index.php?rest_route=%2Fwp%2Fv2%2Fcomments&post=8555"}],"version-history":[{"count":2,"href":"https:\/\/www.kocaelispor.tv.tr\/index.php?rest_route=\/wp\/v2\/posts\/8555\/revisions"}],"predecessor-version":[{"id":8559,"href":"https:\/\/www.kocaelispor.tv.tr\/index.php?rest_route=\/wp\/v2\/posts\/8555\/revisions\/8559"}],"wp:featuredmedia":[{"embeddable":true,"href":"https:\/\/www.kocaelispor.tv.tr\/index.php?rest_route=\/wp\/v2\/media\/8556"}],"wp:attachment":[{"href":"https:\/\/www.kocaelispor.tv.tr\/index.php?rest_route=%2Fwp%2Fv2%2Fmedia&parent=8555"}],"wp:term":[{"taxonomy":"category","embeddable":true,"href":"https:\/\/www.kocaelispor.tv.tr\/index.php?rest_route=%2Fwp%2Fv2%2Fcategories&post=8555"},{"taxonomy":"post_tag","embeddable":true,"href":"https:\/\/www.kocaelispor.tv.tr\/index.php?rest_route=%2Fwp%2Fv2%2Ftags&post=8555"}],"curies":[{"name":"wp","href":"https:\/\/api.w.org\/{rel}","templated":true}]}}