{"id":8260,"date":"2026-03-12T13:06:24","date_gmt":"2026-03-12T10:06:24","guid":{"rendered":"https:\/\/www.kocaelispor.tv.tr\/?p=8260"},"modified":"2026-03-12T13:06:29","modified_gmt":"2026-03-12T10:06:29","slug":"top-aglarda-10-mart-2026-kocaelitv","status":"publish","type":"post","link":"https:\/\/www.kocaelispor.tv.tr\/?p=8260","title":{"rendered":"TOP A\u011eLARDA 10 MART 2026 @KocaeliTV"},"content":{"rendered":"<figure class=\"wp-block-embed-youtube wp-block-embed is-type-video is-provider-youtube wp-embed-aspect-16-9 wp-has-aspect-ratio\"><div class=\"lyte-wrapper\" style=\"width:640px;max-width:100%;margin:5px auto;\"><div class=\"lyMe hidef\" id=\"WYL_v0bICtXm9E8\"><div id=\"lyte_v0bICtXm9E8\" data-src=\"https:\/\/www.kocaelispor.tv.tr\/wp-content\/plugins\/wp-youtube-lyte\/lyteCache.php?origThumbUrl=%2F%2Fi.ytimg.com%2Fvi%2Fv0bICtXm9E8%2Fhqdefault.jpg\" class=\"pL\"><div class=\"tC\"><div class=\"tT\"><\/div><\/div><div class=\"play\"><\/div><div class=\"ctrl\"><div class=\"Lctrl\"><\/div><div class=\"Rctrl\"><\/div><\/div><\/div><noscript><a href=\"https:\/\/youtu.be\/v0bICtXm9E8\" rel=\"nofollow noopener\" target=\"_blank\"><img loading=\"lazy\" decoding=\"async\" src=\"https:\/\/www.kocaelispor.tv.tr\/wp-content\/plugins\/wp-youtube-lyte\/lyteCache.php?origThumbUrl=https%3A%2F%2Fi.ytimg.com%2Fvi%2Fv0bICtXm9E8%2F0.jpg\" alt=\"YouTube video thumbnail\" width=\"640\" height=\"340\" title=\"\"><\/a><\/noscript><\/div><\/div><div class=\"lL\" style=\"max-width:100%;width:640px;margin:5px auto;\"> <a href=\"https:\/\/youtu.be\/v0bICtXm9E8\" target=\"_blank\" rel=\"noopener\">Watch this video on YouTube<\/a>.<br\/><span class=\"lyte_disclaimer\">*** Sitemizde payla\u015f\u0131lan videolar\u0131n t\u00fcm sorumlulu\u011fu, video \u2018nun yay\u0131nc\u0131s\u0131na aittir. ***<\/span><\/div><figcaption><\/figcaption><\/figure>\n\n\n<!--more-->\n\n\n\n<h1 class=\"wp-block-heading\"><strong>K\u00f6rfez\u2019de Bahar Havas\u0131: Ey\u00fcpspor Galibiyetiyle Nefes Ald\u0131k!<\/strong><\/h1>\n\n\n\n<p><strong>Kocaelispor, haftalard\u0131r s\u00fcren suskunlu\u011funu \u0130stanbul deplasman\u0131nda bozdu. Ey\u00fcpspor kar\u015f\u0131s\u0131nda Serdar Dursun\u2019un penalt\u0131 gol\u00fcyle gelen 1-0\u2019l\u0131k galibiyet, Ye\u015fil-Siyahl\u0131 camiay\u0131 aya\u011fa kald\u0131r\u0131rken ligdeki yerimizi yeniden 7. s\u0131raya ta\u015f\u0131d\u0131. K\u00f6rfez ekibi, bu kritik e\u015fi\u011fi kay\u0131ps\u0131z ge\u00e7erek ligde kalma korkusunu tamamen \u00fczerinden att\u0131.<\/strong><\/p>\n\n\n\n<p>Kocaeli TV ekranlar\u0131nda yay\u0131nlanan <strong>&#8220;Top A\u011flarda&#8221;<\/strong> program\u0131nda, Ey\u00fcpspor zaferi t\u00fcm detaylar\u0131yla masaya yat\u0131r\u0131ld\u0131. Gazeteciler ve spor adamlar\u0131n\u0131n ortak g\u00f6r\u00fc\u015f\u00fc; oyun tatmin etmese de al\u0131nan 3 puan\u0131n &#8220;alt\u0131n de\u011ferinde&#8221; oldu\u011fu y\u00f6n\u00fcndeydi.<\/p>\n\n\n\n<h2 class=\"wp-block-heading\"><strong>Kritik E\u015fik Ge\u00e7ildi: Hedef \u0130lk 10<\/strong><\/h2>\n\n\n\n<p>Ligin ikinci yar\u0131s\u0131na sanc\u0131l\u0131 bir ba\u015flang\u0131\u00e7 yapan ve \u00fcst \u00fcste 3 hafta gol atamadan puan kaybeden <strong>Ye\u015fil-Siyahl\u0131lar<\/strong>, Ey\u00fcpspor kar\u015f\u0131s\u0131nda stratejik bir galibiyet ald\u0131. Program yorumcular\u0131, bu galibiyetle birlikte 33 puana ula\u015fan temsilcimizin art\u0131k d\u00fc\u015fme hatt\u0131yla ba\u011f\u0131n\u0131 kopard\u0131\u011f\u0131n\u0131 vurgulad\u0131.<\/p>\n\n\n\n<h3 class=\"wp-block-heading\"><strong>Ma\u00e7\u0131n Kahraman\u0131: G\u00f6khan De\u011firmenci<\/strong><\/h3>\n\n\n\n<p>37 ya\u015f\u0131ndaki tecr\u00fcbeli eldiven, Ey\u00fcpspor kar\u015f\u0131s\u0131nda kalesinde devle\u015fti. \u00d6zellikle ilk yar\u0131da Umut Bozok ile kar\u015f\u0131 kar\u015f\u0131ya kald\u0131\u011f\u0131 pozisyon ve k\u00f6\u015feye giden serbest vuru\u015ftaki refleksiyle ma\u00e7\u0131n kaderini de\u011fi\u015ftirdi. <strong>Aykut Okan<\/strong>, &#8220;Atan\u0131nla tutan\u0131n iyi olacak derler, Kocaelispor \u015fu an tutan\u0131 konusunda \u00e7ok \u015fansl\u0131&#8221; diyerek tecr\u00fcbeli kaleciye hakk\u0131n\u0131 teslim etti. [<a href=\"http:\/\/www.youtube.com\/watch?v=v0bICtXm9E8&amp;t=867\" target=\"_blank\" rel=\"noreferrer noopener\">14:27<\/a>]<\/p>\n\n\n\n<h3 class=\"wp-block-heading\"><strong>Kadroda S\u00fcrpriz Karar: Smolic Her Yerde!<\/strong><\/h3>\n\n\n\n<p>Hocan\u0131n kadro tercihlerinde en dikkat \u00e7eken isim yine <strong>Smolcic<\/strong> oldu. Haydara&#8217;n\u0131n hafif sakatl\u0131\u011f\u0131 nedeniyle sol bekte g\u00f6rev yapan Smolcic, hem savunmadaki dirayeti hem de Serdar Dursun\u2019un penalt\u0131 ald\u0131\u011f\u0131 pozisyonun ortas\u0131n\u0131 a\u00e7arak galibiyete do\u011frudan katk\u0131 sa\u011flad\u0131. [<a href=\"http:\/\/www.youtube.com\/watch?v=v0bICtXm9E8&amp;t=997\" target=\"_blank\" rel=\"noreferrer noopener\">16:37<\/a>]<\/p>\n\n\n\n<h2 class=\"wp-block-heading\"><strong>H\u00fccum Hatt\u0131nda \u00dcretkenlik Sorunu S\u00fcr\u00fcyor<\/strong><\/h2>\n\n\n\n<p>Galibiyete ra\u011fmen, Kocaelispor\u2019un h\u00fccumdaki varyasyon eksikli\u011fi ele\u015ftiri oklar\u0131n\u0131n hedefindeydi. \u00d6zellikle <strong>Lineti<\/strong>\u2019nin haftalard\u0131r s\u00fcren form d\u00fc\u015f\u00fckl\u00fc\u011f\u00fc ve h\u00fccum kanatlar\u0131n\u0131n i\u015flememesi, \u00f6n\u00fcm\u00fczdeki haftalar i\u00e7in bir soru i\u015fareti olarak not edildi. [<a target=\"_blank\" rel=\"noreferrer noopener\" href=\"http:\/\/www.youtube.com\/watch?v=v0bICtXm9E8&amp;t=1422\">23:42<\/a>]<\/p>\n\n\n\n<hr class=\"wp-block-separator has-alpha-channel-opacity\"\/>\n\n\n\n<h2 class=\"wp-block-heading\"><strong>K\u00f6rfez Yasta: Orhan Kaynak ve Sait Topal\u2019\u0131 Kaybettik<\/strong><\/h2>\n\n\n\n<p>Program\u0131n en h\u00fcz\u00fcnl\u00fc anlar\u0131 ise al\u0131nan vefat haberleri oldu. Kocaelispor\u2019a 6 sezon hizmet etmi\u015f olan eski futbolcu ve Trabzonspor Scout ekibi g\u00f6revlisi <strong>Orhan Kaynak<\/strong>\u2019\u0131n kalp krizi sonucu hayat\u0131n\u0131 kaybetmesi spor camias\u0131n\u0131 \u015fok etti. [<a target=\"_blank\" rel=\"noreferrer noopener\" href=\"http:\/\/www.youtube.com\/watch?v=v0bICtXm9E8&amp;t=1593\">26:33<\/a>] Ayr\u0131ca Derince Gen\u00e7lerbirli\u011fi\u2019nin efsane ba\u015fkan\u0131 <strong>Sait Topal<\/strong> da dualarla son yolculu\u011funa u\u011furland\u0131. [<a target=\"_blank\" rel=\"noreferrer noopener\" href=\"http:\/\/www.youtube.com\/watch?v=v0bICtXm9E8&amp;t=466\">07:46<\/a>]<\/p>\n\n\n\n<p><strong>Kaynak ve Te\u015fekk\u00fcr<\/strong> Bu i\u00e7erik, Kocaeli TV\u2019de yay\u0131nlanan Hayrettin Albayrak moderat\u00f6rl\u00fc\u011f\u00fcndeki &#8220;Top A\u011flarda&#8221; program\u0131ndaki canl\u0131 g\u00f6zlemler ve  \u00d6mer L\u00fctfi \u00c7elik, Aykut Okan, Taha Burak Yavuz&#8217; un yorumlar\u0131 esas al\u0131narak haz\u0131rlanm\u0131\u015ft\u0131r.<\/p>\n\n\n\n<p>#Kocaelispor #K\u00f6rfez #Ey\u00fcpsporGalibiyeti #SerdarDursun #G\u00f6khanDe\u011firmenci #Ye\u015filSiyah<\/p>\n\n\n\n<ul class=\"wp-block-list\">\n<li>Web Sitemiz 5651 say\u0131l\u0131 kanun \u00e7er\u00e7evesinde faaliyet g\u00f6stermekte olup yay\u0131nlanan i\u00e7eriklerden sorumlu de\u011fildir. Fakat i\u00e7eri\u011fin kanuna ayk\u0131r\u0131 veya telif hakk\u0131 i\u00e7erdi\u011fi ile ilgili yaz\u0131l\u0131 veya dijital bir tebli\u011f almas\u0131 halinde s\u00f6z konusu i\u00e7eri\u011fi kald\u0131rmakla m\u00fckelleftir.<\/li>\n<\/ul>\n","protected":false},"excerpt":{"rendered":"","protected":false},"author":1,"featured_media":8262,"comment_status":"closed","ping_status":"closed","sticky":false,"template":"","format":"standard","meta":{"footnotes":""},"categories":[3,123,5,14,18,4,15],"tags":[3204,345,234,124,48,2205,3210,3211,927,772,3208],"class_list":["post-8260","post","type-post","status-publish","format-standard","has-post-thumbnail","hentry","category-kocaelispor","category-kocaeli-tv","category-lig","category-medya","category-siper-lig","category-turnuva","category-yerel-medya","tag-ahmet-smolic","tag-eyupspor","tag-gokhan-degirmenci","tag-kocaeli-tv","tag-kocaelispor","tag-korfez","tag-orhan-kaynak","tag-sait-topal","tag-serdar-dursun","tag-top-aglarda","tag-top-aglarda-10-mart-2026-kocaelitv"],"amp_enabled":true,"_links":{"self":[{"href":"https:\/\/www.kocaelispor.tv.tr\/index.php?rest_route=\/wp\/v2\/posts\/8260","targetHints":{"allow":["GET"]}}],"collection":[{"href":"https:\/\/www.kocaelispor.tv.tr\/index.php?rest_route=\/wp\/v2\/posts"}],"about":[{"href":"https:\/\/www.kocaelispor.tv.tr\/index.php?rest_route=\/wp\/v2\/types\/post"}],"author":[{"embeddable":true,"href":"https:\/\/www.kocaelispor.tv.tr\/index.php?rest_route=\/wp\/v2\/users\/1"}],"replies":[{"embeddable":true,"href":"https:\/\/www.kocaelispor.tv.tr\/index.php?rest_route=%2Fwp%2Fv2%2Fcomments&post=8260"}],"version-history":[{"count":2,"href":"https:\/\/www.kocaelispor.tv.tr\/index.php?rest_route=\/wp\/v2\/posts\/8260\/revisions"}],"predecessor-version":[{"id":8264,"href":"https:\/\/www.kocaelispor.tv.tr\/index.php?rest_route=\/wp\/v2\/posts\/8260\/revisions\/8264"}],"wp:featuredmedia":[{"embeddable":true,"href":"https:\/\/www.kocaelispor.tv.tr\/index.php?rest_route=\/wp\/v2\/media\/8262"}],"wp:attachment":[{"href":"https:\/\/www.kocaelispor.tv.tr\/index.php?rest_route=%2Fwp%2Fv2%2Fmedia&parent=8260"}],"wp:term":[{"taxonomy":"category","embeddable":true,"href":"https:\/\/www.kocaelispor.tv.tr\/index.php?rest_route=%2Fwp%2Fv2%2Fcategories&post=8260"},{"taxonomy":"post_tag","embeddable":true,"href":"https:\/\/www.kocaelispor.tv.tr\/index.php?rest_route=%2Fwp%2Fv2%2Ftags&post=8260"}],"curies":[{"name":"wp","href":"https:\/\/api.w.org\/{rel}","templated":true}]}}