{"id":7939,"date":"2026-02-14T18:10:42","date_gmt":"2026-02-14T15:10:42","guid":{"rendered":"https:\/\/www.kocaelispor.tv.tr\/?p=7939"},"modified":"2026-02-14T18:10:48","modified_gmt":"2026-02-14T15:10:48","slug":"maca-dogru-13-subat-2026-tv41","status":"publish","type":"post","link":"https:\/\/www.kocaelispor.tv.tr\/?p=7939","title":{"rendered":"MA\u00c7A DO\u011eRU 13 \u015eubat 2026 @tv41"},"content":{"rendered":"<figure class=\"wp-block-embed-youtube wp-block-embed is-type-video is-provider-youtube wp-embed-aspect-4-3 wp-has-aspect-ratio\"><div class=\"lyte-wrapper\" style=\"width:640px;max-width:100%;margin:5px auto;\"><div class=\"lyMe hidef\" id=\"WYL__OjVd84o2EA\"><div id=\"lyte__OjVd84o2EA\" data-src=\"https:\/\/www.kocaelispor.tv.tr\/wp-content\/plugins\/wp-youtube-lyte\/lyteCache.php?origThumbUrl=%2F%2Fi.ytimg.com%2Fvi%2F_OjVd84o2EA%2Fhqdefault.jpg\" class=\"pL\"><div class=\"tC\"><div class=\"tT\"><\/div><\/div><div class=\"play\"><\/div><div class=\"ctrl\"><div class=\"Lctrl\"><\/div><div class=\"Rctrl\"><\/div><\/div><\/div><noscript><a href=\"https:\/\/youtu.be\/_OjVd84o2EA\" rel=\"nofollow noopener\" target=\"_blank\"><img loading=\"lazy\" decoding=\"async\" src=\"https:\/\/www.kocaelispor.tv.tr\/wp-content\/plugins\/wp-youtube-lyte\/lyteCache.php?origThumbUrl=https%3A%2F%2Fi.ytimg.com%2Fvi%2F_OjVd84o2EA%2F0.jpg\" alt=\"YouTube video thumbnail\" width=\"640\" height=\"340\" title=\"\"><\/a><\/noscript><\/div><\/div><div class=\"lL\" style=\"max-width:100%;width:640px;margin:5px auto;\"> <a href=\"https:\/\/youtu.be\/_OjVd84o2EA\" target=\"_blank\" rel=\"noopener\">Watch this video on YouTube<\/a>.<br\/><span class=\"lyte_disclaimer\">*** Sitemizde payla\u015f\u0131lan videolar\u0131n t\u00fcm sorumlulu\u011fu, video \u2018nun yay\u0131nc\u0131s\u0131na aittir. ***<\/span><\/div><figcaption><\/figcaption><\/figure>\n\n\n<!--more-->\n\n\n\n<h1 class=\"wp-block-heading\">Lisans Krizi \u00d6telendi, G\u00f6zler Gaziantep Ma\u00e7\u0131nda<\/h1>\n\n\n\n<p>Kocaelispor, Kayserispor deplasman\u0131ndan al\u0131nan alt\u0131n de\u011ferindeki 3 puan\u0131n ard\u0131ndan, hem saha d\u0131\u015f\u0131ndaki ekonomik tabloyu hem de Pazar g\u00fcn\u00fc oynanacak Gaziantep FK m\u00fccadelesini g\u00fcndemine ald\u0131. <strong>TV41<\/strong> ekranlar\u0131nda yay\u0131nlanan &#8220;Ma\u00e7a Do\u011fru&#8221; program\u0131nda Selim Ery\u0131lmaz ve \u00c7etin Kara, Ye\u015fil-Siyahl\u0131 camian\u0131n nabz\u0131n\u0131 tuttu.<\/p>\n\n\n\n<h2 class=\"wp-block-heading\">Lisans Korkusu \u015eimdilik Rafta: 23 Mart Son G\u00fcn<\/h2>\n\n\n\n<p>Kocaelispor taraftar\u0131n\u0131n g\u00fcnlerdir uykusunu ka\u00e7\u0131ran &#8220;puan silme cezas\u0131&#8221; tehlikesiyle ilgili m\u00fcjdeli haber geldi. Kul\u00fcb\u00fcn yakla\u015f\u0131k 250 milyon TL\u2019lik vergi ve SGK borcu nedeniyle a\u015famad\u0131\u011f\u0131 ulusal lisans engeli, TFF\u2019nin ek s\u00fcre vermesiyle \u015fimdilik a\u015f\u0131ld\u0131.<\/p>\n\n\n\n<p><strong>\u00d6nemli Detay:<\/strong> Pazartesi g\u00fcn\u00fc dolan s\u00fcre, al\u0131nan son bilgilere g\u00f6re <strong>23 Mart<\/strong> tarihine kadar uzat\u0131ld\u0131. Ancak teknik direkt\u00f6r \u00c7etin Kara, bu durumun rehavet yaratmamas\u0131 gerekti\u011fini belirterek, &#8220;Bu bir itibar meselesidir, \u00e7\u00f6z\u00fcm i\u00e7in son g\u00fcne kadar beklenmemeli&#8221; uyar\u0131s\u0131nda bulundu.<\/p>\n\n\n\n<h2 class=\"wp-block-heading\">Sel\u00e7uk \u0130nan\u2019a Bo\u011faz\u2019da S\u00fcrpriz, Brunga\u2019da Kutlama<\/h2>\n\n\n\n<p>Ye\u015fil-Siyahl\u0131lar\u0131n gen\u00e7 patronu <strong>Sel\u00e7uk \u0130nan<\/strong>, 10 \u015eubat\u2019ta 41. ya\u015f\u0131na girdi. Kocaeli\u2019nin plaka koduyla (41) \u00f6rt\u00fc\u015fen bu ya\u015f g\u00fcn\u00fc i\u00e7in K\u00f6rfez camias\u0131 seferber oldu. \u0130stanbul Bo\u011faz\u0131\u2019nda teknelerle yap\u0131lan me\u015faleli kutlaman\u0131n ard\u0131ndan, Brunga Tesisleri\u2019nde de bas\u0131n mensuplar\u0131 ve futbolcular\u0131n kat\u0131l\u0131m\u0131yla pasta kesildi. Kayseri galibiyetiyle gelen moral, bu kutlamalarla per\u00e7inlendi.<\/p>\n\n\n<ul class=\"wp-block-latest-posts__list is-grid columns-5 wp-block-latest-posts has-small-font-size\"><li><div class=\"wp-block-latest-posts__featured-image aligncenter\"><a href=\"https:\/\/www.kocaelispor.tv.tr\/?p=8525\" aria-label=\"G\u00d6ZTEPE EL\u0130M\u0130ZDEN KA\u00c7TI! | Kocaelispor 1-1 G\u00f6ztepe | Gen\u00e7lerbirli\u011fi | Y\u00fcr\u00fcy\u00fc\u015f Yolu S2B25 20 Nisan 2026 @LaGolfo\"><img loading=\"lazy\" decoding=\"async\" width=\"150\" height=\"150\" src=\"https:\/\/www.kocaelispor.tv.tr\/wp-content\/uploads\/2026\/04\/goztepe-elimizden-kacti-kocaelispor-1-1-goztepe-genclerbirligi-yuruyus-yolu-s2b25-150x150.jpg\" class=\"attachment-thumbnail size-thumbnail wp-post-image\" alt=\"\" style=\"\" srcset=\"https:\/\/www.kocaelispor.tv.tr\/wp-content\/uploads\/2026\/04\/goztepe-elimizden-kacti-kocaelispor-1-1-goztepe-genclerbirligi-yuruyus-yolu-s2b25-150x150.jpg 150w, https:\/\/www.kocaelispor.tv.tr\/wp-content\/uploads\/2026\/04\/goztepe-elimizden-kacti-kocaelispor-1-1-goztepe-genclerbirligi-yuruyus-yolu-s2b25-96x96.jpg 96w\" sizes=\"auto, (max-width: 150px) 100vw, 150px\" title=\"\"><\/a><\/div><a class=\"wp-block-latest-posts__post-title\" href=\"https:\/\/www.kocaelispor.tv.tr\/?p=8525\">G\u00d6ZTEPE EL\u0130M\u0130ZDEN KA\u00c7TI! | Kocaelispor 1-1 G\u00f6ztepe | Gen\u00e7lerbirli\u011fi | Y\u00fcr\u00fcy\u00fc\u015f Yolu S2B25 20 Nisan 2026 @LaGolfo<\/a><\/li>\n<li><div class=\"wp-block-latest-posts__featured-image aligncenter\"><a href=\"https:\/\/www.kocaelispor.tv.tr\/?p=8560\" aria-label=\"3.DEVRE 20 Nisan 2026 @tv41\"><img loading=\"lazy\" decoding=\"async\" width=\"150\" height=\"150\" src=\"https:\/\/www.kocaelispor.tv.tr\/wp-content\/uploads\/2026\/04\/20-04-2026-3-devre-150x150.jpg\" class=\"attachment-thumbnail size-thumbnail wp-post-image\" alt=\"\" style=\"\" srcset=\"https:\/\/www.kocaelispor.tv.tr\/wp-content\/uploads\/2026\/04\/20-04-2026-3-devre-150x150.jpg 150w, https:\/\/www.kocaelispor.tv.tr\/wp-content\/uploads\/2026\/04\/20-04-2026-3-devre-96x96.jpg 96w\" sizes=\"auto, (max-width: 150px) 100vw, 150px\" title=\"\"><\/a><\/div><a class=\"wp-block-latest-posts__post-title\" href=\"https:\/\/www.kocaelispor.tv.tr\/?p=8560\">3.DEVRE 20 Nisan 2026 @tv41<\/a><\/li>\n<li><div class=\"wp-block-latest-posts__featured-image aligncenter\"><a href=\"https:\/\/www.kocaelispor.tv.tr\/?p=8555\" aria-label=\"&#8220;Efsane Forma&#8221; Tiyatro Oyunu | Kocaelispor 60. Y\u0131l Kutlamalar\u0131\u00a0#kocaelispor\u00a0#tiyatro 25 Nisan 2026 @Emrah\u00d6z\u015fahin\"><img loading=\"lazy\" decoding=\"async\" width=\"150\" height=\"150\" src=\"https:\/\/www.kocaelispor.tv.tr\/wp-content\/uploads\/2026\/04\/efsane-forma-tiyatro-oyunu-kocaelispor-60-yil-kutlamalari-kocaelispor-tiyatro-150x150.jpg\" class=\"attachment-thumbnail size-thumbnail wp-post-image\" alt=\"\" style=\"\" srcset=\"https:\/\/www.kocaelispor.tv.tr\/wp-content\/uploads\/2026\/04\/efsane-forma-tiyatro-oyunu-kocaelispor-60-yil-kutlamalari-kocaelispor-tiyatro-150x150.jpg 150w, https:\/\/www.kocaelispor.tv.tr\/wp-content\/uploads\/2026\/04\/efsane-forma-tiyatro-oyunu-kocaelispor-60-yil-kutlamalari-kocaelispor-tiyatro-96x96.jpg 96w\" sizes=\"auto, (max-width: 150px) 100vw, 150px\" title=\"\"><\/a><\/div><a class=\"wp-block-latest-posts__post-title\" href=\"https:\/\/www.kocaelispor.tv.tr\/?p=8555\">&#8220;Efsane Forma&#8221; Tiyatro Oyunu | Kocaelispor 60. Y\u0131l Kutlamalar\u0131\u00a0#kocaelispor\u00a0#tiyatro 25 Nisan 2026 @Emrah\u00d6z\u015fahin<\/a><\/li>\n<li><div class=\"wp-block-latest-posts__featured-image aligncenter\"><a href=\"https:\/\/www.kocaelispor.tv.tr\/?p=8572\" aria-label=\"Sel\u00e7uk \u0130nan: &#8220;En az\u0131ndan 1 puan\u0131 hak etmi\u015ftik&#8221; 26 Nisan 2026 @beINSports\"><img loading=\"lazy\" decoding=\"async\" width=\"150\" height=\"150\" src=\"https:\/\/www.kocaelispor.tv.tr\/wp-content\/uploads\/2026\/04\/Ekran-Resmi-2026-04-26-18.32.06-150x150.png\" class=\"attachment-thumbnail size-thumbnail wp-post-image\" alt=\"\" style=\"\" srcset=\"https:\/\/www.kocaelispor.tv.tr\/wp-content\/uploads\/2026\/04\/Ekran-Resmi-2026-04-26-18.32.06-150x150.png 150w, https:\/\/www.kocaelispor.tv.tr\/wp-content\/uploads\/2026\/04\/Ekran-Resmi-2026-04-26-18.32.06-96x96.png 96w\" sizes=\"auto, (max-width: 150px) 100vw, 150px\" title=\"\"><\/a><\/div><a class=\"wp-block-latest-posts__post-title\" href=\"https:\/\/www.kocaelispor.tv.tr\/?p=8572\">Sel\u00e7uk \u0130nan: &#8220;En az\u0131ndan 1 puan\u0131 hak etmi\u015ftik&#8221; 26 Nisan 2026 @beINSports<\/a><\/li>\n<li><div class=\"wp-block-latest-posts__featured-image aligncenter\"><a href=\"https:\/\/www.kocaelispor.tv.tr\/?p=8582\" aria-label=\"Galatasaray &#8211; Fenerbah\u00e7e ve Natura D\u00fcnyas\u0131 Gen\u00e7lerbirli\u011fi &#8211; Kocaelispor ma\u00e7lar\u0131n\u0131n Tart\u0131\u015fmal\u0131 Pozisyonlar\u0131 | Trio 115. B\u00f6l\u00fcm 27 Nisan 2026 @beINSports\"><img loading=\"lazy\" decoding=\"async\" width=\"150\" height=\"150\" src=\"https:\/\/www.kocaelispor.tv.tr\/wp-content\/uploads\/2026\/04\/galatasaray-fenerbahce-macinin-tartismali-pozisyonlari-trio-115-bolum-150x150.jpg\" class=\"attachment-thumbnail size-thumbnail wp-post-image\" alt=\"\" style=\"\" srcset=\"https:\/\/www.kocaelispor.tv.tr\/wp-content\/uploads\/2026\/04\/galatasaray-fenerbahce-macinin-tartismali-pozisyonlari-trio-115-bolum-150x150.jpg 150w, https:\/\/www.kocaelispor.tv.tr\/wp-content\/uploads\/2026\/04\/galatasaray-fenerbahce-macinin-tartismali-pozisyonlari-trio-115-bolum-96x96.jpg 96w\" sizes=\"auto, (max-width: 150px) 100vw, 150px\" title=\"\"><\/a><\/div><a class=\"wp-block-latest-posts__post-title\" href=\"https:\/\/www.kocaelispor.tv.tr\/?p=8582\">Galatasaray &#8211; Fenerbah\u00e7e ve Natura D\u00fcnyas\u0131 Gen\u00e7lerbirli\u011fi &#8211; Kocaelispor ma\u00e7lar\u0131n\u0131n Tart\u0131\u015fmal\u0131 Pozisyonlar\u0131 | Trio 115. B\u00f6l\u00fcm 27 Nisan 2026 @beINSports<\/a><\/li>\n<\/ul>\n\n\n<h2 class=\"wp-block-heading\">BAL\u2019da Kocaeli Derbisi Heyecan\u0131<\/h2>\n\n\n\n<p>Programda yerel liglere de de\u011finildi. B\u00f6lgesel Amat\u00f6r Lig&#8217;de \u015fampiyonluk m\u00fccadelesi veren Kocaeli ekiplerinden <strong>G\u00f6lc\u00fckspor<\/strong> liderli\u011fini s\u00fcrd\u00fcr\u00fcrken, bu hafta sonu Dar\u0131ca\u2019da dev bir derbi (Dar\u0131ca T\u00fcrkiyeli Gen\u00e7lik &#8211; Dar\u0131ca Gen\u00e7lerbirli\u011fi) heyecan\u0131 ya\u015fanacak.<\/p>\n\n\n\n<hr class=\"wp-block-separator has-alpha-channel-opacity\"\/>\n\n\n\n<p><strong>Kaynak ve Te\u015fekk\u00fcr<\/strong> Bu i\u00e7erik, <strong>TV41<\/strong> &#8220;Ma\u00e7a Do\u011fru&#8221; program\u0131 yorumcular\u0131 Selim Ery\u0131lmaz ve \u00c7etin Kara\u2019n\u0131n canl\u0131 yay\u0131n beyanlar\u0131 do\u011frultusunda haz\u0131rlanm\u0131\u015ft\u0131r.<\/p>\n\n\n\n<p>#Kocaelispor #Sel\u00e7uk\u0130nan #K\u00f6rfez #Ye\u015filSiyah #GaziantepFK #S\u00fcperLig #KarolLinetty #G\u00f6khanDe\u011firmenci<\/p>\n\n\n\n<ul class=\"wp-block-list\">\n<li>Web Sitemiz 5651 say\u0131l\u0131 kanun \u00e7er\u00e7evesinde faaliyet g\u00f6stermekte olup yay\u0131nlanan i\u00e7eriklerden sorumlu de\u011fildir. Fakat i\u00e7eri\u011fin kanuna ayk\u0131r\u0131 veya telif hakk\u0131 i\u00e7erdi\u011fi ile ilgili yaz\u0131l\u0131 veya dijital bir tebli\u011f almas\u0131 halinde s\u00f6z konusu i\u00e7eri\u011fi kald\u0131rmakla m\u00fckelleftir.<\/li>\n<\/ul>\n","protected":false},"excerpt":{"rendered":"","protected":false},"author":1,"featured_media":7942,"comment_status":"closed","ping_status":"closed","sticky":false,"template":"","format":"standard","meta":{"footnotes":""},"categories":[3,5,14,18,4,92,15],"tags":[2720],"class_list":["post-7939","post","type-post","status-publish","format-standard","has-post-thumbnail","hentry","category-kocaelispor","category-lig","category-medya","category-siper-lig","category-turnuva","category-tv-41","category-yerel-medya","tag-maca-dogru-13-subat-2026-tv41"],"amp_enabled":true,"_links":{"self":[{"href":"https:\/\/www.kocaelispor.tv.tr\/index.php?rest_route=\/wp\/v2\/posts\/7939","targetHints":{"allow":["GET"]}}],"collection":[{"href":"https:\/\/www.kocaelispor.tv.tr\/index.php?rest_route=\/wp\/v2\/posts"}],"about":[{"href":"https:\/\/www.kocaelispor.tv.tr\/index.php?rest_route=\/wp\/v2\/types\/post"}],"author":[{"embeddable":true,"href":"https:\/\/www.kocaelispor.tv.tr\/index.php?rest_route=\/wp\/v2\/users\/1"}],"replies":[{"embeddable":true,"href":"https:\/\/www.kocaelispor.tv.tr\/index.php?rest_route=%2Fwp%2Fv2%2Fcomments&post=7939"}],"version-history":[{"count":2,"href":"https:\/\/www.kocaelispor.tv.tr\/index.php?rest_route=\/wp\/v2\/posts\/7939\/revisions"}],"predecessor-version":[{"id":7944,"href":"https:\/\/www.kocaelispor.tv.tr\/index.php?rest_route=\/wp\/v2\/posts\/7939\/revisions\/7944"}],"wp:featuredmedia":[{"embeddable":true,"href":"https:\/\/www.kocaelispor.tv.tr\/index.php?rest_route=\/wp\/v2\/media\/7942"}],"wp:attachment":[{"href":"https:\/\/www.kocaelispor.tv.tr\/index.php?rest_route=%2Fwp%2Fv2%2Fmedia&parent=7939"}],"wp:term":[{"taxonomy":"category","embeddable":true,"href":"https:\/\/www.kocaelispor.tv.tr\/index.php?rest_route=%2Fwp%2Fv2%2Fcategories&post=7939"},{"taxonomy":"post_tag","embeddable":true,"href":"https:\/\/www.kocaelispor.tv.tr\/index.php?rest_route=%2Fwp%2Fv2%2Ftags&post=7939"}],"curies":[{"name":"wp","href":"https:\/\/api.w.org\/{rel}","templated":true}]}}