{"id":7569,"date":"2026-01-21T12:45:44","date_gmt":"2026-01-21T09:45:44","guid":{"rendered":"https:\/\/www.kocaelispor.tv.tr\/?p=7569"},"modified":"2026-01-23T12:02:23","modified_gmt":"2026-01-23T09:02:23","slug":"kocaelisporda-samsunspor-macinin-hazirliklari-devam-ediyor-221-ocak-2026-noktatv","status":"publish","type":"post","link":"https:\/\/www.kocaelispor.tv.tr\/?p=7569","title":{"rendered":"Kocaelispor&#8217;da Samsunspor Ma\u00e7\u0131n\u0131n Haz\u0131rl\u0131klar\u0131 Devam Ediyor 21 Ocak 2026 @NoktaTV"},"content":{"rendered":"<figure class=\"wp-block-embed-youtube wp-block-embed is-type-video is-provider-youtube wp-embed-aspect-16-9 wp-has-aspect-ratio\"><div class=\"lyte-wrapper\" style=\"width:640px;max-width:100%;margin:5px auto;\"><div class=\"lyMe hidef\" id=\"WYL_aZzyt67-fyI\"><div id=\"lyte_aZzyt67-fyI\" data-src=\"https:\/\/www.kocaelispor.tv.tr\/wp-content\/plugins\/wp-youtube-lyte\/lyteCache.php?origThumbUrl=%2F%2Fi.ytimg.com%2Fvi%2FaZzyt67-fyI%2Fhqdefault.jpg\" class=\"pL\"><div class=\"tC\"><div class=\"tT\"><\/div><\/div><div class=\"play\"><\/div><div class=\"ctrl\"><div class=\"Lctrl\"><\/div><div class=\"Rctrl\"><\/div><\/div><\/div><noscript><a href=\"https:\/\/youtu.be\/aZzyt67-fyI\" rel=\"nofollow noopener\" target=\"_blank\"><img loading=\"lazy\" decoding=\"async\" src=\"https:\/\/www.kocaelispor.tv.tr\/wp-content\/plugins\/wp-youtube-lyte\/lyteCache.php?origThumbUrl=https%3A%2F%2Fi.ytimg.com%2Fvi%2FaZzyt67-fyI%2F0.jpg\" alt=\"YouTube video thumbnail\" width=\"640\" height=\"340\" title=\"\"><\/a><\/noscript><\/div><\/div><div class=\"lL\" style=\"max-width:100%;width:640px;margin:5px auto;\"> <a href=\"https:\/\/youtu.be\/aZzyt67-fyI\" target=\"_blank\" rel=\"noopener\">Watch this video on YouTube<\/a>.<br\/><span class=\"lyte_disclaimer\">*** Sitemizde payla\u015f\u0131lan videolar\u0131n t\u00fcm sorumlulu\u011fu, video \u2018nun yay\u0131nc\u0131s\u0131na aittir. ***<\/span><\/div><figcaption><\/figcaption><\/figure>\n\n\n<!--more-->\n\n\n\n<p>G\u00fcndemin nabz\u0131n\u0131 tutan haberler i\u00e7in YouTube kanal\u0131m\u0131z\u0131 izlemeyi, abone olmay\u0131 ve be\u011fenmeyi unutmay\u0131n!<\/p>\n\n\n\n<p>Nokta TV: \/ @noktatvcomizle<br>Nokta Gazetesi: <a href=\"https:\/\/www.noktagazetesi.com.tr\" target=\"_blank\" rel=\"noreferrer noopener\">https:\/\/www.noktagazetesi.com.tr<\/a><br>Instagram: \/ noktatvcomizle<br>Twitter : \/ noktatvcomizle<br>Facebook : \/ noktatvcom<\/p>\n\n\n\n<hr class=\"wp-block-separator has-alpha-channel-opacity\"\/>\n\n\n\n<h2 class=\"wp-block-heading\">Kocaelispor&#8217;da Samsunspor Mesaisi: Parola Mutlak Galibiyet<\/h2>\n\n\n\n<p>Trendyol S\u00fcper Lig&#8217;in 19. haftas\u0131nda deplasmanda Samsunspor ile kar\u015f\u0131la\u015facak olan Kocaelispor, zorlu ma\u00e7\u0131n haz\u0131rl\u0131klar\u0131n\u0131 s\u00fcrd\u00fcr\u00fcyor. K\u00f6rfez ekibi, Teknik Direkt\u00f6r Sel\u00e7uk \u0130nan y\u00f6netiminde Brunga Tesisleri&#8217;nde ger\u00e7ekle\u015ftirdi\u011fi antrenmanla \u00e7al\u0131\u015fmalar\u0131na h\u0131z verdi.<\/p>\n\n\n\n<h3 class=\"wp-block-heading\">Haz\u0131rl\u0131klar Taktik A\u011f\u0131rl\u0131kl\u0131 Ge\u00e7ti<\/h3>\n\n\n\n<p>Kocaelispor, ligin g\u00fc\u00e7l\u00fc ekiplerinden Samsunspor kar\u015f\u0131s\u0131nda puan veya puanlar almak i\u00e7in yo\u011fun bir tempoda \u00e7al\u0131\u015f\u0131yor. Is\u0131nma hareketleri ve d\u00fcz ko\u015fu ile ba\u015flayan antrenman, pas \u00e7al\u0131\u015fmalar\u0131yla devam etti. Ye\u015fil-siyahl\u0131lar, antrenman\u0131n ana b\u00f6l\u00fcm\u00fcnde ise Samsunspor ma\u00e7\u0131n\u0131n taktik provas\u0131n\u0131 ger\u00e7ekle\u015ftirdi. Oyuncular\u0131n h\u0131rsl\u0131 g\u00f6r\u00fcnt\u00fcs\u00fc teknik heyeti memnun etti.<\/p>\n\n\n\n\n\n<h3 class=\"wp-block-heading\">Sel\u00e7uk \u0130nan: &#8220;Amac\u0131m\u0131z Kazanarak D\u00f6nmek&#8221;<\/h3>\n\n\n\n<p>Antrenman \u00f6ncesi de\u011ferlendirmelerde bulunan Teknik Direkt\u00f6r Sel\u00e7uk \u0130nan, tak\u0131mdaki eksiklere dikkat \u00e7ekti ancak hedeflerinin de\u011fi\u015fmedi\u011fini vurgulad\u0131. Samsunspor&#8217;un i\u00e7 sahada etkili bir tak\u0131m oldu\u011funu belirten \u0130nan, zorlu deplasmandan galibiyetle d\u00f6nmek istediklerini ifade etti.<\/p>\n\n\n\n<p><strong>Sakatl\u0131k Raporu:<\/strong><\/p>\n\n\n\n<ul class=\"wp-block-list\">\n<li><strong>Joseph Nonge:<\/strong> Kas\u0131k problemi nedeniyle tedavisi s\u00fcr\u00fcyor.<\/li>\n\n\n\n<li><strong>Jovanovic:<\/strong> Sakatl\u0131\u011f\u0131 bulunuyor, Samsun ma\u00e7\u0131nda oynamas\u0131 beklenmiyor.<\/li>\n\n\n\n<li><strong>Smolcic:<\/strong> Sakatl\u0131\u011f\u0131 devam ediyor.<\/li>\n<\/ul>\n\n\n\n<h3 class=\"wp-block-heading\">Rivas&#8217;tan \u0130ddial\u0131 A\u00e7\u0131klamalar<\/h3>\n\n\n\n<p>Tak\u0131m\u0131n \u00f6nemli isimlerinden Rigoberto Rivas ise sakatl\u0131k s\u00fcrecini atlatt\u0131\u011f\u0131n\u0131 ve formunu bulmaya ba\u015flad\u0131\u011f\u0131n\u0131 belirtti. Rivas, &#8220;Sakatland\u0131\u011f\u0131m d\u00f6nemde i\u015fler istedi\u011fim gibi gitmedi ancak \u015fu an iyiyim. Hedefim tak\u0131ma maksimum katk\u0131y\u0131 sa\u011flamak. Samsun deplasman\u0131 zor olacak ama biz kazanmak i\u00e7in t\u00fcm haz\u0131rl\u0131klar\u0131m\u0131z\u0131 yap\u0131yoruz&#8221; \u015feklinde konu\u015ftu.<\/p>\n\n\n\n<h3 class=\"wp-block-heading\">Ma\u00e7 Bilgileri<\/h3>\n\n\n\n<figure class=\"wp-block-table is-style-stripes has-small-font-size\"><table class=\"has-fixed-layout\"><thead><tr><td><strong>Detay<\/strong><\/td><td><strong>Bilgi<\/strong><\/td><\/tr><\/thead><tbody><tr><td><strong>Rakip<\/strong><\/td><td>Samsunspor<\/td><\/tr><tr><td><strong>Tarih<\/strong><\/td><td>24 Ocak 2026, Cumartesi<\/td><\/tr><tr><td><strong>Saat<\/strong><\/td><td>17.00<\/td><\/tr><tr><td><strong>Stadyum<\/strong><\/td><td>Samsun Yeni 19 May\u0131s Stadyumu<\/td><\/tr><tr><td><strong>Yay\u0131n<\/strong><\/td><td>beIN Sports<\/td><\/tr><\/tbody><\/table><\/figure>\n\n\n\n\n\n<hr class=\"wp-block-separator has-alpha-channel-opacity\"\/>\n\n\n\n<h3 class=\"wp-block-heading\">Kaynak ve Te\u015fekk\u00fcr<\/h3>\n\n\n\n<p>Bu haber, <strong>Nokta Gazetesi<\/strong> YouTube kanal\u0131nda yay\u0131nlanan antrenman g\u00f6r\u00fcnt\u00fcleri ve bas\u0131n a\u00e7\u0131klamalar\u0131 temel al\u0131narak haz\u0131rlanm\u0131\u015ft\u0131r. Kocaelispor&#8217;u yak\u0131ndan takip ederek camiaya g\u00fcncel bilgiler sunan Nokta Gazetesi ekibine te\u015fekk\u00fcr ederiz.<\/p>\n\n\n\n<p>#Kocaelispor #K\u00f6rfez #Samsunspor #S\u00fcperLig #HedefGalibiyet #Ye\u015filSiyah #Kocaelispor  #S\u00fcperLig #Ma\u00e7\u00d6zeti #DanielAgyei #Kocaelispor #Motivasyon #ZihinselG\u00fc\u00e7 #Ba\u015far\u0131 #M\u00fccadele #Vizyon #SporPsikolojisi<\/p>\n\n\n\n<hr class=\"wp-block-separator has-alpha-channel-opacity\"\/>\n\n\n\n<blockquote class=\"wp-block-quote is-layout-flow wp-block-quote-is-layout-flow\">\n<p>Web Sitemiz 5651 say\u0131l\u0131 kanun \u00e7er\u00e7evesinde faaliyet g\u00f6stermekte olup yay\u0131nlanan i\u00e7eriklerden sorumlu de\u011fildir. Fakat i\u00e7eri\u011fin kanuna ayk\u0131r\u0131 veya telif hakk\u0131 i\u00e7erdi\u011fi ile ilgili yaz\u0131l\u0131 veya dijital bir tebli\u011f almas\u0131 halinde s\u00f6z konusu i\u00e7eri\u011fi kald\u0131rmakla m\u00fckelleftir.<\/p>\n<\/blockquote>\n","protected":false},"excerpt":{"rendered":"","protected":false},"author":1,"featured_media":7570,"comment_status":"closed","ping_status":"closed","sticky":false,"template":"","format":"standard","meta":{"footnotes":""},"categories":[705,3,25,5,14,93,18,28,4,15],"tags":[2487,2281,2213,48,2491,891,1300,2485,2205,1290,1101,2488,2490,1687,2463,1810,2492,2211,2489,2486],"class_list":["post-7569","post","type-post","status-publish","format-standard","has-post-thumbnail","hentry","category-antreman","category-kocaelispor","category-kulup","category-lig","category-medya","category-nokta-tv","category-siper-lig","category-teknik-heyet","category-turnuva","category-yerel-medya","tag-basari","tag-brunga-tesisleri","tag-daniel-agyei","tag-kocaelispor","tag-kocaelispor-galatasaray-ozet","tag-kocaelispor-haberleri","tag-kocaelispor-mac-sonucu","tag-kocaelisporda-samsunspor-macinin-hazirliklari-devam-ediyor-221-ocak-2026-noktatv","tag-korfez","tag-korfez-ekibi","tag-motivasyon","tag-mucadele-ruhu","tag-pes-etmemek","tag-rigoberto-rivas","tag-samsunspor","tag-selcuk-inan","tag-super-lig-12-hafta","tag-trendyol-super-lig","tag-vizyon","tag-zihinsel-guc"],"amp_enabled":true,"_links":{"self":[{"href":"https:\/\/www.kocaelispor.tv.tr\/index.php?rest_route=\/wp\/v2\/posts\/7569","targetHints":{"allow":["GET"]}}],"collection":[{"href":"https:\/\/www.kocaelispor.tv.tr\/index.php?rest_route=\/wp\/v2\/posts"}],"about":[{"href":"https:\/\/www.kocaelispor.tv.tr\/index.php?rest_route=\/wp\/v2\/types\/post"}],"author":[{"embeddable":true,"href":"https:\/\/www.kocaelispor.tv.tr\/index.php?rest_route=\/wp\/v2\/users\/1"}],"replies":[{"embeddable":true,"href":"https:\/\/www.kocaelispor.tv.tr\/index.php?rest_route=%2Fwp%2Fv2%2Fcomments&post=7569"}],"version-history":[{"count":0,"href":"https:\/\/www.kocaelispor.tv.tr\/index.php?rest_route=\/wp\/v2\/posts\/7569\/revisions"}],"wp:featuredmedia":[{"embeddable":true,"href":"https:\/\/www.kocaelispor.tv.tr\/index.php?rest_route=\/wp\/v2\/media\/7570"}],"wp:attachment":[{"href":"https:\/\/www.kocaelispor.tv.tr\/index.php?rest_route=%2Fwp%2Fv2%2Fmedia&parent=7569"}],"wp:term":[{"taxonomy":"category","embeddable":true,"href":"https:\/\/www.kocaelispor.tv.tr\/index.php?rest_route=%2Fwp%2Fv2%2Fcategories&post=7569"},{"taxonomy":"post_tag","embeddable":true,"href":"https:\/\/www.kocaelispor.tv.tr\/index.php?rest_route=%2Fwp%2Fv2%2Ftags&post=7569"}],"curies":[{"name":"wp","href":"https:\/\/api.w.org\/{rel}","templated":true}]}}