{"id":6466,"date":"2025-11-05T15:54:17","date_gmt":"2025-11-05T12:54:17","guid":{"rendered":"https:\/\/kocaelispor.tv.tr\/?p=6466"},"modified":"2025-11-05T15:54:26","modified_gmt":"2025-11-05T12:54:26","slug":"6466-obevam","status":"publish","type":"post","link":"https:\/\/www.kocaelispor.tv.tr\/?p=6466","title":{"rendered":"Serdar Dursun&#8217;dan Galatasaray a\u00e7\u0131klamas\u0131: Onlar\u0131 zor bir ma\u00e7 bekliyor 4 Kas\u0131m 2025 | Ajansspor"},"content":{"rendered":"<figure class=\"wp-block-embed-youtube wp-block-embed is-type-video is-provider-youtube wp-embed-aspect-16-9 wp-has-aspect-ratio\"><div class=\"lyte-wrapper\" style=\"width:640px;max-width:100%;margin:5px auto;\"><div class=\"lyMe hidef\" id=\"WYL_q8OFTAuJaVY\"><div id=\"lyte_q8OFTAuJaVY\" data-src=\"https:\/\/www.kocaelispor.tv.tr\/wp-content\/plugins\/wp-youtube-lyte\/lyteCache.php?origThumbUrl=%2F%2Fi.ytimg.com%2Fvi%2Fq8OFTAuJaVY%2Fhqdefault.jpg\" class=\"pL\"><div class=\"tC\"><div class=\"tT\"><\/div><\/div><div class=\"play\"><\/div><div class=\"ctrl\"><div class=\"Lctrl\"><\/div><div class=\"Rctrl\"><\/div><\/div><\/div><noscript><a href=\"https:\/\/youtu.be\/q8OFTAuJaVY\" rel=\"nofollow noopener\" target=\"_blank\"><img loading=\"lazy\" decoding=\"async\" src=\"https:\/\/www.kocaelispor.tv.tr\/wp-content\/plugins\/wp-youtube-lyte\/lyteCache.php?origThumbUrl=https%3A%2F%2Fi.ytimg.com%2Fvi%2Fq8OFTAuJaVY%2F0.jpg\" alt=\"YouTube video thumbnail\" width=\"640\" height=\"340\" title=\"\"><\/a><\/noscript><\/div><\/div><div class=\"lL\" style=\"max-width:100%;width:640px;margin:5px auto;\"> <a href=\"https:\/\/youtu.be\/q8OFTAuJaVY\" target=\"_blank\" rel=\"noopener\">Watch this video on YouTube<\/a>.<br\/><span class=\"lyte_disclaimer\">*** Sitemizde payla\u015f\u0131lan videolar\u0131n t\u00fcm sorumlulu\u011fu, video \u2018nun yay\u0131nc\u0131s\u0131na aittir. ***<\/span><\/div><figcaption><\/figcaption><\/figure>\n\n\n<!--more-->\n\n\n\n<p>Trendyol S\u00fcper Lig&#8217;in 12. haftas\u0131nda konuk edecekleri Galatasaray&#8217;a zor anlar ya\u015fatacaklar\u0131n\u0131 s\u00f6yleyen Kocaelispor&#8217;un tecr\u00fcbeli santrforu Serdar Dursun, sar\u0131-k\u0131rm\u0131z\u0131l\u0131 tak\u0131ma kar\u015f\u0131 gol sevinci ya\u015famak istedi\u011fini dile getirdi. Kocaelispor, Trendyol S\u00fcper Lig\u2019in 12. haftas\u0131nda 9 Kas\u0131m Pazar g\u00fcn\u00fc evinde oynayaca\u011f\u0131 Galatasaray ma\u00e7\u0131n\u0131n haz\u0131rl\u0131klar\u0131na devam etti. Hafta ba\u015f\u0131nda haz\u0131rl\u0131klar\u0131na ba\u015flayan K\u00f6rfez ekibinde tedavi i\u00e7in \u00fclkesine d\u00f6nen golc\u00fc oyuncu Bruno Petkovic ve Rigoberto Rivas antrenmanda yer almad\u0131. Tedavisi s\u00fcren Massadio Haidara bug\u00fcn tak\u0131mla \u00e7al\u0131\u015fmalara ba\u015flarken, Serdar Dursun da kontroll\u00fc olarak \u00e7al\u0131\u015fmalarda yerini ald\u0131. Serdar Dursun, idman \u00f6ncesinde de bas\u0131n mensuplar\u0131n\u0131n sorular\u0131n\u0131 yan\u0131tlad\u0131. Ba\u015fak\u015fehir ma\u00e7\u0131nda kafas\u0131na ald\u0131\u011f\u0131 darbeyle ilgili olarak Dursun, &#8220;Sa\u011fl\u0131k durumum gayet iyi. O g\u00fcn talihsiz bir an ya\u015fad\u0131k. Teknik ekip ve sa\u011fl\u0131k ekibi \u00e7ok iyi ilgilendiler. Birka\u00e7 g\u00fcnd\u00fcr tedavi oluyorum. Korkun\u00e7 bir and\u0131 ama ya\u015f\u0131yoruz, s\u0131k\u0131nt\u0131 yok&#8221; dedi.<\/p>\n\n\n\n<h1 class=\"wp-block-heading\"><strong>Serdar Dursun&#8217;dan Galatasaray&#8217;a: &#8220;Hodri Meydan Avantaj\u0131yla Onlar\u0131 Zorlu Bir Ma\u00e7 Bekliyor!&#8221;<\/strong><\/h1>\n\n\n\n<p>Kocaelispor\u2019un tecr\u00fcbeli forveti <strong>Serdar Dursun<\/strong>, Pazar g\u00fcn\u00fc oynanacak Galatasaray derbisi \u00f6ncesinde \u00e7arp\u0131c\u0131 a\u00e7\u0131klamalarda bulundu. Ba\u015fak\u015fehir deplasman\u0131nda ya\u015fad\u0131\u011f\u0131 sakatl\u0131\u011f\u0131n izlerini atan Dursun, hem <strong>tart\u0131\u015fmal\u0131 penalt\u0131<\/strong> karar\u0131na isyan etti hem de <strong>Hodri Meydan<\/strong>\u2019\u0131n yarataca\u011f\u0131 atmosferle Galatasaray\u2019\u0131 devireceklerine dair inanc\u0131n\u0131 dile getirdi. Ye\u015fil Siyahl\u0131lar&#8217;\u0131n golc\u00fcs\u00fc, <strong>kariyerinin en formda<\/strong> d\u00f6nemlerinden birine girerken, bu b\u00fcy\u00fck ma\u00e7\u0131 bir <strong>k\u0131r\u0131lma noktas\u0131na<\/strong> \u00e7evirmeyi hedefliyor.<\/p>\n\n\n\n<h2 class=\"wp-block-heading\"><strong>Ba\u015fak\u015fehir&#8217;deki Hakem Hatas\u0131na Net Tepki: &#8220;\u0130ki Puan\u0131m\u0131z \u00c7al\u0131nd\u0131!&#8221;<\/strong><\/h2>\n\n\n\n<p>Ba\u015fak\u015fehir ma\u00e7\u0131nda ya\u015fad\u0131\u011f\u0131 kafa travmas\u0131yla ilgili sa\u011fl\u0131k durumunun iyi oldu\u011funu belirten Serdar Dursun [<a target=\"_blank\" rel=\"noreferrer noopener\" href=\"http:\/\/www.youtube.com\/watch?v=q8OFTAuJaVY&amp;t=72\">01:12<\/a>], o g\u00fcnk\u00fc m\u00fccadelenin ilk yar\u0131s\u0131n\u0131 de\u011ferlendirirken, <strong>kontroll\u00fc oyuna<\/strong> ge\u00e7tiklerini ve <strong>mutlak gol pozisyonlar\u0131n\u0131<\/strong> de\u011ferlendirebilselerdi ma\u00e7\u0131n <strong>3-1 gibi rahat bir galibiyetle<\/strong> sonu\u00e7lanabilece\u011fini ifade etti [<a target=\"_blank\" rel=\"noreferrer noopener\" href=\"http:\/\/www.youtube.com\/watch?v=q8OFTAuJaVY&amp;t=93\">01:33<\/a>, <a target=\"_blank\" rel=\"noreferrer noopener\" href=\"http:\/\/www.youtube.com\/watch?v=q8OFTAuJaVY&amp;t=112\">01:52<\/a>].<\/p>\n\n\n\n<p>Ma\u011flubiyete neden olan 88. dakikadaki penalt\u0131 karar\u0131na ise sert tepki g\u00f6sterdi:<\/p>\n\n\n\n<ul class=\"wp-block-list\">\n<li>Penalt\u0131n\u0131n <strong>&#8220;%100 bir hakem hatas\u0131&#8221;<\/strong> oldu\u011funu savunan Dursun [<a href=\"http:\/\/www.youtube.com\/watch?v=q8OFTAuJaVY&amp;t=132\" target=\"_blank\" rel=\"noreferrer noopener\">02:12<\/a>], hakemlerin <strong>VAR&#8217;a gitmemesini<\/strong> ele\u015ftirdi [<a href=\"http:\/\/www.youtube.com\/watch?v=q8OFTAuJaVY&amp;t=141\" target=\"_blank\" rel=\"noreferrer noopener\">02:21<\/a>, <a href=\"http:\/\/www.youtube.com\/watch?v=q8OFTAuJaVY&amp;t=147\" target=\"_blank\" rel=\"noreferrer noopener\">02:27<\/a>].<\/li>\n\n\n\n<li>Dursun, &#8220;B\u00f6yle <strong>kritik bir an<\/strong>da, dakika 90&#8217;da oynanan 0-0 bir ma\u00e7ta, istedi\u011fin kadar emin ol, <strong>git bir VAR&#8217;a bak<\/strong>&#8221; diyerek karar\u0131n <strong>&#8220;\u00e7ok ucuz&#8221;<\/strong> oldu\u011funu ve Kocaelispor&#8217;un <strong>&#8220;iki puan\u0131n\u0131n \u00e7al\u0131nd\u0131\u011f\u0131n\u0131&#8221;<\/strong> iddia etti [<a href=\"http:\/\/www.youtube.com\/watch?v=q8OFTAuJaVY&amp;t=141\" target=\"_blank\" rel=\"noreferrer noopener\">02:21<\/a>, <a href=\"http:\/\/www.youtube.com\/watch?v=q8OFTAuJaVY&amp;t=155\" target=\"_blank\" rel=\"noreferrer noopener\">02:35<\/a>].<\/li>\n\n\n\n<li>Hakemlerin bazen oyuncuya veya tak\u0131ma g\u00f6re faul \u00e7almas\u0131ndan yak\u0131nd\u0131 ve <strong>&#8220;Bunlar \u00fclkemizde ne yaz\u0131k ki do\u011fal art\u0131k&#8221;<\/strong> s\u00f6zleriyle T\u00fcrk futbolundaki standart sorununa dikkat \u00e7ekti [<a href=\"http:\/\/www.youtube.com\/watch?v=q8OFTAuJaVY&amp;t=191\" target=\"_blank\" rel=\"noreferrer noopener\">03:11<\/a>, <a href=\"http:\/\/www.youtube.com\/watch?v=q8OFTAuJaVY&amp;t=201\" target=\"_blank\" rel=\"noreferrer noopener\">03:21<\/a>].<\/li>\n<\/ul>\n\n\n\n<h2 class=\"wp-block-heading\"><strong>Hodri Meydan ve Rakibin Fiziksel Yorgunlu\u011fu !<\/strong><\/h2>\n\n\n\n<p>\u00d6nlerindeki zorlu Galatasaray ma\u00e7\u0131 i\u00e7in taktiksel ve fiziksel avantajlar\u0131 de\u011ferlendiren tecr\u00fcbeli forvet, rakibi bekleyen <strong>&#8220;zor bir ma\u00e7&#8221;<\/strong> oldu\u011funu vurgulad\u0131 [<a target=\"_blank\" rel=\"noreferrer noopener\" href=\"http:\/\/www.youtube.com\/watch?v=q8OFTAuJaVY&amp;t=244\">04:04<\/a>, <a target=\"_blank\" rel=\"noreferrer noopener\" href=\"http:\/\/www.youtube.com\/watch?v=q8OFTAuJaVY&amp;t=287\">04:47<\/a>].<\/p>\n\n\n\n<p>Galatasaray&#8217;\u0131n <strong>iyi ve oturmu\u015f bir tak\u0131m<\/strong> oldu\u011funu kabul etmekle birlikte [<a target=\"_blank\" rel=\"noreferrer noopener\" href=\"http:\/\/www.youtube.com\/watch?v=q8OFTAuJaVY&amp;t=244\">04:04<\/a>], Dursun&#8217;a g\u00f6re Kocaelispor&#8217;un b\u00fcy\u00fck bir avantaj\u0131 var:<\/p>\n\n\n\n<ul class=\"wp-block-list\">\n<li><strong>Hodri Meydan Fakt\u00f6r\u00fc:<\/strong> Ma\u00e7\u0131n Pazar g\u00fcn\u00fc saat 17.00&#8217;de oynanaca\u011f\u0131n\u0131 hat\u0131rlatan Dursun, <strong>Hodri Meydan taraftar\u0131<\/strong>n\u0131n [<a href=\"http:\/\/www.youtube.com\/watch?v=q8OFTAuJaVY&amp;t=279\" target=\"_blank\" rel=\"noreferrer noopener\">04:39<\/a>] Kocaelispor i\u00e7in en b\u00fcy\u00fck <strong>avantaj<\/strong> olaca\u011f\u0131n\u0131 belirtti.<\/li>\n\n\n\n<li><strong>Ajax Yorgunlu\u011fu:<\/strong> Galatasaray&#8217;\u0131n \u00c7ar\u015famba g\u00fcn\u00fc Ajax&#8217;a kar\u015f\u0131 oynayaca\u011f\u0131 <strong>\u015eampiyonlar Ligi<\/strong> ma\u00e7\u0131 [<a href=\"http:\/\/www.youtube.com\/watch?v=q8OFTAuJaVY&amp;t=253\" target=\"_blank\" rel=\"noreferrer noopener\">04:13<\/a>] sonras\u0131 Per\u015fembe sabah\u0131 \u0130stanbul&#8217;a <strong>yorgun<\/strong> d\u00f6nece\u011fini vurgulad\u0131 [<a href=\"http:\/\/www.youtube.com\/watch?v=q8OFTAuJaVY&amp;t=264\" target=\"_blank\" rel=\"noreferrer noopener\">04:24<\/a>]. Bu <strong>fiziksel y\u0131pranma<\/strong>, Kocaelispor\u2019un <strong>iyi bir ma\u00e7 plan\u0131yla<\/strong> kazanma \u015fans\u0131n\u0131 art\u0131r\u0131yor [<a href=\"http:\/\/www.youtube.com\/watch?v=q8OFTAuJaVY&amp;t=287\" target=\"_blank\" rel=\"noreferrer noopener\">04:47<\/a>].<\/li>\n<\/ul>\n\n\n\n<h2 class=\"wp-block-heading\"><strong>Taner G\u00fcler Ruhu: Gol S\u00f6z\u00fc<\/strong><\/h2>\n\n\n\n<p>Son \u00fc\u00e7 ma\u00e7t\u0131r <strong>ilk 11&#8217;de<\/strong> sahaya \u00e7\u0131kan Serdar Dursun, oynad\u0131k\u00e7a <strong>\u00f6zg\u00fcveninin<\/strong> artt\u0131\u011f\u0131n\u0131 ve <strong>kondisyonunun<\/strong> geli\u015fti\u011fini, bu sayede <strong>kafa olarak daha rahat<\/strong> oynad\u0131\u011f\u0131n\u0131 s\u00f6yledi [<a target=\"_blank\" rel=\"noreferrer noopener\" href=\"http:\/\/www.youtube.com\/watch?v=q8OFTAuJaVY&amp;t=302\">05:02<\/a>, <a target=\"_blank\" rel=\"noreferrer noopener\" href=\"http:\/\/www.youtube.com\/watch?v=q8OFTAuJaVY&amp;t=327\">05:27<\/a>].<\/p>\n\n\n\n<p>Galatasaray derbisi i\u00e7in ki\u015fisel hedefini ise tarihi bir an\u0131ya ba\u011flad\u0131:<\/p>\n\n\n\n<ul class=\"wp-block-list\">\n<li>2008 y\u0131l\u0131nda Galatasaray&#8217;a 4 gol atan <strong>Taner G\u00fcler<\/strong>&#8216;in o ma\u00e7\u0131n\u0131 17 ya\u015f\u0131ndayken Almanya&#8217;da canl\u0131 izledi\u011fini anlatan Dursun [<a href=\"http:\/\/www.youtube.com\/watch?v=q8OFTAuJaVY&amp;t=359\" target=\"_blank\" rel=\"noreferrer noopener\">05:59<\/a>, <a href=\"http:\/\/www.youtube.com\/watch?v=q8OFTAuJaVY&amp;t=376\" target=\"_blank\" rel=\"noreferrer noopener\">06:16<\/a>], <strong>&#8220;\u0130n\u015fallah Taner G\u00fcler&#8217;in \u015fans\u0131 bana d\u00f6ner&#8221;<\/strong> diyerek o ruhu canland\u0131rmak istedi\u011fini belirtti [<a href=\"http:\/\/www.youtube.com\/watch?v=q8OFTAuJaVY&amp;t=383\" target=\"_blank\" rel=\"noreferrer noopener\">06:23<\/a>].<\/li>\n\n\n\n<li>Bir <strong>forvet oyuncusu<\/strong> olarak b\u00fcy\u00fck tak\u0131mlara gol atman\u0131n <strong>ekstra bir anlam<\/strong> ta\u015f\u0131d\u0131\u011f\u0131n\u0131 vurgulayan Dursun [<a href=\"http:\/\/www.youtube.com\/watch?v=q8OFTAuJaVY&amp;t=402\" target=\"_blank\" rel=\"noreferrer noopener\">06:42<\/a>], Galatasaray&#8217;a kar\u015f\u0131 hem <strong>gol hem de asist<\/strong> yaparak tak\u0131ma katk\u0131 sa\u011flamay\u0131 hedefledi\u011fini ifade etti [<a href=\"http:\/\/www.youtube.com\/watch?v=q8OFTAuJaVY&amp;t=335\" target=\"_blank\" rel=\"noreferrer noopener\">05:35<\/a>, <a href=\"http:\/\/www.youtube.com\/watch?v=q8OFTAuJaVY&amp;t=344\" target=\"_blank\" rel=\"noreferrer noopener\">05:44<\/a>].<\/li>\n<\/ul>\n\n\n\n<p>Serdar Dursun\u2019un bu a\u00e7\u0131klamalar\u0131, Kocaelispor camias\u0131n\u0131n <strong>futbol sava\u015f\u0131ndaki<\/strong> motivasyonunu ve <strong>kazanma arzusunu<\/strong> zirveye ta\u015f\u0131d\u0131.<\/p>\n\n\n\n<hr class=\"wp-block-separator has-alpha-channel-opacity\"\/>\n\n\n\n<p><strong>Kaynak:<\/strong> YouTube | Ajansspor Kanal\u0131 &#8211; &#8220;Serdar Dursun&#8217;dan Galatasaray a\u00e7\u0131klamas\u0131: Onlar\u0131 zor bir ma\u00e7 bekliyor&#8221; <a target=\"_blank\" rel=\"noreferrer noopener\" href=\"https:\/\/www.google.com\/search?q=https:\/\/youtu.be\/q8OFTAuJaVY\">https:\/\/youtu.be\/q8OFTAuJaVY<\/a><\/p>\n\n\n\n<p>Kocaelispor&#8217;un tecr\u00fcbeli forveti Serdar Dursun\u2019a bu kritik ve co\u015fkulu a\u00e7\u0131klamalar\u0131 i\u00e7in te\u015fekk\u00fcr ederiz.<\/p>\n\n\n\n<hr class=\"wp-block-separator has-alpha-channel-opacity\"\/>\n\n\n\n<p>.#Kocaelispor #KOCAEL\u0130SPOR Galatasaray #Fenerbah\u00e7e #Be\u015fikta\u015f #Trabzonspor #Ba\u015fak\u015fehir #Kas\u0131mpa\u015fa #Alanyaspor #Rizespor #Antalyaspor #Samsunspor #Kayserispor #Konyaspor #G\u00f6ztepe #Ey\u00fcpspor&nbsp; #F. Karag\u00fcmr\u00fckspor #Gen\u00e7lerbiirli\u011fi #Kocaelispor haberleri #Kocaelispor transferleri #Kocaelispor ma\u00e7 \u00f6zetleri #Kocaelispor geli\u015fmeleri #Kocaelispor ma\u00e7lar\u0131 #spor #sporhaberleri #kocaeli #kocaelispor #trendyol1lig #Amat\u00f6rdenS\u00fcperLige #\u015eampiyonlukYolu #KocaelisporTV #kocaelispor.tv.tr #kocaelispor.tr #trendyolsuperlig #Trendyol1Lig #Amat\u00f6rdenS\u00fcperLige #KocaelisporSevgisiniPayla\u015fal\u0131m #\u015eampiyonKocaelispor #spor #futbol #kocaelispor #trib\u00fcn #HodriMeydan #Kocaelispor #S\u00fcperLig #Sel\u00e7uk\u0130nan #KocaelisporY\u00f6netimi #FutbolAnalizi #Konyaspor #TaraftarHaklar\u0131 #Kocaelispor2025<\/p>\n\n\n\n<ul class=\"wp-block-list\">\n<li>Web Sitemiz 5651 say\u0131l\u0131 kanun \u00e7er\u00e7evesinde faaliyet g\u00f6stermekte olup yay\u0131nlanan i\u00e7eriklerden sorumlu de\u011fildir. Fakat i\u00e7eri\u011fin kanuna ayk\u0131r\u0131 veya telif hakk\u0131 i\u00e7erdi\u011fi ile ilgili yaz\u0131l\u0131 veya dijital bir tebli\u011f almas\u0131 halinde s\u00f6z konusu i\u00e7eri\u011fi kald\u0131rmakla m\u00fckelleftir.<\/li>\n<\/ul>\n","protected":false},"excerpt":{"rendered":"<p>Serdar Dursun&#8217;dan Galatasaray a\u00e7\u0131klamas\u0131: Onlar\u0131 zor bir ma\u00e7 bekliyor 4 Kas\u0131m 2025 | Ajansspor<\/p>\n","protected":false},"author":1,"featured_media":6468,"comment_status":"closed","ping_status":"closed","sticky":false,"template":"","format":"standard","meta":{"footnotes":""},"categories":[3,113,26,5,14,18,4,16],"tags":[56,927,2058],"class_list":["post-6466","post","type-post","status-publish","format-standard","has-post-thumbnail","hentry","category-kocaelispor","category-ajansspor","category-futbolcular","category-lig","category-medya","category-siper-lig","category-turnuva","category-ulusal-medya","tag-ajansspor","tag-serdar-dursun","tag-serdar-dursundan-galatasaray-aciklamasi-onlari-zor-bir-mac-bekliyor-4-kasim-2025-ajansspor"],"amp_enabled":true,"_links":{"self":[{"href":"https:\/\/www.kocaelispor.tv.tr\/index.php?rest_route=\/wp\/v2\/posts\/6466","targetHints":{"allow":["GET"]}}],"collection":[{"href":"https:\/\/www.kocaelispor.tv.tr\/index.php?rest_route=\/wp\/v2\/posts"}],"about":[{"href":"https:\/\/www.kocaelispor.tv.tr\/index.php?rest_route=\/wp\/v2\/types\/post"}],"author":[{"embeddable":true,"href":"https:\/\/www.kocaelispor.tv.tr\/index.php?rest_route=\/wp\/v2\/users\/1"}],"replies":[{"embeddable":true,"href":"https:\/\/www.kocaelispor.tv.tr\/index.php?rest_route=%2Fwp%2Fv2%2Fcomments&post=6466"}],"version-history":[{"count":0,"href":"https:\/\/www.kocaelispor.tv.tr\/index.php?rest_route=\/wp\/v2\/posts\/6466\/revisions"}],"wp:featuredmedia":[{"embeddable":true,"href":"https:\/\/www.kocaelispor.tv.tr\/index.php?rest_route=\/wp\/v2\/media\/6468"}],"wp:attachment":[{"href":"https:\/\/www.kocaelispor.tv.tr\/index.php?rest_route=%2Fwp%2Fv2%2Fmedia&parent=6466"}],"wp:term":[{"taxonomy":"category","embeddable":true,"href":"https:\/\/www.kocaelispor.tv.tr\/index.php?rest_route=%2Fwp%2Fv2%2Fcategories&post=6466"},{"taxonomy":"post_tag","embeddable":true,"href":"https:\/\/www.kocaelispor.tv.tr\/index.php?rest_route=%2Fwp%2Fv2%2Ftags&post=6466"}],"curies":[{"name":"wp","href":"https:\/\/api.w.org\/{rel}","templated":true}]}}