{"id":6043,"date":"2025-10-05T15:25:03","date_gmt":"2025-10-05T12:25:03","guid":{"rendered":"https:\/\/kocaelispor.tv.tr\/?p=6043"},"modified":"2025-10-05T15:25:06","modified_gmt":"2025-10-05T12:25:06","slug":"ozet-kocaelispor-1-0-ikas-eyupspor-4-ekim-2025-bein-sports","status":"publish","type":"post","link":"https:\/\/www.kocaelispor.tv.tr\/?p=6043","title":{"rendered":"\u00d6ZET | Kocaelispor 1-0 \u0130kas Ey\u00fcpspor 4 Ekim 2025 | beIN Sports"},"content":{"rendered":"\n<figure class=\"wp-block-image size-large\"><img loading=\"lazy\" decoding=\"async\" width=\"1024\" height=\"578\" sizes=\"auto, (max-width: 1024px) 100vw, 1024px\" src=\"https:\/\/www.kocaelispor.tv.tr\/wp-content\/uploads\/2025\/10\/Ekran-Resmi-2025-10-05-14.50.02-1024x578.webp\" alt=\"\" class=\"wp-image-6044\" title=\"\" srcset=\"https:\/\/www.kocaelispor.tv.tr\/wp-content\/uploads\/2025\/10\/Ekran-Resmi-2025-10-05-14.50.02-1024x578.webp 1024w, https:\/\/www.kocaelispor.tv.tr\/wp-content\/uploads\/2025\/10\/Ekran-Resmi-2025-10-05-14.50.02-300x169.webp 300w, https:\/\/www.kocaelispor.tv.tr\/wp-content\/uploads\/2025\/10\/Ekran-Resmi-2025-10-05-14.50.02-768x433.webp 768w, https:\/\/www.kocaelispor.tv.tr\/wp-content\/uploads\/2025\/10\/Ekran-Resmi-2025-10-05-14.50.02-1536x867.webp 1536w, https:\/\/www.kocaelispor.tv.tr\/wp-content\/uploads\/2025\/10\/Ekran-Resmi-2025-10-05-14.50.02-1170x660.webp 1170w, https:\/\/www.kocaelispor.tv.tr\/wp-content\/uploads\/2025\/10\/Ekran-Resmi-2025-10-05-14.50.02-24x14.webp 24w, https:\/\/www.kocaelispor.tv.tr\/wp-content\/uploads\/2025\/10\/Ekran-Resmi-2025-10-05-14.50.02-36x20.webp 36w, https:\/\/www.kocaelispor.tv.tr\/wp-content\/uploads\/2025\/10\/Ekran-Resmi-2025-10-05-14.50.02-48x27.webp 48w, https:\/\/www.kocaelispor.tv.tr\/wp-content\/uploads\/2025\/10\/Ekran-Resmi-2025-10-05-14.50.02.webp 1538w\" \/><\/figure>\n\n\n\n<!--more-->\n\n\n\n<ul class=\"wp-block-list\">\n<li>Telif haklar\u0131 nedeniyle beIN SPORTS sitesinden izlenebilmektedir. <a href=\"https:\/\/beinsports.com.tr\/haber\/kocaelispor-ikas-eyupspor\" target=\"_blank\" rel=\"noreferrer noopener sponsored nofollow\">\u0130ZLEMEK \u0130\u00c7\u0130N TIKLAYINIZ<\/a><\/li>\n<\/ul>\n\n\n\n<h3 class=\"wp-block-heading\"><strong>&#8220;\u0130n\u015fallah Bu Hafta!&#8221; Dile\u011fi Ger\u00e7ek Oldu: Kocaelispor&#8217;un Tarihi Zaferi<\/strong><\/h3>\n\n\n\n<p><br>Trendyol S\u00fcper Lig\u2019in 8. haftas\u0131nda <strong>Kocaelispor<\/strong>, evinde kar\u015f\u0131la\u015ft\u0131\u011f\u0131 <strong>\u0130KAS Ey\u00fcpspor<\/strong>\u2019u <strong>1-0<\/strong> ma\u011flup ederek, sezonun <strong>ilk galibiyetini<\/strong> ald\u0131. 7 ma\u00e7 boyunca puan alamayan ye\u015fil-siyahl\u0131 ekip, bu zaferle birlikte hem moral \u00e7\u00f6k\u00fc\u015f\u00fcnden kurtuldu hem de ligdeki yerini iyile\u015ftirdi.<\/p>\n\n\n\n<p>Ma\u00e7\u0131n tek gol\u00fcn\u00fc <strong>85. dakikada Bruno Petkovi\u0107<\/strong>, <strong>VAR incelemesinin ard\u0131ndan verilen penalt\u0131dan<\/strong> a\u011flara g\u00f6nderdi. Trib\u00fcnler, uzun s\u00fcren hasretin ard\u0131ndan co\u015fkuyla doldu.<\/p>\n\n\n\n<blockquote class=\"wp-block-quote is-layout-flow wp-block-quote-is-layout-flow\">\n<p>\u201c<strong>Gemi yava\u015f yava\u015f uzakla\u015f\u0131yor\u2026<\/strong>\u201d diyen taraftarlar, sonunda gemiye tekrar binmenin mutlulu\u011funu ya\u015fad\u0131.<\/p>\n<\/blockquote>\n\n\n\n<hr class=\"wp-block-separator has-alpha-channel-opacity\"\/>\n\n\n\n<h4 class=\"wp-block-heading\"><strong>Ma\u00e7\u0131n Kaderini De\u011fi\u015ftiren Dakika: 85. Dakika Penalt\u0131s\u0131<\/strong><\/h4>\n\n\n\n<p>Ma\u00e7, uzun s\u00fcre gergin bir denge i\u00e7inde ilerledi:<\/p>\n\n\n\n<ul class=\"wp-block-list\">\n<li><strong>21. dakikada<\/strong> Serdar G\u00fcrler\u2019in sert \u015futu, kaleci Jovanovic taraf\u0131ndan korner at\u0131\u015f\u0131na \u00e7evrildi.<\/li>\n\n\n\n<li><strong>51. dakikada<\/strong> Ey\u00fcpspor\u2019un \u00f6ne ge\u00e7ti\u011fi gol, VAR incelemesi sonras\u0131 ofsayt nedeniyle iptal edildi.<\/li>\n\n\n\n<li><strong>62. dakikada<\/strong> Kerem Demirbay\u2019\u0131n \u015futu, Jovanovic\u2019in harika refleksiyle \u00f6nlenirken,<\/li>\n\n\n\n<li><strong>66. dakikada<\/strong> Petkovi\u0107\u2019in frikik vuru\u015fu az farkla auta gitti.<\/li>\n<\/ul>\n\n\n\n<p>Ancak her \u015fey <strong>85. dakikada<\/strong> de\u011fi\u015fti. Kocaelispor\u2019un ceza sahas\u0131 i\u00e7inde topla bulu\u015fan oyuncuya yap\u0131lan m\u00fcdahale, VAR ekran\u0131n\u0131 hareketlendirdi. Hakem <strong>Adnan Deniz Kayatepe<\/strong>, inceleme sonras\u0131 penalt\u0131 karar\u0131 verdi.<\/p>\n\n\n\n<p>Topun ba\u015f\u0131na ge\u00e7en <strong>Bruno Petkovi\u0107<\/strong>, so\u011fukkanl\u0131l\u0131kla topu a\u011flara g\u00f6nderdi: <strong>1-0<\/strong>!<\/p>\n\n\n\n<p>Trib\u00fcnler, \u201c<strong>Kocaeli sen \u00e7ok ya\u015fa, can\u0131m feda olsun sana!<\/strong>\u201d mar\u015flar\u0131yla stadyumu inletti.<\/p>\n\n\n\n<hr class=\"wp-block-separator has-alpha-channel-opacity\"\/>\n\n\n\n<h4 class=\"wp-block-heading\"><strong>Ey\u00fcp Teknik Direkt\u00f6r\u00fc K\u0131rm\u0131z\u0131 Kartla Ma\u00e7\u0131 Terk Etti<\/strong><\/h4>\n\n\n\n<p>Gol\u00fcn ard\u0131ndan sinirleri zirveye \u00e7\u0131kt\u0131. \u0130KAS Ey\u00fcpspor teknik direkt\u00f6r\u00fc <strong>Sel\u00e7uk \u015eahin<\/strong>, hakeme yapt\u0131\u011f\u0131 sert itirazlar sonras\u0131 do\u011frudan <strong>k\u0131rm\u0131z\u0131 kartla<\/strong> ma\u00e7a veda etti.<\/p>\n\n\n\n<p>Bu g\u00f6r\u00fcnt\u00fc, Kocaelispor taraftarlar\u0131nda ise b\u00fcy\u00fck bir sevin\u00e7 yaratt\u0131:<\/p>\n\n\n\n<blockquote class=\"wp-block-quote is-layout-flow wp-block-quote-is-layout-flow\">\n<p>\u201cSonunda adalet bizim taraf\u0131m\u0131zda oldu!\u201d<\/p>\n<\/blockquote>\n\n\n\n<hr class=\"wp-block-separator has-alpha-channel-opacity\"\/>\n\n\n\n<h3 class=\"wp-block-heading\"><strong>Puan Durumu: Kocaelispor 5 Puanda, Son S\u0131radan \u00c7\u0131k\u0131yor<\/strong><\/h3>\n\n\n\n<ul class=\"wp-block-list\">\n<li>Kocaelispor, bu galibiyetle <strong>son s\u0131radan \u00e7\u0131kt\u0131<\/strong>.<\/li>\n\n\n\n<li>H\u00e2l\u00e2 d\u00fc\u015fme hatt\u0131n\u0131n yak\u0131nlar\u0131nda olmas\u0131na ra\u011fmen, moral a\u00e7\u0131s\u0131ndan b\u00fcy\u00fck bir d\u00f6n\u00fc\u015f ba\u015flad\u0131.<\/li>\n<\/ul>\n\n\n\n<hr class=\"wp-block-separator has-alpha-channel-opacity\"\/>\n\n\n\n<h4 class=\"wp-block-heading\"><strong>Taktik De\u011fi\u015fimler ve Oyuncu Performanslar\u0131<\/strong><\/h4>\n\n\n\n<p>Teknik direkt\u00f6r <strong>Sel\u00e7uk \u0130nan<\/strong>, \u00f6zellikle ikinci yar\u0131da kadroya m\u00fcdahale etti:<\/p>\n\n\n\n<ul class=\"wp-block-list\">\n<li><strong>46. dakikada<\/strong> Churlinov, Can Kele\u015f\u2019in yerine dahil oldu.<\/li>\n\n\n\n<li><strong>60. dakikada<\/strong> Ahmet O\u011fuz, Smol\u010di\u0107\u2019in yerine girdi.<\/li>\n\n\n\n<li><strong>69. dakikada<\/strong> Nonge Boende ve Linetty yedek kul\u00fcbesinden devreye girdi.<\/li>\n\n\n\n<li><strong>77. dakikada<\/strong> Serdar Dursun\u2019un giri\u015fi, h\u00fccum hatt\u0131na canl\u0131l\u0131k getirdi.<\/li>\n<\/ul>\n\n\n\n<p>Yorumcular, \u00f6zellikle <strong>Show<\/strong> ve <strong>Tayfur Bing\u00f6l<\/strong>\u2019\u00fcn kanatlardaki performans\u0131n\u0131 takdir etti. Ancak bitiricilik eksikli\u011fi h\u00e2l\u00e2 g\u00fcndemde.<\/p>\n\n\n\n<hr class=\"wp-block-separator has-alpha-channel-opacity\"\/>\n\n\n\n<h3 class=\"wp-block-heading\"><strong>Taraftarlar: \u201cHodri Meydan Her Zamanki Gibiydi!\u201d<\/strong><\/h3>\n\n\n\n<p>Tahmini <strong>18 bin taraftar<\/strong>, Kocaeli Stadyumu\u2019nu doldurdu. \u201c<strong>Hodri Meydan<\/strong>\u201d tezah\u00fcratlar\u0131, bayraklar ve mar\u015flar, stada unutulmaz bir atmosfer katt\u0131.<\/p>\n\n\n\n<p>Bir taraftar lideri:<\/p>\n\n\n\n<blockquote class=\"wp-block-quote is-layout-flow wp-block-quote-is-layout-flow\">\n<p>\u201cBe\u015fikta\u015f deplasman\u0131nda \u015fov yapt\u0131k. \u015eimdi evimizde, halk\u0131m\u0131z\u0131n \u00f6n\u00fcnde ilk galibiyeti ald\u0131k. Bu bize ait bir zafer!\u201d<\/p>\n<\/blockquote>\n\n\n\n<hr class=\"wp-block-separator has-alpha-channel-opacity\"\/>\n\n\n\n<h4 class=\"wp-block-heading\"><strong>\u201cArt\u0131k Sonu\u00e7 Odakl\u0131y\u0131z\u201d<\/strong><\/h4>\n\n\n\n<p>Ge\u00e7mi\u015f programlarda s\u0131k\u00e7a ele\u015ftirilen \u201csadece istatistikle oynama\u201d anlay\u0131\u015f\u0131 art\u0131k geride kald\u0131.<\/p>\n\n\n\n<blockquote class=\"wp-block-quote is-layout-flow wp-block-quote-is-layout-flow\">\n<p>\u201cTopa %60 hakim olmak yetmiyor. Ama bug\u00fcn sonu\u00e7 ald\u0131k. Art\u0131k sadece m\u00fccadele de\u011fil, kazanmak da \u00f6nemli.\u201d \u2013 Spor yorumcusu<\/p>\n<\/blockquote>\n\n\n\n<p>Petkovi\u0107, sezonun 4. gol\u00fcn\u00fc kaydederken, h\u00e2l\u00e2 <strong>tak\u0131m\u0131n tek golc\u00fcs\u00fc<\/strong> konumunda. Y\u00f6netimin \u00f6n\u00fcm\u00fczdeki transfer d\u00f6neminde forvet hatt\u0131n\u0131 g\u00fc\u00e7lendirmesi bekleniyor.<\/p>\n\n\n\n<hr class=\"wp-block-separator has-alpha-channel-opacity\"\/>\n\n\n\n<h4 class=\"wp-block-heading\"><strong>Gelecek Hafta: Konyaspor Depremi<\/strong><\/h4>\n\n\n\n<p>Milli aran\u0131n ard\u0131ndan Kocaelispor, deplasmanda <strong>T\u00dcMOSAN Konyaspor<\/strong> ile kar\u015f\u0131la\u015facak. Bu ma\u00e7, momentumu s\u00fcrd\u00fcrmek i\u00e7in kritik bir f\u0131rsat.<\/p>\n\n\n\n<p>Taraftarlar yeni bir sloganla yola devam ediyor:<\/p>\n\n\n\n<blockquote class=\"wp-block-quote is-layout-flow wp-block-quote-is-layout-flow\">\n<p>\u201c<strong>Gemi durdu, \u015fimdi ileri gidiyoruz!<\/strong>\u201d<\/p>\n<\/blockquote>\n\n\n\n<p>* &nbsp;#Kocaelispor #KOCAEL\u0130SPOR Galatasaray #Fenerbah\u00e7e #Be\u015fikta\u015f #Trabzonspor #Ba\u015fak\u015fehir #Kas\u0131mpa\u015fa #Alanyaspor #Rizespor #Antalyaspor #Samsunspor #Kayserispor #Konyaspor #G\u00f6ztepe #Ey\u00fcpspor&nbsp; #F. Karag\u00fcmr\u00fckspor #Gen\u00e7lerbiirli\u011fi #Kocaelispor haberleri #Kocaelispor transferleri #Kocaelispor ma\u00e7 \u00f6zetleri #Kocaelispor geli\u015fmeleri #Kocaelispor ma\u00e7lar\u0131 #spor #sporhaberleri #kocaeli #kocaelispor #trendyol1lig #Amat\u00f6rdenS\u00fcperLige #\u015eampiyonlukYolu #KocaelisporTV #kocaelispor.tv.tr #kocaelispor.tr #trendyolsuperlig #Trendyol1Lig #Amat\u00f6rdenS\u00fcperLige #KocaelisporSevgisiniPayla\u015fal\u0131m #\u015eampiyonKocaelispor #spor #futbol #kocaelispor #trib\u00fcn #HodriMeydan<\/p>\n\n\n\n<ul class=\"wp-block-list\">\n<li>Web Sitemiz 5651 say\u0131l\u0131 kanun \u00e7er\u00e7evesinde faaliyet g\u00f6stermekte olup yay\u0131nlanan i\u00e7eriklerden sorumlu de\u011fildir. Fakat i\u00e7eri\u011fin kanuna ayk\u0131r\u0131 veya telif hakk\u0131 i\u00e7erdi\u011fi ile ilgili yaz\u0131l\u0131 veya dijital bir tebli\u011f almas\u0131 halinde s\u00f6z konusu i\u00e7eri\u011fi kald\u0131rmakla m\u00fckelleftir.<\/li>\n<\/ul>\n","protected":false},"excerpt":{"rendered":"<p>\u00d6ZET | Kocaelispor 1-0 \u0130kas Ey\u00fcpspor 4 Ekim 2025 | beIN Sports<\/p>\n","protected":false},"author":1,"featured_media":6044,"comment_status":"closed","ping_status":"closed","sticky":false,"template":"","format":"standard","meta":{"footnotes":""},"categories":[3],"tags":[],"class_list":["post-6043","post","type-post","status-publish","format-standard","has-post-thumbnail","hentry","category-kocaelispor"],"amp_enabled":true,"_links":{"self":[{"href":"https:\/\/www.kocaelispor.tv.tr\/index.php?rest_route=\/wp\/v2\/posts\/6043","targetHints":{"allow":["GET"]}}],"collection":[{"href":"https:\/\/www.kocaelispor.tv.tr\/index.php?rest_route=\/wp\/v2\/posts"}],"about":[{"href":"https:\/\/www.kocaelispor.tv.tr\/index.php?rest_route=\/wp\/v2\/types\/post"}],"author":[{"embeddable":true,"href":"https:\/\/www.kocaelispor.tv.tr\/index.php?rest_route=\/wp\/v2\/users\/1"}],"replies":[{"embeddable":true,"href":"https:\/\/www.kocaelispor.tv.tr\/index.php?rest_route=%2Fwp%2Fv2%2Fcomments&post=6043"}],"version-history":[{"count":0,"href":"https:\/\/www.kocaelispor.tv.tr\/index.php?rest_route=\/wp\/v2\/posts\/6043\/revisions"}],"wp:featuredmedia":[{"embeddable":true,"href":"https:\/\/www.kocaelispor.tv.tr\/index.php?rest_route=\/wp\/v2\/media\/6044"}],"wp:attachment":[{"href":"https:\/\/www.kocaelispor.tv.tr\/index.php?rest_route=%2Fwp%2Fv2%2Fmedia&parent=6043"}],"wp:term":[{"taxonomy":"category","embeddable":true,"href":"https:\/\/www.kocaelispor.tv.tr\/index.php?rest_route=%2Fwp%2Fv2%2Fcategories&post=6043"},{"taxonomy":"post_tag","embeddable":true,"href":"https:\/\/www.kocaelispor.tv.tr\/index.php?rest_route=%2Fwp%2Fv2%2Ftags&post=6043"}],"curies":[{"name":"wp","href":"https:\/\/api.w.org\/{rel}","templated":true}]}}