{"id":6035,"date":"2025-10-03T19:20:01","date_gmt":"2025-10-03T16:20:01","guid":{"rendered":"https:\/\/kocaelispor.tv.tr\/?p=6035"},"modified":"2025-10-03T19:20:14","modified_gmt":"2025-10-03T16:20:14","slug":"taraftar-bu-hafta-besiktas-kocaelispor-macinda-taraftar-7-bolum-3-ekim-2025-bein-sports","status":"publish","type":"post","link":"https:\/\/www.kocaelispor.tv.tr\/?p=6035","title":{"rendered":"Taraftar Bu Hafta Be\u015fikta\u015f &#8211; Kocaelispor Ma\u00e7\u0131nda | Taraftar 7. B\u00f6l\u00fcm 3 Ekim 2025 | beIN Sports"},"content":{"rendered":"<figure class=\"wp-block-embed-youtube wp-block-embed is-type-video is-provider-youtube wp-embed-aspect-16-9 wp-has-aspect-ratio\"><div class=\"lyte-wrapper\" style=\"width:640px;max-width:100%;margin:5px auto;\"><div class=\"lyMe hidef\" id=\"WYL_VNx_qaUQiv4\"><div id=\"lyte_VNx_qaUQiv4\" data-src=\"https:\/\/www.kocaelispor.tv.tr\/wp-content\/plugins\/wp-youtube-lyte\/lyteCache.php?origThumbUrl=%2F%2Fi.ytimg.com%2Fvi%2FVNx_qaUQiv4%2Fhqdefault.jpg\" class=\"pL\"><div class=\"tC\"><div class=\"tT\"><\/div><\/div><div class=\"play\"><\/div><div class=\"ctrl\"><div class=\"Lctrl\"><\/div><div class=\"Rctrl\"><\/div><\/div><\/div><noscript><a href=\"https:\/\/youtu.be\/VNx_qaUQiv4\" rel=\"nofollow noopener\" target=\"_blank\"><img loading=\"lazy\" decoding=\"async\" src=\"https:\/\/www.kocaelispor.tv.tr\/wp-content\/plugins\/wp-youtube-lyte\/lyteCache.php?origThumbUrl=https%3A%2F%2Fi.ytimg.com%2Fvi%2FVNx_qaUQiv4%2F0.jpg\" alt=\"YouTube video thumbnail\" width=\"640\" height=\"340\" title=\"\"><\/a><\/noscript><\/div><\/div><div class=\"lL\" style=\"max-width:100%;width:640px;margin:5px auto;\"> <a href=\"https:\/\/youtu.be\/VNx_qaUQiv4\" target=\"_blank\" rel=\"noopener\">Watch this video on YouTube<\/a>.<br\/><span class=\"lyte_disclaimer\">*** Sitemizde payla\u015f\u0131lan videolar\u0131n t\u00fcm sorumlulu\u011fu, video \u2018nun yay\u0131nc\u0131s\u0131na aittir. ***<\/span><\/div><figcaption><\/figcaption><\/figure>\n\n\n<!--more-->\n\n\n\n<p>Trendyol S\u00fcper Lig&#8217;de 7. hafta ma\u00e7\u0131nda Be\u015fikta\u015f \u0130le Kocaelispor kar\u015f\u0131 kar\u015f\u0131ya geldi. Muhabirimiz Alper Berber, \u0130stanbul&#8217;da \u015fehrin ve taraftar\u0131n nabz\u0131n\u0131 tuttu. \u0130yi seyirler&#8230; Trendyol S\u00fcper Lig, Premier Lig ve Ligue 1\u2019den en \u00f6zel i\u00e7erikler, g\u00fcncel \u00f6zet videolar ve \u00e7ok dahas\u0131 beIN SPORTS T\u00fcrkiye Youtube kanal\u0131nda! beIN SPORTS&#8217;un en g\u00fcncel programlar\u0131n\u0131, spor dolu i\u00e7eriklerini takip etmek i\u00e7in kanala abone olmay\u0131 unutmay\u0131n: <a href=\"https:\/\/www.youtube.com\/redirect?event=video_description&amp;redir_token=QUFFLUhqa3Z2NnBKdGhtYVU2RkJ5bGhvYW9YaHdLUlNVd3xBQ3Jtc0ttVzRGM3NYM2lJMThSSmFLNGRCN29SczZib2plbFpwM1YxMHpPeS05aUg5S1g3aG92SWpJSDNQR2lBX1BULVpsMFJyOVhoUVZoX21VOHUwaG1WLWMwOXlnYkVpWGQ4eG1tVjY1OEpxOVpyMWdnajU4OA&amp;q=http%3A%2F%2Fdgtrk.lu%2F1ebhi&amp;v=VNx_qaUQiv4\" target=\"_blank\" rel=\"noreferrer noopener\">http:\/\/dgtrk.lu\/1ebhi<\/a> beIN SPORTS Ar\u015fiv: <a href=\"https:\/\/www.youtube.com\/redirect?event=video_description&amp;redir_token=QUFFLUhqbHc5NEV6RFJVaHpVNVNHUmx3cTg0VWh0OE9SZ3xBQ3Jtc0tsQk5TbFVrM1o2XzhYUGdzbVlyU3J4Y1dJckZSVUp5cVRJLWtsMjFfVXJMYlRldGE0VTZrNS1iQzhWR1JoQnV3RDdKNGZZYWNhaG9jck5RRjVaQTRpc01xb2M0VmJBN3hMelhUM3loOWxjUDV0MTh5MA&amp;q=http%3A%2F%2Fdgtrk.lu%2F1evqg&amp;v=VNx_qaUQiv4\" target=\"_blank\" rel=\"noreferrer noopener\">http:\/\/dgtrk.lu\/1evqg<\/a> Bizi sosyal medyada takip edin: \ud83d\udccc Facebook: <a href=\"https:\/\/www.youtube.com\/redirect?event=video_description&amp;redir_token=QUFFLUhqbHVvZVBSSkhINHJlOWJVUXMtaF91QUloOXVwd3xBQ3Jtc0tuOU55S0FNUVJ6M2NsTGFBRDYyR05scGxTcExjTmJnZHdOYXFQM2VXQktkcWV3bDY0UTlic3hFTG1iNWZMdUY5a29VSEZEZ0hMazY5UHFYMHVOUHU3azZpMy1qdklLTkthSlBZeThaLV9HeDA2d2ppZw&amp;q=https%3A%2F%2Fwww.facebook.com%2FbeINSPORTSTR&amp;v=VNx_qaUQiv4\" target=\"_blank\" rel=\"noreferrer noopener\">\u00a0\u00a0\/\u00a0beinsportstr\u00a0\u00a0<\/a> \ud83d\udccc X: <a href=\"https:\/\/www.youtube.com\/redirect?event=video_description&amp;redir_token=QUFFLUhqa2F2ZEpaTV96bHVqUGg4OWZrU1NEVkU4MzM1Z3xBQ3Jtc0tuSDZ3N2dJN2Y2UXhaTUZTRjVrZjQ3TFc3M3I1NWtqSHJ4RzNhMXpzRG42ZTNXZFFYWkIxVEhuRjZoYlZfV3RxV0xfVnNRUmJtdFhjN2Z4a095eFRzeGxwVTZpMjNBNEZHVFdFaGZlbVkxZTF1QS1VOA&amp;q=https%3A%2F%2Fx.com%2FbeINSPORTS_TR&amp;v=VNx_qaUQiv4\" target=\"_blank\" rel=\"noreferrer noopener\">https:\/\/x.com\/beINSPORTS_TR<\/a> \ud83d\udccc Instagram: <a href=\"https:\/\/www.youtube.com\/redirect?event=video_description&amp;redir_token=QUFFLUhqa0JLVUZpTjdWdzRwZk9EcEJERTEtRXB5bU9SQXxBQ3Jtc0ttSFFCdF9PMFY5NjdFWk1sanBLd1hUUDF4UFgtbmhYa29MMXZKVzV6dlZ1aXlLQlpDWG5aRWhFaUxtZU55T3YteUhYTEE4QnZfVDBaMjEtWFc2eGZFNzNfSXlmZEFBUkIxWktiWGp2ZzRSUTlyNXVlQQ&amp;q=https%3A%2F%2Fwww.instagram.com%2Fbeinsportstr%2F&amp;v=VNx_qaUQiv4\" target=\"_blank\" rel=\"noreferrer noopener\">\u00a0\u00a0\/\u00a0beinsportstr\u00a0\u00a0<\/a> \ud83d\udccc TikTok: <a href=\"https:\/\/www.youtube.com\/redirect?event=video_description&amp;redir_token=QUFFLUhqbXdYQWdIWDJRNTZfRkljZFAyU3BNelRxWWpfd3xBQ3Jtc0tsaV9LR2FqSDk5ODM2UjBjR1BBcmJLRWZ1bjFzX00yZmVsTVVoam5ESmdaTS1mZDhLVzEydTU1Y05WV3dBNUEtWkVUVm1EZjE4MWRzTlZHRXhmNHozaWFLOXh6aWtDbkJ1UkZfaHBqYkRYMWpINEpkcw&amp;q=https%3A%2F%2Fwww.tiktok.com%2F%40beinsportstr%3Flang%3Dtr-TR&amp;v=VNx_qaUQiv4\" target=\"_blank\" rel=\"noreferrer noopener\">https:\/\/www.tiktok.com\/@beinsportstr?&#8230;<\/a><\/p>\n\n\n\n<h3 class=\"wp-block-heading\"><strong>&#8220;Bo\u011faz Manzaras\u0131nda Futbol Heyecan\u0131&#8221; \u2013 BeIN Sports, Be\u015fikta\u015f-Kocaelispor Ma\u00e7\u0131 \u0130\u00e7in Semt Turuna \u00c7\u0131kt\u0131<\/strong><\/h3>\n\n\n\n<p><br>Trendyol S\u00fcper Lig\u2019in 7. haftas\u0131nda oynanan <strong>Be\u015fikta\u015f-Kocaelispor<\/strong> ma\u00e7\u0131, sadece sahada de\u011fil, stadyum d\u0131\u015f\u0131nda da b\u00fcy\u00fck bir etkinli\u011fe d\u00f6n\u00fc\u015ft\u00fc. <strong>BeIN Sports<\/strong>, ma\u00e7\u0131n heyecan\u0131n\u0131 katlamak i\u00e7in \u00f6zel bir <strong>taraftar program\u0131<\/strong> haz\u0131rlad\u0131.<\/p>\n\n\n\n<p>Programda, Kocaelispor\u2019un rakibi Be\u015fikta\u015f\u2019\u0131n bulundu\u011fu semt ke\u015ffedildi. Mekanlar, tarih, lezzetler ve taraftar co\u015fkusu bir araya getirildi.<\/p>\n\n\n\n<hr class=\"wp-block-separator has-alpha-channel-opacity\"\/>\n\n\n\n<h4 class=\"wp-block-heading\"><strong>\u0130lk Dura\u011f\u0131m\u0131z: \u0130stanbul \u0130tfaiye M\u00fczesi<\/strong><\/h4>\n\n\n\n<p>Program\u0131n ilk dura\u011f\u0131, <strong>K\u0131l\u0131\u00e7 Ali Pa\u015fa K\u00fclliyesi&#8217;ne ta\u015f\u0131nan \u0130stanbul \u0130tfaiye M\u00fczesi<\/strong> oldu. 1996&#8217;da \u0130stanbul B\u00fcy\u00fck\u015fehir Belediyesi&#8217;ne devredilen m\u00fcze, 300 y\u0131l\u0131 a\u015fk\u0131n ge\u00e7mi\u015fiyle dikkat \u00e7ekiyor.<\/p>\n\n\n\n<ul class=\"wp-block-list\">\n<li>M\u00fczede, 1936\u2019dan 1997\u2019ye kadar g\u00f6rev yapan itfaiye erleri ve \u00e7avu\u015flar\u0131n\u0131n isimleri yer al\u0131yor.<\/li>\n\n\n\n<li>Atl\u0131 tulumba arabalar\u0131ndan maskelere, fenerlere ve kurtarma iplerine kadar pek \u00e7ok \u00f6zg\u00fcn eser sergileniyor.<\/li>\n\n\n\n<li>\u00d6zellikle \u00e7ocuklu aileler i\u00e7in ideal bir ziyaret noktas\u0131 olarak \u00f6nerildi.<\/li>\n<\/ul>\n\n\n\n<blockquote class=\"wp-block-quote is-layout-flow wp-block-quote-is-layout-flow\">\n<p>\u201cBurada yang\u0131n s\u00f6nd\u00fcrme ekipmanlar\u0131, el yap\u0131m\u0131 tulumbalar ve ilk motorlu yang\u0131n ara\u00e7lar\u0131 g\u00f6r\u00fcl\u00fcyor. Bu, hem e\u011flenceli hem de \u00f6\u011fretici bir deneyim\u201d \u2013 Program sunucusu<\/p>\n<\/blockquote>\n\n\n\n<hr class=\"wp-block-separator has-alpha-channel-opacity\"\/>\n\n\n\n<h4 class=\"wp-block-heading\"><strong>Lezzet Duraklar\u0131: Bo\u011faz Manzaras\u0131yla Keyifli Bir Kahvalt\u0131<\/strong><\/h4>\n\n\n\n<p>Ma\u00e7tan \u00f6nce futbolcular gibi enerji almak isteyen taraftarlar i\u00e7in <strong>Bah\u00e7e\u015fehir \u00dcniversitesi&#8217;nin hemen kar\u015f\u0131s\u0131nda<\/strong> bulunan bir mekan tercih edildi.<\/p>\n\n\n\n<ul class=\"wp-block-list\">\n<li><strong>Sabah kahvalt\u0131s\u0131 1&#8217;e kadar devam ediyor.<\/strong><\/li>\n\n\n\n<li>Men\u00fcde k\u00f6fte, hamburger, pizza ve geleneksel T\u00fcrk kahvalt\u0131s\u0131 se\u00e7enekleri var.<\/li>\n\n\n\n<li>Bo\u011faz manzaras\u0131 e\u015fli\u011finde yap\u0131lan bu at\u0131\u015ft\u0131rmal\u0131k, \u00f6zellikle uzak \u015fehirlerden gelen taraftarlar aras\u0131nda pop\u00fcler.<\/li>\n<\/ul>\n\n\n\n<p>Sunucu, mekan\u0131n avantajlar\u0131n\u0131 \u015f\u00f6yle \u00f6zetledi:<\/p>\n\n\n\n<blockquote class=\"wp-block-quote is-layout-flow wp-block-quote-is-layout-flow\">\n<p>\u201cBuradan sonra sadece 35 dakikal\u0131k y\u00fcr\u00fcme mesafesinde T\u00fcpra\u015f Stadyumu. Hem tok oluyorsunuz, hem de ma\u00e7 havas\u0131n\u0131 soluyorsunuz.\u201d<\/p>\n<\/blockquote>\n\n\n\n<hr class=\"wp-block-separator has-alpha-channel-opacity\"\/>\n\n\n\n<h4 class=\"wp-block-heading\"><strong>Y\u0131ld\u0131zlar\u0131n Evi: Be\u015fikta\u015f M\u00fczesi&#8217;nde Efsanelerle Bulu\u015fma<\/strong><\/h4>\n\n\n\n<p>Program\u0131n en duygusal b\u00f6l\u00fcm\u00fc, <strong>T\u00fcpra\u015f Stadyumu\u2019nun hemen alt\u0131nda yer alan Be\u015fikta\u015f M\u00fczesi<\/strong> oldu.<\/p>\n\n\n\n<p>M\u00fcze dan\u0131\u015fman\u0131 <strong>Z\u00fclal G\u00f6k<\/strong>, izleyicilere \u015fu b\u00f6l\u00fcmleri tan\u0131tt\u0131:<\/p>\n\n\n\n<h5 class=\"wp-block-heading\">\ud83d\udd39 <strong>Rahmi Ko\u00e7 B\u00f6l\u00fcm\u00fc<\/strong><\/h5>\n\n\n\n<ul class=\"wp-block-list\">\n<li>Rahmi Ko\u00e7\u2019un katk\u0131lar\u0131ndan dolay\u0131 adanm\u0131\u015f \u00f6zel bir alan.<\/li>\n\n\n\n<li>1989\u2019da Fenerbah\u00e7e\u2019yi yenerek kazand\u0131klar\u0131 T\u00fcrkiye Kupas\u0131 ma\u00e7\u0131nda Metin Oktay\u2019\u0131n giydi\u011fi y\u0131kanmam\u0131\u015f orijinal forma sergileniyor.<\/li>\n<\/ul>\n\n\n\n<h5 class=\"wp-block-heading\">\ud83d\udd39 <strong>S\u00fcleyman Seba B\u00f6l\u00fcm\u00fc<\/strong><\/h5>\n\n\n\n<ul class=\"wp-block-list\">\n<li>Efsane ba\u015fkan\u0131n ofisinden masas\u0131na, sandalyesine kadar her \u015fey orijinal par\u00e7alarla recreated edildi.<\/li>\n\n\n\n<li>Trabzonspor\u2019un \u015fampiyonluk kutlamas\u0131nda S\u00fcleyman Seba\u2019n\u0131n vefat haberi \u00fczerine konserlerin iptal edilmesi ve t\u00fcm trib\u00fcnlerin ona tezah\u00fcrat yapmas\u0131 anlat\u0131ld\u0131.\u201cT\u00fcrk futbolunun her kesiminden insan ona sayg\u0131 duyuyordu. Ruhu \u015fad olsun.\u201d \u2013 Sunucu<\/li>\n<\/ul>\n\n\n\n<h5 class=\"wp-block-heading\">\ud83d\udd39 <strong>Y\u0131ld\u0131zlar Galerisi<\/strong><\/h5>\n\n\n\n<ul class=\"wp-block-list\">\n<li>Ferdinand, Atiba, Olcay \u015eahan, Nihat Kahveci, Mario Gomez ve Daniel Amokachi gibi efsanelerin formalar\u0131 sergileniyor.<\/li>\n\n\n\n<li>\u00d6zellikle <strong>PAN-KU<\/strong> (Panagiotis Kone) kaleye ge\u00e7ti\u011fi Kad\u0131k\u00f6y derbisinde giydi\u011fi eldivenler dikkat \u00e7ekiyor.<\/li>\n<\/ul>\n\n\n\n<h5 class=\"wp-block-heading\">\ud83d\udd39 <strong>100. Y\u0131l ve Engelsiz Eri\u015fim<\/strong><\/h5>\n\n\n\n<ul class=\"wp-block-list\">\n<li>2011-12 sezonunda \u015fampiyon olduklar\u0131 y\u0131l\u0131n kupalar\u0131 sergili.<\/li>\n\n\n\n<li>M\u00fcze, g\u00f6rme engelliler i\u00e7in tasarlanm\u0131\u015f: Replika kupaya dokunularak hissedilebiliyor, Braille alfabesiyle a\u00e7\u0131klamalar mevcut.<\/li>\n<\/ul>\n\n\n\n<h5 class=\"wp-block-heading\">\ud83d\udd39 <strong>Desibel Odas\u0131: \u0130n\u00f6n\u00fc\u2019n\u00fcn Son Sesi<\/strong><\/h5>\n\n\n\n<ul class=\"wp-block-list\">\n<li>2013 y\u0131l\u0131nda <strong>142 desibellik<\/strong> rekor k\u0131r\u0131lan \u201c\u0130n\u00f6n\u00fc\u2019ye Veda\u201d ma\u00e7\u0131 sesi dinletildi.\u201cBu ses bas\u0131nc\u0131nda kendimi duyam\u0131yorum. \u0130\u015fte bu, Be\u015fikta\u015f trib\u00fcn\u00fcn\u00fcn g\u00fcc\u00fc!\u201d \u2013 Sunucu<\/li>\n<\/ul>\n\n\n\n<hr class=\"wp-block-separator has-alpha-channel-opacity\"\/>\n\n\n\n<h4 class=\"wp-block-heading\"><strong>Trib\u00fcnde: &#8220;G\u00fcll\u00fc&#8217;y\u00fc An\u0131yoruz&#8221;<\/strong><\/h4>\n\n\n\n<p>Trib\u00fcnler yava\u015f yava\u015f doldu. Almanya\u2019dan gelen bir baba-o\u011ful \u00e7ifti ile r\u00f6portaj yap\u0131ld\u0131:<\/p>\n\n\n\n<blockquote class=\"wp-block-quote is-layout-flow wp-block-quote-is-layout-flow\">\n<p>\u201cHer zaman destek vermeye geldik. Uzaktan sevmek zor ama gelince mutluluk katlan\u0131yor.\u201d<\/p>\n<\/blockquote>\n\n\n\n<p>Ma\u00e7 \u00f6ncesinde, ge\u00e7en g\u00fcnlerde vefat eden taraftar <strong>G\u00fcll\u00fc<\/strong>, trib\u00fcnden \u201c<em>G\u00f6zlerim ya\u011fmur d\u00fc\u015f\u00fc sana G\u00fcll\u00fc<\/em>\u201d \u015fark\u0131s\u0131yla an\u0131ld\u0131. Bu an, hem duygusal hem de camiasal birlik mesaj\u0131 verdi.<\/p>\n\n\n\n<hr class=\"wp-block-separator has-alpha-channel-opacity\"\/>\n\n\n\n<h4 class=\"wp-block-heading\"><strong>Erken Goller ve Co\u015fku<\/strong><\/h4>\n\n\n\n<ul class=\"wp-block-list\">\n<li><strong>4. dakikada Rafa Silva<\/strong> ile Be\u015fikta\u015f \u00f6ne ge\u00e7ti.<\/li>\n\n\n\n<li><strong>10. dakikada Vaclav Cerny<\/strong>, Kocaelispor kalecisinin hatas\u0131n\u0131 de\u011ferlendirerek fark\u0131 2\u2019ye \u00e7\u0131kard\u0131.<\/li>\n\n\n\n<li>\u0130kinci yar\u0131da <strong>Tayfur Bing\u00f6l<\/strong>, Kocaelispor\u2019a umut \u0131\u015f\u0131\u011f\u0131 getirdi.<\/li>\n\n\n\n<li><strong>90+3. dakikada Jota Silva<\/strong>, son s\u00f6z\u00fc s\u00f6yleyerek skoru 3-1 yapt\u0131.<\/li>\n<\/ul>\n\n\n\n<p>Trib\u00fcnler boyunca \u201c<strong>Kartal gol gol gol!<\/strong>\u201d tezah\u00fcratlar\u0131 yank\u0131land\u0131.<\/p>\n\n\n\n<hr class=\"wp-block-separator has-alpha-channel-opacity\"\/>\n\n\n\n<h4 class=\"wp-block-heading\"><strong>Taraftar G\u00f6r\u00fc\u015fleri: &#8220;Be\u015fikta\u015f Bizim \u0130\u00e7in Bir Ya\u015fam Tarz\u0131&#8221;<\/strong><\/h4>\n\n\n\n<p>Programda bir\u00e7ok taraftar\u0131n g\u00f6r\u00fc\u015f\u00fc al\u0131nd\u0131:<\/p>\n\n\n\n<ul class=\"wp-block-list\">\n<li>\u201cBe\u015fikta\u015f bizim i\u00e7in bir tutku, bir hayat felsefesi. Siyah-beyaz olmadan ya\u015fayamay\u0131z.\u201d<\/li>\n\n\n\n<li>\u201cSergen Yal\u00e7\u0131n geldi, i\u015f bitti. Tak\u0131m art\u0131k istenen futbolu oynuyor.\u201d<\/li>\n\n\n\n<li>\u201c\u015eampiyon olmasak bile b\u00f6yle oynasak yeter!\u201d<\/li>\n<\/ul>\n\n\n\n<p>Baz\u0131 taraftarlar, Kocaelispor hakk\u0131nda \u015f\u00f6yle konu\u015ftu:<\/p>\n\n\n\n<blockquote class=\"wp-block-quote is-layout-flow wp-block-quote-is-layout-flow\">\n<p>\u201cAnadolu\u2019nun g\u00fczel tak\u0131mlar\u0131ndan biri ama bu sene performans\u0131 iyi de\u011fil. Be\u015fikta\u015f rahat ge\u00e7ecek.\u201d<\/p>\n<\/blockquote>\n\n\n\n<hr class=\"wp-block-separator has-alpha-channel-opacity\"\/>\n\n\n\n<h3 class=\"wp-block-heading\"><strong>&#8220;90 Dakikan\u0131n Heyecan\u0131 Trib\u00fcnde&#8221;<\/strong><\/h3>\n\n\n\n<p>BeIN Sports\u2019un taraftar program\u0131, sadece bir ma\u00e7 analizi de\u011fil, <strong>bir k\u00fclt\u00fcr yolculu\u011fu<\/strong> sundu. Be\u015fikta\u015f\u2019\u0131n tarihi, lezzetleri, taraftarlar\u0131 ve duygular\u0131 ekranlara yans\u0131t\u0131ld\u0131.<\/p>\n\n\n\n<blockquote class=\"wp-block-quote is-layout-flow wp-block-quote-is-layout-flow\">\n<p>\u201cArt\u0131k yeni haftada farkl\u0131 bir \u015fehirde, farkl\u0131 bir trib\u00fcn grubuyla kar\u015f\u0131n\u0131zda olaca\u011f\u0131z.\u201d \u2013 Program kapan\u0131\u015f\u0131<\/p>\n<\/blockquote>\n\n\n\n<p><a href=\"https:\/\/www.youtube.com\/hashtag\/beinsports\" target=\"_blank\" rel=\"noopener\">#beinsports<\/a><a href=\"https:\/\/www.youtube.com\/hashtag\/beinsportst%C3%BCrkiye\" target=\"_blank\" rel=\"noopener\">#beinsportst\u00fcrkiye<\/a><a href=\"https:\/\/www.youtube.com\/hashtag\/taraftar\" target=\"_blank\" rel=\"noopener\">#taraftar<\/a><a href=\"https:\/\/www.youtube.com\/hashtag\/be%C5%9Fikta%C5%9F\" target=\"_blank\" rel=\"noopener\">#be\u015fikta\u015f<\/a><a href=\"https:\/\/www.youtube.com\/hashtag\/kocaelispor\" target=\"_blank\" rel=\"noopener\">#kocaelispor<\/a> &nbsp;#Kocaelispor #KOCAEL\u0130SPOR Galatasaray #Fenerbah\u00e7e #Be\u015fikta\u015f #Trabzonspor #Ba\u015fak\u015fehir #Kas\u0131mpa\u015fa #Alanyaspor #Rizespor #Antalyaspor #Samsunspor #Kayserispor #Konyaspor #G\u00f6ztepe #Ey\u00fcpspor&nbsp; #F. Karag\u00fcmr\u00fckspor #Gen\u00e7lerbiirli\u011fi #Kocaelispor haberleri #Kocaelispor transferleri #Kocaelispor ma\u00e7 \u00f6zetleri #Kocaelispor geli\u015fmeleri #Kocaelispor ma\u00e7lar\u0131 #spor #sporhaberleri #kocaeli #kocaelispor #trendyol1lig #Amat\u00f6rdenS\u00fcperLige #\u015eampiyonlukYolu #KocaelisporTV #kocaelispor.tv.tr #kocaelispor.tr #trendyolsuperlig #Trendyol1Lig #Amat\u00f6rdenS\u00fcperLige #KocaelisporSevgisiniPayla\u015fal\u0131m #\u015eampiyonKocaelispor #spor #futbol #kocaelispor #trib\u00fcn #HodriMeydan<\/p>\n\n\n\n<ul class=\"wp-block-list\">\n<li>Web Sitemiz 5651 say\u0131l\u0131 kanun \u00e7er\u00e7evesinde faaliyet g\u00f6stermekte olup yay\u0131nlanan i\u00e7eriklerden sorumlu de\u011fildir. Fakat i\u00e7eri\u011fin kanuna ayk\u0131r\u0131 veya telif hakk\u0131 i\u00e7erdi\u011fi ile ilgili yaz\u0131l\u0131 veya dijital bir tebli\u011f almas\u0131 halinde s\u00f6z konusu i\u00e7eri\u011fi kald\u0131rmakla m\u00fckelleftir.<\/li>\n<\/ul>\n","protected":false},"excerpt":{"rendered":"<p>Taraftar Bu Hafta Be\u015fikta\u015f &#8211; Kocaelispor Ma\u00e7\u0131nda | Taraftar 7. B\u00f6l\u00fcm 3 Ekim 2025 | beIN Sports<\/p>\n","protected":false},"author":1,"featured_media":6036,"comment_status":"closed","ping_status":"closed","sticky":false,"template":"","format":"standard","meta":{"footnotes":""},"categories":[3,1143,5,14,18,4,16],"tags":[1149,1970],"class_list":["post-6035","post","type-post","status-publish","format-standard","has-post-thumbnail","hentry","category-kocaelispor","category-bein-sports","category-lig","category-medya","category-siper-lig","category-turnuva","category-ulusal-medya","tag-bein-sports","tag-taraftar-bu-hafta-besiktas-kocaelispor-macinda-taraftar-7-bolum-3-ekim-2025-bein-sports"],"amp_enabled":true,"_links":{"self":[{"href":"https:\/\/www.kocaelispor.tv.tr\/index.php?rest_route=\/wp\/v2\/posts\/6035","targetHints":{"allow":["GET"]}}],"collection":[{"href":"https:\/\/www.kocaelispor.tv.tr\/index.php?rest_route=\/wp\/v2\/posts"}],"about":[{"href":"https:\/\/www.kocaelispor.tv.tr\/index.php?rest_route=\/wp\/v2\/types\/post"}],"author":[{"embeddable":true,"href":"https:\/\/www.kocaelispor.tv.tr\/index.php?rest_route=\/wp\/v2\/users\/1"}],"replies":[{"embeddable":true,"href":"https:\/\/www.kocaelispor.tv.tr\/index.php?rest_route=%2Fwp%2Fv2%2Fcomments&post=6035"}],"version-history":[{"count":0,"href":"https:\/\/www.kocaelispor.tv.tr\/index.php?rest_route=\/wp\/v2\/posts\/6035\/revisions"}],"wp:featuredmedia":[{"embeddable":true,"href":"https:\/\/www.kocaelispor.tv.tr\/index.php?rest_route=\/wp\/v2\/media\/6036"}],"wp:attachment":[{"href":"https:\/\/www.kocaelispor.tv.tr\/index.php?rest_route=%2Fwp%2Fv2%2Fmedia&parent=6035"}],"wp:term":[{"taxonomy":"category","embeddable":true,"href":"https:\/\/www.kocaelispor.tv.tr\/index.php?rest_route=%2Fwp%2Fv2%2Fcategories&post=6035"},{"taxonomy":"post_tag","embeddable":true,"href":"https:\/\/www.kocaelispor.tv.tr\/index.php?rest_route=%2Fwp%2Fv2%2Ftags&post=6035"}],"curies":[{"name":"wp","href":"https:\/\/api.w.org\/{rel}","templated":true}]}}