{"id":5511,"date":"2025-05-07T21:32:21","date_gmt":"2025-05-07T18:32:21","guid":{"rendered":"https:\/\/kocaelispor.tv.tr\/?p=5511"},"modified":"2025-05-07T21:32:26","modified_gmt":"2025-05-07T18:32:26","slug":"emegin-rengi-yesil-siyah-belgeseli-seyircisiyle-bulustu-7-mayis-2025-tv41","status":"publish","type":"post","link":"https:\/\/www.kocaelispor.tv.tr\/?p=5511","title":{"rendered":"EME\u011e\u0130N RENG\u0130 YE\u015e\u0130L S\u0130YAH BELGESEL\u0130 SEY\u0130RC\u0130S\u0130YLE BULU\u015eTU 7 May\u0131s 2025 | tv41"},"content":{"rendered":"<figure class=\"wp-block-embed-youtube wp-block-embed is-type-video is-provider-youtube wp-embed-aspect-4-3 wp-has-aspect-ratio\"><div class=\"lyte-wrapper\" style=\"width:640px;max-width:100%;margin:5px auto;\"><div class=\"lyMe hidef\" id=\"WYL_svAKwB5d30s\"><div id=\"lyte_svAKwB5d30s\" data-src=\"https:\/\/www.kocaelispor.tv.tr\/wp-content\/plugins\/wp-youtube-lyte\/lyteCache.php?origThumbUrl=%2F%2Fi.ytimg.com%2Fvi%2FsvAKwB5d30s%2Fhqdefault.jpg\" class=\"pL\"><div class=\"tC\"><div class=\"tT\"><\/div><\/div><div class=\"play\"><\/div><div class=\"ctrl\"><div class=\"Lctrl\"><\/div><div class=\"Rctrl\"><\/div><\/div><\/div><noscript><a href=\"https:\/\/youtu.be\/svAKwB5d30s\" rel=\"nofollow noopener\" target=\"_blank\"><img loading=\"lazy\" decoding=\"async\" src=\"https:\/\/www.kocaelispor.tv.tr\/wp-content\/plugins\/wp-youtube-lyte\/lyteCache.php?origThumbUrl=https%3A%2F%2Fi.ytimg.com%2Fvi%2FsvAKwB5d30s%2F0.jpg\" alt=\"YouTube video thumbnail\" width=\"640\" height=\"340\" title=\"\"><\/a><\/noscript><\/div><\/div><div class=\"lL\" style=\"max-width:100%;width:640px;margin:5px auto;\"> <a href=\"https:\/\/youtu.be\/svAKwB5d30s\" target=\"_blank\" rel=\"noopener\">Watch this video on YouTube<\/a>.<br\/><span class=\"lyte_disclaimer\">*** Sitemizde payla\u015f\u0131lan videolar\u0131n t\u00fcm sorumlulu\u011fu, video \u2018nun yay\u0131nc\u0131s\u0131na aittir. ***<\/span><\/div><figcaption><\/figcaption><\/figure>\n\n\n<!--more-->\n\n\n\n<p><strong>&#8220;Eme\u011fin Rengi Ye\u015fil Siyah&#8221; Belgeseli: Kocaelispor&#8217;un Hikayesi Seyircisiyle Bulu\u015ftu<\/strong><\/p>\n\n\n\n<p>Kocaelispor\u2019un zor zamanlar\u0131n\u0131, d\u00fc\u015f\u00fc\u015flerini ve yeniden y\u00fckseli\u015fini anlatan <strong>&#8220;Eme\u011fin Rengi Ye\u015fil Siyah&#8221; <\/strong>belgeseli, lansman\u0131yla izleyiciyle bulu\u015ftu. Bu etkileyici belgesel, Kocaeli\u2019nin co\u011frafi ve k\u00fclt\u00fcrel kimli\u011fini de yans\u0131tarak, ye\u015fil ve siyah\u0131n sembolize etti\u011fi m\u00fccadeleci ruhu g\u00f6zler \u00f6n\u00fcne serdi. \u0130\u015fte bu \u00f6zel projenin detaylar\u0131\u2026<\/p>\n\n\n\n<hr class=\"wp-block-separator has-alpha-channel-opacity\"\/>\n\n\n\n<h3 class=\"wp-block-heading\"><strong>Belgeselin Konusu: Zaferler, D\u00fc\u015f\u00fc\u015fler ve Yeniden Aya\u011fa Kalk\u0131\u015f<\/strong><\/h3>\n\n\n\n<p>Kocaeli, Marmara\u2019n\u0131n tam kalbinde yer alan bir \u015fehir olarak her zaman kendi kimli\u011fini korumu\u015f ve kaderini kendi elleriyle yazm\u0131\u015ft\u0131r. Sokaklar\u0131ndaki al\u0131n teri ve insanlar\u0131n\u0131n inad\u0131yla futbol tutkular\u0131n\u0131 ye\u015fil-siyah renklere boyam\u0131\u015flard\u0131r. Ancak bu hikaye yaln\u0131zca zaferlerin de\u011fil, ayn\u0131 zamanda d\u00fc\u015f\u00fc\u015flerin ve yeniden aya\u011fa kalkman\u0131n da hikayesidir.<\/p>\n\n\n\n<p><strong>&#8220;Eme\u011fin Rengi Ye\u015fil Siyah&#8221; <\/strong>, Kocaelispor\u2019un tarihi boyunca ya\u015fad\u0131\u011f\u0131 d\u00f6n\u00fcm noktalar\u0131n\u0131 derinlemesine ele alarak, kul\u00fcb\u00fcn nas\u0131l yeniden zirveye ula\u015ft\u0131\u011f\u0131n\u0131 anlat\u0131yor. Belgesel, sadece spor d\u00fcnyas\u0131nda de\u011fil, T\u00fcrk futbolunda bir ilke imza atan bu geri d\u00f6n\u00fc\u015f\u00fc kutluyor.<\/p>\n\n\n\n<hr class=\"wp-block-separator has-alpha-channel-opacity\"\/>\n\n\n\n<h3 class=\"wp-block-heading\"><strong>Lansman T\u00f6reni ve Kat\u0131l\u0131mc\u0131lar<\/strong><\/h3>\n\n\n\n<p>Belgeselin lansman t\u00f6reni, Kocaeli Ticaret Odas\u0131 Meclis Salonu\u2019nda ger\u00e7ekle\u015fti. Etkinli\u011fe Kocaelispor\u2019un eski kul\u00fcp ba\u015fkanlar\u0131 <strong>Rafet K\u0131rg\u0131z <\/strong>, <strong>Muammer \u00c7elik <\/strong>, <strong>Nebi Uzun <\/strong>, eski bas\u0131n s\u00f6zc\u00fcleri <strong>Ha\u015fmet U\u00e7ar <\/strong>ve <strong>Murat Bar\u0131\u015f <\/strong>, efsane futbolcular <strong>B\u00fclent Baturman <\/strong>, <strong>Taner G\u00fclleri <\/strong>, gen\u00e7lik geli\u015ftirme sorumlusu <strong>Ayd\u0131n G\u00fcnayd\u0131n <\/strong>, amat\u00f6r spor temsilcileri, bas\u0131n mensuplar\u0131 ve bir\u00e7ok isim kat\u0131ld\u0131.<\/p>\n\n\n\n<p>T\u00f6ren, sayg\u0131 duru\u015fu ve \u0130stiklal Mar\u015f\u0131\u2019n\u0131n okunmas\u0131yla ba\u015flad\u0131. Ard\u0131ndan belgeselin yap\u0131mc\u0131lar\u0131 <strong>Hamza Emin Usta <\/strong>ve <strong>\u0130smail \u00c7ilta\u015f <\/strong>, kat\u0131l\u0131mc\u0131lara projenin s\u00fcrecini ve amac\u0131n\u0131 a\u00e7\u0131klad\u0131lar.<\/p>\n\n\n\n<hr class=\"wp-block-separator has-alpha-channel-opacity\"\/>\n\n\n\n<h3 class=\"wp-block-heading\"><strong>Yap\u0131mc\u0131lar\u0131n Sesi: &#8220;Bu Hikaye Unutulmas\u0131n&#8221;<\/strong><\/h3>\n\n\n\n<p>Yap\u0131mc\u0131lar, belgeselin en b\u00fcy\u00fck fark\u0131n\u0131n, o d\u00f6nemleri bizzat ya\u015fayan ki\u015filerin anlat\u0131mlar\u0131 ve ar\u015fiv foto\u011fraflar\u0131yla desteklenmesi oldu\u011funu vurgulad\u0131lar. Hamza Emin Usta, \u201cBu s\u00fcreci ya\u015fay\u0131p destek olan Erdeme 3 ve Mustafa \u00c7eliksoy\u2019a \u00f6zellikle te\u015fekk\u00fcr ediyoruz. Onlar\u0131n deste\u011fi olmadan bu proje m\u00fcmk\u00fcn olmazd\u0131,\u201d dedi.<\/p>\n\n\n\n<p>\u0130smail \u00c7ilta\u015f ise \u015funlar\u0131 ekledi: \u201cBiz bu hikayeyi bir eser haline getirdik ki yar\u0131n unutulmas\u0131n. Kocaelispor tekrar bu k\u00f6t\u00fc g\u00fcnlere d\u00f6nmesin. \u015eampiyon Kocaelispor\u2019u hem kendim ad\u0131na hem de ekibim ad\u0131na tebrik ediyorum.\u201d<\/p>\n\n\n\n<hr class=\"wp-block-separator has-alpha-channel-opacity\"\/>\n\n\n\n<h3 class=\"wp-block-heading\"><strong>Belgeselin Amac\u0131: Gelecek Nesillere Miras<\/strong><\/h3>\n\n\n\n<p><strong>&#8220;Eme\u011fin Rengi Ye\u015fil Siyah&#8221; <\/strong>, sadece bir belgesel de\u011fil, Kocaelispor\u2019un tarihini gelecek nesillere aktarmak i\u00e7in yap\u0131lan bir mirast\u0131r. Proje, kul\u00fcb\u00fcn karanl\u0131k d\u00f6nemlerinde bile umudu kaybetmeyen insanlar\u0131n m\u00fccadelesini ve yeniden zirveye \u00e7\u0131k\u0131\u015f\u0131n\u0131 dok\u00fcmantasyon haline getiriyor.<\/p>\n\n\n\n<p>Belgesel, Kocaelispor\u2019un yeniden T\u00fcrkiye futbolunun \u00fcst s\u0131ralar\u0131nda yer almas\u0131n\u0131 kutlarken, ayn\u0131 zamanda bu ba\u015far\u0131y\u0131 m\u00fcmk\u00fcn k\u0131lan herkese te\u015fekk\u00fcr ediyor.<\/p>\n\n\n\n<hr class=\"wp-block-separator has-alpha-channel-opacity\"\/>\n\n\n\n<h3 class=\"wp-block-heading\"><strong>Te\u015fekk\u00fcrler ve \u0130zleyicilere Mesaj<\/strong><\/h3>\n\n\n\n<p>Yap\u0131mc\u0131lar, projenin her a\u015famas\u0131nda katk\u0131 sa\u011flayan t\u00fcm isimlere te\u015fekk\u00fcrlerini sundu. \u00d6zellikle, belgeselin olu\u015fumunda b\u00fcy\u00fck rol oynayan <strong>Erdeme 3 <\/strong>ve <strong>Mustafa \u00c7eliksoy <\/strong>\u2019a sonsuz \u015f\u00fckranlar\u0131n\u0131 ifade ettiler.<\/p>\n\n\n\n<p>Son olarak, izleyicilere hitaben \u015fu mesaj verildi:<br>\u201cBu belgesel, Kocaelispor\u2019un hikayesini sizlerle payla\u015fmak i\u00e7in yap\u0131ld\u0131. \u0130yi seyirler dileriz!\u201d<\/p>\n\n\n\n<p>#Kocaelispor #KOCAEL\u0130SPOR #\u0130smet Ta\u015fdemir #tff1 #Adanaspor #Altay #Band\u0131rmaspor #Boluspor #\u00e7orumfk #Erzurumspor FK #Gen\u00e7lerbirli\u011fi #Giresunspor #Ke\u00e7i\u00f6reng\u00fcc\u00fcspor #Manisa FK #Sakaryaspor #\u015eanlurfaspor #Tuzlaspor #\u00dcmraniyespor #Pendikspor #\u0130stanbulspor #F. Karag\u00fcmr\u00fckspor #Ankarag\u00fcc\u00fc #Amedspor #Esenler Erokspor #Yeni Malatyaspor #Kocaelispor haberleri #Kocaelispor transferleri #Kocaelispor ma\u00e7 \u00f6zetleri #Kocaelispor geli\u015fmeleri #Kocaelispor ma\u00e7lar\u0131 #spor #sporhaberleri #kocaeli #kocaelispor #trendyol1lig #Amat\u00f6rdenS\u00fcperLige #\u015eampiyonlukYolu #KocaelisporTV #kocaelispor.tv.tr #kocaelispor.tr #trendyolsuperlig #Trendyol1Lig #Amat\u00f6rdenS\u00fcperLige #KocaelisporSevgisiniPayla\u015fal\u0131m #\u015eampiyonKocaelispor<\/p>\n\n\n\n<ul class=\"wp-block-list\">\n<li>Web Sitemiz 5651 say\u0131l\u0131 kanun \u00e7er\u00e7evesinde faaliyet g\u00f6stermekte olup yay\u0131nlanan i\u00e7eriklerden sorumlu de\u011fildir. Fakat i\u00e7eri\u011fin kanuna ayk\u0131r\u0131 veya telif hakk\u0131 i\u00e7erdi\u011fi ile ilgili yaz\u0131l\u0131 veya dijital bir tebli\u011f almas\u0131 halinde s\u00f6z konusu i\u00e7eri\u011fi kald\u0131rmakla m\u00fckelleftir.<\/li>\n<\/ul>\n","protected":false},"excerpt":{"rendered":"<p>EME\u011e\u0130N RENG\u0130 YE\u015e\u0130L S\u0130YAH BELGESEL\u0130 SEY\u0130RC\u0130S\u0130YLE BULU\u015eTU 7 May\u0131s 2025 | tv41<\/p>\n","protected":false},"author":1,"featured_media":5512,"comment_status":"closed","ping_status":"closed","sticky":false,"template":"","format":"standard","meta":{"footnotes":""},"categories":[3,17,5,14,4,92,15],"tags":[342,341,1676,1164,343,51,1602,344,1732,205,766,739,259,349,1734,1515,734,547,48,1511,888,891,892,890,889,1677,347,809,1733,735,682,350,1725,348,159,223,166,538,778],"class_list":["post-5511","post","type-post","status-publish","format-standard","has-post-thumbnail","hentry","category-kocaelispor","category-1-lig","category-lig","category-medya","category-turnuva","category-tv-41","category-yerel-medya","tag-adanaspor","tag-altay","tag-amatordensuperlige","tag-aydin-gunaydin","tag-bandirmaspor","tag-boluspor","tag-bulent-baturman","tag-corum-fk","tag-emegin-rengi-yesil-siyah-belgeseli-seyircisiyle-bulustu-7-mayis-2025-tv41","tag-erzurumspor-fk","tag-esenler-erokspor","tag-f-karagumrukspor","tag-genclerbirligi","tag-giresunspor","tag-hasmet-ucar-murat-baris","tag-igdir-fk","tag-istanbulspor","tag-keciorengucuspor","tag-kocaelispor","tag-kocaelispor-dolu-dizgin","tag-kocaelispor-gelismeleri","tag-kocaelispor-haberleri","tag-kocaelispor-mac-ozetleri","tag-kocaelispor-maclari","tag-kocaelispor-transferleri","tag-kocaelisporsevgisinipaylasalim","tag-manisa-fk","tag-muammer-celik","tag-nebi-uzun","tag-pendikspor","tag-rafet-kirgiz","tag-sakaryaspor","tag-sampiyonkocaelispor","tag-sanlurfaspor","tag-taner-gulleri","tag-tuzlaspor","tag-tv41","tag-umraniyespor","tag-yenimalatyaspor"],"amp_enabled":true,"_links":{"self":[{"href":"https:\/\/www.kocaelispor.tv.tr\/index.php?rest_route=\/wp\/v2\/posts\/5511","targetHints":{"allow":["GET"]}}],"collection":[{"href":"https:\/\/www.kocaelispor.tv.tr\/index.php?rest_route=\/wp\/v2\/posts"}],"about":[{"href":"https:\/\/www.kocaelispor.tv.tr\/index.php?rest_route=\/wp\/v2\/types\/post"}],"author":[{"embeddable":true,"href":"https:\/\/www.kocaelispor.tv.tr\/index.php?rest_route=\/wp\/v2\/users\/1"}],"replies":[{"embeddable":true,"href":"https:\/\/www.kocaelispor.tv.tr\/index.php?rest_route=%2Fwp%2Fv2%2Fcomments&post=5511"}],"version-history":[{"count":0,"href":"https:\/\/www.kocaelispor.tv.tr\/index.php?rest_route=\/wp\/v2\/posts\/5511\/revisions"}],"wp:featuredmedia":[{"embeddable":true,"href":"https:\/\/www.kocaelispor.tv.tr\/index.php?rest_route=\/wp\/v2\/media\/5512"}],"wp:attachment":[{"href":"https:\/\/www.kocaelispor.tv.tr\/index.php?rest_route=%2Fwp%2Fv2%2Fmedia&parent=5511"}],"wp:term":[{"taxonomy":"category","embeddable":true,"href":"https:\/\/www.kocaelispor.tv.tr\/index.php?rest_route=%2Fwp%2Fv2%2Fcategories&post=5511"},{"taxonomy":"post_tag","embeddable":true,"href":"https:\/\/www.kocaelispor.tv.tr\/index.php?rest_route=%2Fwp%2Fv2%2Ftags&post=5511"}],"curies":[{"name":"wp","href":"https:\/\/api.w.org\/{rel}","templated":true}]}}