{"id":5492,"date":"2025-05-05T19:56:03","date_gmt":"2025-05-05T16:56:03","guid":{"rendered":"https:\/\/kocaelispor.tv.tr\/?p=5492"},"modified":"2025-05-05T19:56:05","modified_gmt":"2025-05-05T16:56:05","slug":"tadi-kacti-sampiyon-igdir-fk-4-0-kocaelispor-ismet-tasdemir-yonetim-yuruyus-yolu-35-4-mayis-2025-la-golfo","status":"publish","type":"post","link":"https:\/\/www.kocaelispor.tv.tr\/?p=5492","title":{"rendered":"TADI KA\u00c7TI \u015eAMP\u0130YON! | I\u011fd\u0131r FK 4-0 Kocaelispor | \u0130smet Ta\u015fdemir, Y\u00f6netim | Y\u00fcr\u00fcy\u00fc\u015f Yolu #35 4 May\u0131s 2025 | La Golfo"},"content":{"rendered":"\n<figure class=\"wp-block-embed is-type-video is-provider-youtube wp-block-embed-youtube wp-embed-aspect-16-9 wp-has-aspect-ratio\"><div class=\"wp-block-embed__wrapper\">\n<div class=\"lyte-wrapper\" style=\"width:640px;max-width:100%;margin:5px auto;\"><div class=\"lyMe hidef\" id=\"WYL_Fxy4H2gNlQE\"><div id=\"lyte_Fxy4H2gNlQE\" data-src=\"https:\/\/www.kocaelispor.tv.tr\/wp-content\/plugins\/wp-youtube-lyte\/lyteCache.php?origThumbUrl=%2F%2Fi.ytimg.com%2Fvi%2FFxy4H2gNlQE%2Fhqdefault.jpg\" class=\"pL\"><div class=\"tC\"><div class=\"tT\"><\/div><\/div><div class=\"play\"><\/div><div class=\"ctrl\"><div class=\"Lctrl\"><\/div><div class=\"Rctrl\"><\/div><\/div><\/div><noscript><a href=\"https:\/\/youtu.be\/Fxy4H2gNlQE\" rel=\"nofollow noopener\" target=\"_blank\"><img loading=\"lazy\" decoding=\"async\" src=\"https:\/\/www.kocaelispor.tv.tr\/wp-content\/plugins\/wp-youtube-lyte\/lyteCache.php?origThumbUrl=https%3A%2F%2Fi.ytimg.com%2Fvi%2FFxy4H2gNlQE%2F0.jpg\" alt=\"YouTube video thumbnail\" width=\"640\" height=\"340\" title=\"\"><\/a><\/noscript><\/div><\/div><div class=\"lL\" style=\"max-width:100%;width:640px;margin:5px auto;\"> <a href=\"https:\/\/youtu.be\/Fxy4H2gNlQE\" target=\"_blank\" rel=\"noopener\">Watch this video on YouTube<\/a>.<br\/><span class=\"lyte_disclaimer\">*** Sitemizde payla\u015f\u0131lan videolar\u0131n t\u00fcm sorumlulu\u011fu, video \u2018nun yay\u0131nc\u0131s\u0131na aittir. ***<\/span><\/div><template data-arve_cachetime=\"2025-05-05T19:47:59+03:00\" data-arve_iframe_src=\"https:\/\/www.youtube.com\/embed\/Fxy4H2gNlQE?feature=oembed\" data-arve_url=\"https:\/\/www.youtube.com\/live\/Fxy4H2gNlQE?si=UXvxBQLwGlBsjkxS\" data-author_name=\"La Golfo\" data-author_url=\"https:\/\/www.youtube.com\/@lagolfo\" data-height=\"360\" data-provider=\"youtube\" data-provider_name=\"YouTube\" data-provider_url=\"https:\/\/www.youtube.com\/\" data-thumbnail_height=\"360\" data-thumbnail_url=\"https:\/\/i.ytimg.com\/vi\/Fxy4H2gNlQE\/hqdefault.jpg\" data-thumbnail_width=\"480\" data-title=\"TADI KA\u00c7TI \u015eAMP\u0130YON!  | I\u011fd\u0131r FK 4-0 Kocaelispor | \u0130smet Ta\u015fdemir, Y\u00f6netim  | Y\u00fcr\u00fcy\u00fc\u015f Yolu #35\" data-type=\"video\" data-version=\"1.0\" data-width=\"640\" class=\"arve-data\"><\/template>\n<\/div><\/figure>\n\n\n\n<!--more-->\n\n\n\n<p>Cem Sinan Verg\u00fcl ve Hamza Mutlu, I\u011fd\u0131r FK-Kocaelispor kar\u015f\u0131la\u015fmas\u0131n\u0131, Muhammet Can G\u00f6r\u00fcc\u00fc moderat\u00f6rl\u00fc\u011f\u00fcnde de\u011ferlendiriyor. <\/p>\n\n\n\n<p>\ud83d\udc49Sosyal medya hesaplar\u0131m\u0131z; \u25aa\ufe0f Instagram: <a href=\"https:\/\/www.youtube.com\/redirect?event=video_description&amp;redir_token=QUFFLUhqbXZORHNFNGdoMmdVR2RCN0FWREV2bzVpSk5aUXxBQ3Jtc0ttNzdQbW16SHRUOUloamVlNDljdVZZMHVhRkthRm1FSHdtOEZzS1E5WEpxaW1Ha2lMakV1MnNmYlZPbjk3cVN4LUpKa3RiWWdrWmZnUlFRWkREVHRrblNJUWxodjZnb3JzRTJvTUhuanJ6MkxsV3k5TQ&amp;q=https%3A%2F%2Finstagram.com%2Flagolfo&amp;v=Fxy4H2gNlQE\" target=\"_blank\" rel=\"noreferrer noopener\">\u00a0\u00a0\/\u00a0lagolfo\u00a0\u00a0<\/a> \u25aa\ufe0f Twitter: <a href=\"https:\/\/www.youtube.com\/redirect?event=video_description&amp;redir_token=QUFFLUhqbnphSTVHeXdxNk1WLUhzV3p0cnUwMUZITFZYd3xBQ3Jtc0tsVUlHS2NhZFFNZDJxX01NUkN4c3EzTEJ1Y21yMVNiZnl5UUhORU9TUkZiY19ZcTFrQzVVcWVfZ0RhNnFnTVJFQjlGWjYteUpNSFNjajhpMHQxNlVTNGlPTUd1Zk11bjJJSlFsQmlGWWlRaEVoc3ZXUQ&amp;q=https%3A%2F%2Ftwitter.com%2Flagolfocom&amp;v=Fxy4H2gNlQE\" target=\"_blank\" rel=\"noreferrer noopener\">\u00a0\u00a0\/\u00a0lagolfocom\u00a0\u00a0<\/a> \u25aa\ufe0f Facebook: <a href=\"https:\/\/www.youtube.com\/redirect?event=video_description&amp;redir_token=QUFFLUhqblAyWW9xdFI5dE8xdXZuZTI1NVpqY1hWTWdzd3xBQ3Jtc0trNzlDTEtJeXFfRjdRNG1Wc2hmTDZsMGFRX2dDWmIxSC1HYlAxbjhfaWxCY3BRaUNKaml3MURXV2xNeTZHVExhNnV5RHh1SHhSb2lXRXozYm1FVlJkcVZ3cDNxSkFwenBfcVN6b2d1aWZ6Yy1ULU1maw&amp;q=https%3A%2F%2Ffacebook.com%2Flagolfocom&amp;v=Fxy4H2gNlQE\" target=\"_blank\" rel=\"noreferrer noopener\">\u00a0\u00a0\/\u00a0lagolfocom\u00a0\u00a0<\/a> \ud83d\udc49Cem Sinan Verg\u00fcl Twitter hesab\u0131: <a href=\"https:\/\/www.youtube.com\/redirect?event=video_description&amp;redir_token=QUFFLUhqbGN3dWJCaGpiMWVMY3Boc3JDRGVxTHVCSEFiQXxBQ3Jtc0trNWgxUUtuYjgySzc0dDZwT193Tjh1dGJFdVZ1NHpTSjBkWFBOT1p1b2pCZWFIVU9OMndFSEtaUjV5Tm5qT2UtR3UxWmhYaC1BZjEwbVcyN3EtUFNZVGQyVnRnTXUtS2tBdzZMZE9zT3FuY1Zsb29zZw&amp;q=https%3A%2F%2Ftwitter.com%2FCemsinanV41&amp;v=Fxy4H2gNlQE\" target=\"_blank\" rel=\"noreferrer noopener\">\u00a0\u00a0\/\u00a0cemsinanv41\u00a0\u00a0<\/a> \ud83d\udc49Hamza Mutlu Twitter hesab\u0131: <a href=\"https:\/\/www.youtube.com\/redirect?event=video_description&amp;redir_token=QUFFLUhqbkZUQWxyalNxczhXVU9pQ1prSW5VYlE5ekhqQXxBQ3Jtc0trNjUtcm5JMGhkRDk0NmlsTnFtbWJBSmJIYS15TW16QnhhbE1ORnlYQ0xYa3dMUmo4dHJucklTZExoN1BuZkJJM0NqQWhmVlRGMW5malI4X0loT3NzeGZQb0FqLTNBeHMzQnl6aENfbU05dTlLU2Q4SQ&amp;q=https%3A%2F%2Ftwitter.com%2Fhamzz7&amp;v=Fxy4H2gNlQE\" target=\"_blank\" rel=\"noreferrer noopener\">\u00a0\u00a0\/\u00a0hamzz7\u00a0\u00a0<\/a> \ud83d\udc49Muhammet Can G\u00f6r\u00fcc\u00fc Twitter hesab\u0131: <a href=\"https:\/\/www.youtube.com\/redirect?event=video_description&amp;redir_token=QUFFLUhqbVh4YVFKZWNfSTR1RlVvYTdJbEVUWHZRaEtad3xBQ3Jtc0tsWmVrOU9lcWZ6eXZ3SkZCVUFTYl83eVRqT2tVUXZZaVVxRWZ6bHhkMDlXV3BGS0NfOFNWRXpiRGNEdVNMOEN6NFFlbE1PT0xxclVwVU9DZkxpbkEtY08xZF9pSUZNM0wtaWZKZExuV0xlbXcteHg1Zw&amp;q=https%3A%2F%2Ftwitter.com%2Fmuhammetcgg&amp;v=Fxy4H2gNlQE\" target=\"_blank\" rel=\"noreferrer noopener\">\u00a0\u00a0\/\u00a0muhammetcgg\u00a0\u00a0<\/a> <\/p>\n\n\n\n<p>\ud83d\udd251. Lig&#8217;in kalbi Y\u00fcr\u00fcy\u00fc\u015f Yolu ile beraber La Golfo Youtube kanal\u0131nda atacak. T\u00fcm futbolseverleri kanal\u0131m\u0131za abone olmaya davet ediyoruz. Abone ol, tak\u0131m\u0131ndan ayr\u0131 kalma! <a href=\"https:\/\/www.youtube.com\/hashtag\/kocaelispor\" target=\"_blank\" rel=\"noopener\">#Kocaelispor<\/a><a href=\"https:\/\/www.youtube.com\/hashtag\/i%C4%9Fd%C4%B1rfk\" target=\"_blank\" rel=\"noopener\">#I\u011fd\u0131rFK<\/a><a href=\"https:\/\/www.youtube.com\/hashtag\/s%C3%BCperlig\" target=\"_blank\" rel=\"noopener\">#S\u00fcperLig<\/a><a href=\"https:\/\/www.youtube.com\/hashtag\/spor\" target=\"_blank\" rel=\"noopener\">#Spor<\/a><a href=\"https:\/\/www.youtube.com\/hashtag\/canl%C4%B1\" target=\"_blank\" rel=\"noopener\">#Canl\u0131<\/a><\/p>\n\n\n\n<p>Trendyol 1. Lig\u2019in son haftalar\u0131nda, Kocaelispor\u2019un \u015fampiyonlu\u011funu garantilemesine ra\u011fmen taraftarlar aras\u0131nda bir hayal k\u0131r\u0131kl\u0131\u011f\u0131 ya\u015fand\u0131. <strong>Cem Sinan Verg\u00fcl <\/strong>ve <strong>Hamza Mutlu <\/strong>, I\u011fd\u0131r FK-Kocaelispor ma\u00e7\u0131n\u0131 de\u011ferlendirmek \u00fczere <strong>Muhammet Can G\u00f6r\u00fcc\u00fc <\/strong>moderat\u00f6rl\u00fc\u011f\u00fcndeki \u00f6zel programda bir araya geldiler. Bu derin analizde, sezonun bitimine dair duygular, ma\u00e7 performanslar\u0131 ve taraftar beklentileri ele al\u0131nd\u0131.<\/p>\n\n\n\n<hr class=\"wp-block-separator has-alpha-channel-opacity\"\/>\n\n\n\n<h3 class=\"wp-block-heading\"><strong>Son Haftalar\u0131n De\u011ferlendirmesi: Kazanamama ve Taraftar Hayal K\u0131r\u0131kl\u0131\u011f\u0131<\/strong><\/h3>\n\n\n\n<p>Kocaelispor, \u015fampiyonlu\u011fu ilan ettikten sonra son \u00fc\u00e7 haftada kazanamad\u0131. \u00d6zellikle Ke\u00e7\u00f6ren Belediyespor ve I\u011fd\u0131r FK ma\u00e7lar\u0131nda g\u00f6sterilen performans, taraftarlar\u0131n beklentilerini kar\u015f\u0131lamad\u0131. Programa kat\u0131lan Hamza hocam\u0131z, &#8220;Bu son haftalar\u0131n \u00f6zellikle saha i\u00e7i performanslar\u0131yla konu\u015facak \u00e7ok \u015fey kalmad\u0131. Ancak unutmayal\u0131m ki, \u015fampiyonluk i\u00e7in herkesi tebrik etmek zorunday\u0131z. Fakat son ak\u0131lda kalan b\u00f6l\u00fcmler maalesef olumsuza do\u011fru gitti,&#8221; dedi.<\/p>\n\n\n\n<p>Hocam\u0131z ayr\u0131ca, bu s\u00fcre\u00e7te oyuncular\u0131n motivasyon eksikli\u011fine ve tak\u0131m\u0131n enerjisindeki d\u00fc\u015f\u00fc\u015fe dikkat \u00e7ekti. &#8220;Oyuncular\u0131n tam keyfini alacaklar\u0131 s\u00fcre\u00e7ti. Hi\u00e7bir puan bask\u0131s\u0131 yoktu, daha g\u00f6ze ho\u015f gelen bir oyun sergileyebilirdik,&#8221; ifadeleriyle son haftalarda ya\u015fanan eksiklikleri vurgulad\u0131.<\/p>\n\n\n\n<hr class=\"wp-block-separator has-alpha-channel-opacity\"\/>\n\n\n\n<h3 class=\"wp-block-heading\"><strong>Ke\u00e7\u00f6ren Ma\u00e7\u0131: Kutlama Beklentisi Kar\u015f\u0131s\u0131nda Hayal K\u0131r\u0131kl\u0131\u011f\u0131<\/strong><\/h3>\n\n\n\n<p>Ke\u00e7\u00f6ren Belediyespor ma\u00e7\u0131, \u015fampiyonluk kutlamalar\u0131n\u0131n merkezinde yer ald\u0131. Ancak taraftarlar, beklenen co\u015fku ve enerjinin eksik oldu\u011funu dile getirdi. Hatta baz\u0131 taraftarlar, ma\u00e7tan \u00f6nce yap\u0131lan a\u00e7\u0131klamalar ve bilet fiyatlar\u0131n\u0131n y\u00fcksek olmas\u0131 nedeniyle ele\u015ftirilerde bulundu.<\/p>\n\n\n\n<p>Bir taraftar, Twitter \u00fczerinden \u015fu yorumu yapt\u0131:<br>&#8220;\u015eampiyonluk kutlamalar\u0131 daha iyi bir hale gelsin diye pazar g\u00fcn\u00fc se\u00e7ildi. Ancak TFF&#8217;nin a\u00e7\u0131klad\u0131\u011f\u0131 programda bizim ma\u00e7 hari\u00e7 geri kalan t\u00fcm ma\u00e7lar cumartesi g\u00fcn\u00fc oynanacak. Bu durum, taraftarlar\u0131n organizasyonla ilgili endi\u015felerini art\u0131rd\u0131.&#8221;<\/p>\n\n\n\n<p>Hamza hocam\u0131z ise, &#8220;I\u011fd\u0131r ma\u00e7\u0131nda ya\u015fanan eksiklikler, sadece sonu\u00e7la de\u011fil, oyuncular\u0131n tutumuyla da ilgili. \u00d6rne\u011fin, I\u011fd\u0131r\u2019a gelmeyen bir oyuncu sar\u0131 kart g\u00f6rd\u00fc, bir ba\u015fkas\u0131 ise memleketine d\u00f6nd\u00fc. Bu gibi durumlar, tak\u0131m\u0131n birli\u011fi ve motivasyonu \u00fczerinde soru i\u015faretleri yaratt\u0131,&#8221; dedi.<\/p>\n\n\n\n<hr class=\"wp-block-separator has-alpha-channel-opacity\"\/>\n\n\n\n<h3 class=\"wp-block-heading\"><strong>Sezonun Genel De\u011ferlendirmesi: \u015eampiyonluk ve \u00d6tesi<\/strong><\/h3>\n\n\n\n<p>Hamza hocam\u0131z, sezon boyunca yay\u0131nlar\u0131n ve Kocaelispor\u2019un genel performans\u0131n\u0131n de\u011ferlendirilmesi gerekti\u011fini belirtti. &#8220;Biz program olarak hep saha i\u00e7inde kalmaya \u00e7al\u0131\u015ft\u0131k. Ancak son 3-4 haftada, saha i\u00e7iyle ilgili konu\u015facak pek bir \u015fey kalmad\u0131. Bu durum, hem yay\u0131nlar\u0131m\u0131z hem de taraftarlar a\u00e7\u0131s\u0131ndan \u00fcz\u00fcc\u00fc bir ger\u00e7ek,&#8221; dedi.<\/p>\n\n\n\n<p>Cem Sinan Verg\u00fcl ise, &#8220;Sonlar ak\u0131lda kal\u0131r&#8221; diyerek, &#8220;Ke\u00e7\u00f6ren ve I\u011fd\u0131r ma\u00e7lar\u0131n\u0131n sezonun son an\u0131lar\u0131 olarak kalmas\u0131 ger\u00e7ekten \u00fcz\u00fcc\u00fc. \u00c7\u00fcnk\u00fc bu, tak\u0131m\u0131n ve kul\u00fcb\u00fcn adeta bir &#8216;k\u0131r\u0131lma&#8217; d\u00f6nemine girdi\u011fini g\u00f6steriyor,&#8221; \u015feklinde konu\u015ftu.<\/p>\n\n\n\n<p>#Kocaelispor #KOCAEL\u0130SPOR #\u0130smet Ta\u015fdemir #tff1 #Adanaspor #Altay #Band\u0131rmaspor #Boluspor #\u00e7orumfk #Erzurumspor FK #Gen\u00e7lerbirli\u011fi #Giresunspor #Ke\u00e7i\u00f6reng\u00fcc\u00fcspor #Manisa FK #Sakaryaspor #\u015eanlurfaspor #Tuzlaspor #\u00dcmraniyespor #Pendikspor #\u0130stanbulspor #F. Karag\u00fcmr\u00fckspor #Ankarag\u00fcc\u00fc #Amedspor #Esenler Erokspor #Yeni Malatyaspor #Kocaelispor haberleri #Kocaelispor transferleri #Kocaelispor ma\u00e7 \u00f6zetleri #Kocaelispor geli\u015fmeleri #Kocaelispor ma\u00e7lar\u0131 #spor #sporhaberleri #kocaeli #kocaelispor #trendyol1lig #Amat\u00f6rdenS\u00fcperLige #\u015eampiyonlukYolu #KocaelisporTV #kocaelispor.tv.tr #kocaelispor.tr #trendyolsuperlig #Trendyol1Lig #Amat\u00f6rdenS\u00fcperLige #KocaelisporSevgisiniPayla\u015fal\u0131m #\u015eampiyonKocaelispor<\/p>\n\n\n\n<ul class=\"wp-block-list\">\n<li>Web Sitemiz 5651 say\u0131l\u0131 kanun \u00e7er\u00e7evesinde faaliyet g\u00f6stermekte olup yay\u0131nlanan i\u00e7eriklerden sorumlu de\u011fildir. Fakat i\u00e7eri\u011fin kanuna ayk\u0131r\u0131 veya telif hakk\u0131 i\u00e7erdi\u011fi ile ilgili yaz\u0131l\u0131 veya dijital bir tebli\u011f almas\u0131 halinde s\u00f6z konusu i\u00e7eri\u011fi kald\u0131rmakla m\u00fckelleftir.<\/li>\n<\/ul>\n","protected":false},"excerpt":{"rendered":"","protected":false},"author":1,"featured_media":5495,"comment_status":"closed","ping_status":"closed","sticky":false,"template":"","format":"standard","meta":{"footnotes":""},"categories":[3,17,32,5,22,4],"tags":[342,341,1676,343,51,301,344,205,766,739,259,349,429,1515,734,547,48,1511,888,891,892,890,889,1677,347,461,735,350,1725,348,1728,223,538,778,1729],"class_list":["post-5492","post","type-post","status-publish","format-standard","has-post-thumbnail","hentry","category-kocaelispor","category-1-lig","category-la-golfo","category-lig","category-sosyal-medya","category-turnuva","tag-adanaspor","tag-altay","tag-amatordensuperlige","tag-bandirmaspor","tag-boluspor","tag-cem-sinan-vergul","tag-corum-fk","tag-erzurumspor-fk","tag-esenler-erokspor","tag-f-karagumrukspor","tag-genclerbirligi","tag-giresunspor","tag-hamza-mutlu","tag-igdir-fk","tag-istanbulspor","tag-keciorengucuspor","tag-kocaelispor","tag-kocaelispor-dolu-dizgin","tag-kocaelispor-gelismeleri","tag-kocaelispor-haberleri","tag-kocaelispor-mac-ozetleri","tag-kocaelispor-maclari","tag-kocaelispor-transferleri","tag-kocaelisporsevgisinipaylasalim","tag-manisa-fk","tag-muhammet-can-gorucu","tag-pendikspor","tag-sakaryaspor","tag-sampiyonkocaelispor","tag-sanlurfaspor","tag-tadi-kacti-sampiyon-igdir-fk-4-0-kocaelispor-ismet-tasdemir","tag-tuzlaspor","tag-umraniyespor","tag-yenimalatyaspor","tag-yonetim-yuruyus-yolu-35-4-mayis-2025-la-golfo"],"amp_enabled":true,"_links":{"self":[{"href":"https:\/\/www.kocaelispor.tv.tr\/index.php?rest_route=\/wp\/v2\/posts\/5492","targetHints":{"allow":["GET"]}}],"collection":[{"href":"https:\/\/www.kocaelispor.tv.tr\/index.php?rest_route=\/wp\/v2\/posts"}],"about":[{"href":"https:\/\/www.kocaelispor.tv.tr\/index.php?rest_route=\/wp\/v2\/types\/post"}],"author":[{"embeddable":true,"href":"https:\/\/www.kocaelispor.tv.tr\/index.php?rest_route=\/wp\/v2\/users\/1"}],"replies":[{"embeddable":true,"href":"https:\/\/www.kocaelispor.tv.tr\/index.php?rest_route=%2Fwp%2Fv2%2Fcomments&post=5492"}],"version-history":[{"count":0,"href":"https:\/\/www.kocaelispor.tv.tr\/index.php?rest_route=\/wp\/v2\/posts\/5492\/revisions"}],"wp:featuredmedia":[{"embeddable":true,"href":"https:\/\/www.kocaelispor.tv.tr\/index.php?rest_route=\/wp\/v2\/media\/5495"}],"wp:attachment":[{"href":"https:\/\/www.kocaelispor.tv.tr\/index.php?rest_route=%2Fwp%2Fv2%2Fmedia&parent=5492"}],"wp:term":[{"taxonomy":"category","embeddable":true,"href":"https:\/\/www.kocaelispor.tv.tr\/index.php?rest_route=%2Fwp%2Fv2%2Fcategories&post=5492"},{"taxonomy":"post_tag","embeddable":true,"href":"https:\/\/www.kocaelispor.tv.tr\/index.php?rest_route=%2Fwp%2Fv2%2Ftags&post=5492"}],"curies":[{"name":"wp","href":"https:\/\/api.w.org\/{rel}","templated":true}]}}