{"id":5353,"date":"2025-04-22T21:50:16","date_gmt":"2025-04-22T18:50:16","guid":{"rendered":"https:\/\/kocaelispor.tv.tr\/?p=5353"},"modified":"2025-04-22T21:50:19","modified_gmt":"2025-04-22T18:50:19","slug":"erdem-ovuc-ile-yesil-siyah-22-nisan-2025-nokta-tv","status":"publish","type":"post","link":"https:\/\/www.kocaelispor.tv.tr\/?p=5353","title":{"rendered":"Erdem \u00d6v\u00fc\u00e7 \u0130le Ye\u015fil Siyah 22 Nisan 2025 | Nokta TV"},"content":{"rendered":"<figure class=\"wp-block-embed-youtube wp-block-embed is-type-video is-provider-youtube wp-embed-aspect-16-9 wp-has-aspect-ratio\"><div class=\"lyte-wrapper\" style=\"width:640px;max-width:100%;margin:5px auto;\"><div class=\"lyMe hidef\" id=\"WYL_4LhRT4kReXQ\"><div id=\"lyte_4LhRT4kReXQ\" data-src=\"https:\/\/www.kocaelispor.tv.tr\/wp-content\/plugins\/wp-youtube-lyte\/lyteCache.php?origThumbUrl=%2F%2Fi.ytimg.com%2Fvi%2F4LhRT4kReXQ%2Fhqdefault.jpg\" class=\"pL\"><div class=\"tC\"><div class=\"tT\"><\/div><\/div><div class=\"play\"><\/div><div class=\"ctrl\"><div class=\"Lctrl\"><\/div><div class=\"Rctrl\"><\/div><\/div><\/div><noscript><a href=\"https:\/\/youtu.be\/4LhRT4kReXQ\" rel=\"nofollow noopener\" target=\"_blank\"><img loading=\"lazy\" decoding=\"async\" src=\"https:\/\/www.kocaelispor.tv.tr\/wp-content\/plugins\/wp-youtube-lyte\/lyteCache.php?origThumbUrl=https%3A%2F%2Fi.ytimg.com%2Fvi%2F4LhRT4kReXQ%2F0.jpg\" alt=\"YouTube video thumbnail\" width=\"640\" height=\"340\" title=\"\"><\/a><\/noscript><\/div><\/div><div class=\"lL\" style=\"max-width:100%;width:640px;margin:5px auto;\"> <a href=\"https:\/\/youtu.be\/4LhRT4kReXQ\" target=\"_blank\" rel=\"noopener\">Watch this video on YouTube<\/a>.<br\/><span class=\"lyte_disclaimer\">*** Sitemizde payla\u015f\u0131lan videolar\u0131n t\u00fcm sorumlulu\u011fu, video \u2018nun yay\u0131nc\u0131s\u0131na aittir. ***<\/span><\/div><figcaption><\/figcaption><\/figure>\n\n\n<!--more-->\n\n\n\n<p>G\u00fcndemin nabz\u0131n\u0131 tutan programlar ve canl\u0131 yay\u0131nlar i\u00e7in YouTube kanal\u0131m\u0131z\u0131 izlemeyi, abone olmay\u0131 ve be\u011fenmeyi unutmay\u0131n! <br>Web Sitemiz: <a href=\"https:\/\/www.youtube.com\/redirect?event=video_description&amp;redir_token=QUFFLUhqbUtydnBBUUxwbzg3bjJUYnFaTk4yc3MzQ1RlUXxBQ3Jtc0tra2RBWXJKNzhWLWF6TjFZenBrOEx0NWtXR0IyTHFXY0JaWko5dVEwSHRSMnZGeGk0WXdlRHdVaHJ6VmZGVGwxUFJrcy0wZE9BY01XWUNTaEpmQ25ZNFJNeWxYb2cyd2xLWUhTdEVLVWl6QVd4WEY5RQ&amp;q=https%3A%2F%2Fwww.noktatv.com%2F&amp;v=4LhRT4kReXQ\" target=\"_blank\" rel=\"noreferrer noopener\">https:\/\/www.noktatv.com<\/a> Nokta Gazetesi: <a href=\"https:\/\/www.youtube.com\/redirect?event=video_description&amp;redir_token=QUFFLUhqa2ItZVFVWnRDeUcxeklXUXduUmZHQWxlU2YyQXxBQ3Jtc0tsQy1zOTdzRENUdWd3VkZaTTJrdVAzZFJNUkhiTXIzeWxTSkRsRVNfVzFfanYydEVMQXJRbW5ia1pqczNsSEJwZ0FaalNyMzVFQVpKa2FXLUNsRFBXWFBmTy1YRmZ3SHlmNjQ3WENuaXdYaWpFN3NvZw&amp;q=https%3A%2F%2Fwww.noktagazetesi.com.tr%2F&amp;v=4LhRT4kReXQ\" target=\"_blank\" rel=\"noreferrer noopener\">https:\/\/www.noktagazetesi.com.tr<\/a> Instagram: <a href=\"https:\/\/www.youtube.com\/redirect?event=video_description&amp;redir_token=QUFFLUhqazhVcERwSmJta2Z5WHlwZF9JUFVPRjJ1Mlk2QXxBQ3Jtc0trQVBJdm00enVoczJyX0JVb291OC1UaU9DMC1rREhQSHhFUVp6UTlfcVZtTXJ6ck1JZXZuTFZ2bmdCa1NydzF2OGZqdkhvb1RYbnlvTkNYemdBWG4zNV9VWUZNeW9oTlhnQnp1cTRLemQ5MXVRYUdxMA&amp;q=https%3A%2F%2Fwww.instagram.com%2Fnoktatvcomizle&amp;v=4LhRT4kReXQ\" target=\"_blank\" rel=\"noreferrer noopener\">\u00a0\u00a0\/\u00a0noktatvcomizle\u00a0\u00a0<\/a> Twitter : <a href=\"https:\/\/www.youtube.com\/redirect?event=video_description&amp;redir_token=QUFFLUhqa2plaE5xRmp2RmtuOEY5Z1ExOERkLVh5NDJ4UXxBQ3Jtc0ttejlrdHF0TmJBWlYzSmFBSWQyZFlhSV9Jc3BsQWdKZUJYSkhhTG53Tk9lak84VDJOQXg2MzJWQ3dYUTBwdWZUVmZweGE4NDB6SHBwTlJrenN5OXpLLTJ6UnY0X2hIbFg3Z2FnWXBhaFJjTXRZWjJWNA&amp;q=https%3A%2F%2Ftwitter.com%2Fnoktatvcomizle&amp;v=4LhRT4kReXQ\" target=\"_blank\" rel=\"noreferrer noopener\">\u00a0\u00a0\/\u00a0noktatvcomizle\u00a0\u00a0<\/a> Facebook : <a href=\"https:\/\/www.youtube.com\/redirect?event=video_description&amp;redir_token=QUFFLUhqbmowU2FkaERMSE5CRUlDM2E3cmlTWVF1a1VNUXxBQ3Jtc0tuRmhpTmFDcVJjTFRwRGY0RFYyQTZDcTQ1enBqNnB6WnNfLWhqWElVODM5b0ptczVYQ2VlRDBxUFplbzhWX1FBTWZuTi1xYjVUVXk2NGVBLWthRTRva3BFYm16THozT3hBZURvVXZrUF9wQVRleDVMSQ&amp;q=https%3A%2F%2Fwww.facebook.com%2Fnoktatvcom&amp;v=4LhRT4kReXQ\" target=\"_blank\" rel=\"noreferrer noopener\">\u00a0\u00a0\/\u00a0noktatvcom\u00a0\u00a0<\/a><\/p>\n\n\n\n<p><strong>Kocaelispor \u015eampiyonlu\u011fuyla Dolu Bir Hafta: Ye\u015fil Siyah B\u00fcy\u00fc Devam Ediyor!<\/strong><\/p>\n\n\n\n<p> &#8220;Ye\u015fili Siyah Program\u0131&#8221; na ho\u015f geldiniz! Her Pazartesi ak\u015fam\u0131 sizlerle birlikte olan bu \u00f6zel programda, bu hafta da dolu dolu bir g\u00fcndemle kar\u015f\u0131n\u0131zday\u0131z. Kocaelispor\u2019un \u015fampiyonluk kutlamalar\u0131ndan, b\u00f6lgesel amat\u00f6r liglerin heyecan\u0131na kadar geni\u015f bir yelpazede konular\u0131 ele alaca\u011f\u0131z. \u0130\u015fte bu haftan\u0131n en \u00f6nemli ba\u015fl\u0131klar\u0131:<\/p>\n\n\n\n<hr class=\"wp-block-separator has-alpha-channel-opacity\"\/>\n\n\n\n<h3 class=\"wp-block-heading\"><strong>Kocaelispor\u2019un \u015eampiyonluk Kutlamalar\u0131<\/strong><\/h3>\n\n\n\n<p>Ge\u00e7ti\u011fimiz hafta sonu, Kocaelispor Erokspor deplasman\u0131nda m\u00fccadele etti. Ma\u00e7ta sonu\u00e7 ne olursa olsun, ye\u015fil siyahl\u0131lar \u015fampiyon olarak sahaya \u00e7\u0131kt\u0131 ve taraftarlar\u0131yla birlikte unutulmaz anlar ya\u015fad\u0131. \u00d6zellikle ma\u00e7 sonras\u0131 kutlamalarda, trib\u00fcnlerde co\u015fku doruklarda ya\u015fand\u0131. Ma\u00e7tan sonra \u00e7ekilen foto\u011fraflar, videolar ve taraftarlar\u0131n e\u015fsiz atmosferiyle haz\u0131rlanan g\u00f6r\u00fcnt\u00fcler, bu zaferin b\u00fcy\u00fckl\u00fc\u011f\u00fcn\u00fc bir kez daha g\u00f6zler \u00f6n\u00fcne serdi.<\/p>\n\n\n\n<p>Kocaelispor, 16 y\u0131ll\u0131k hasretini sonland\u0131rarak S\u00fcper Lig\u2019e geri d\u00f6n\u00fc\u015f yolunda b\u00fcy\u00fck bir ad\u0131m att\u0131. Bu ba\u015far\u0131 yaln\u0131zca bir tak\u0131m\u0131n de\u011fil, t\u00fcm bir \u015fehrin ve camian\u0131n m\u00fccadelesinin sembol\u00fc oldu. Art\u0131k herkesin a\u011fz\u0131nda bir tek isim var: <strong>Kocaelispor!<\/strong><\/p>\n\n\n\n<hr class=\"wp-block-separator has-alpha-channel-opacity\"\/>\n\n\n\n<h3 class=\"wp-block-heading\"><strong>B\u00f6lgesel Amat\u00f6r Lig G\u00fcncel: Derincespor\u2019da Endi\u015fe Var<\/strong><\/h3>\n\n\n\n<p>B\u00f6lgesel amat\u00f6r liglerde ise heyecan devam ediyor. Ancak Derincespor i\u00e7in durum maalesef pek i\u00e7 a\u00e7\u0131c\u0131 de\u011fil. D\u00fcn oynanan ma\u00e7ta Karaman\u2019a 3-2 yenilen Derincespor, k\u00fcme d\u00fc\u015fme potas\u0131na girdi. Kalan iki ma\u00e7ta, d\u00fc\u015fme hatt\u0131ndaki tak\u0131mlarla kar\u015f\u0131la\u015facak olan Derincespor\u2019un kaderi art\u0131k rakiplerinin elinde gibi g\u00f6r\u00fcn\u00fcyor.<\/p>\n\n\n\n<hr class=\"wp-block-separator has-alpha-channel-opacity\"\/>\n\n\n\n<h3 class=\"wp-block-heading\"><strong>Kocaelispor U14 Tak\u0131m\u0131: T\u00fcrkiye\u2019nin En \u0130yi Sekiz Tak\u0131m\u0131 Aras\u0131nda!<\/strong><\/h3>\n\n\n\n<p>Bu hafta ayr\u0131ca Kocaelispor\u2019un gen\u00e7 yeteneklerinden de bahsetmeden ge\u00e7emeyiz. Kul\u00fcb\u00fcm\u00fcz\u00fcn U14 tak\u0131m\u0131n\u0131n, T\u00fcrkiye\u2019nin en iyi sekiz tak\u0131m\u0131 aras\u0131na girdi\u011fi m\u00fcjdesi kul\u00fcb\u00fc bir kat daha g\u00fc\u00e7lendirdi. \u0130zmir\u2019de d\u00fczenlenen turnuvada, sevgili teknik direkt\u00f6rlerimiz Ayd\u0131n G\u00fcnayd\u0131n ve Serhat Saat \u00f6nderli\u011finde m\u00fccadele verecek olan gen\u00e7 aslanlar\u0131m\u0131za buradan y\u00fcrekten tebriklerimizi sunuyoruz.<\/p>\n\n\n\n<p>Bu ba\u015far\u0131, Kocaelispor\u2019un gelece\u011fi i\u00e7in at\u0131lm\u0131\u015f b\u00fcy\u00fck bir ad\u0131m olarak de\u011ferlendirilebilir. \u00dcstelik bu gen\u00e7 oyuncular\u0131m\u0131z, gelecekte T\u00fcrk futbolunun y\u0131ld\u0131zlar\u0131 olma potansiyeline sahip. Onlara t\u00fcm deste\u011fimizi vermeli ve ba\u015far\u0131lar\u0131n\u0131 kutlamal\u0131y\u0131z!<\/p>\n\n\n\n<hr class=\"wp-block-separator has-alpha-channel-opacity\"\/>\n\n\n\n<h3 class=\"wp-block-heading\"><strong>Mahalle Tak\u0131mlar\u0131 ve Futbolun K\u00f6kleri: Sarayl\u0131spor \u00d6rnek Olay!<\/strong><\/h3>\n\n\n\n<p>Futbol sadece profesyonel liglerde oynanan bir spor de\u011fil. Mahalle tak\u0131mlar\u0131 da futbolun kalbinin att\u0131\u011f\u0131 yerler aras\u0131nda yer al\u0131yor. Sarayl\u0131spor, bu konuda g\u00fczel bir \u00f6rnek te\u015fkil ediyor. Yakla\u015f\u0131k 40 y\u0131l aradan sonra tekrar kurulan Sarayl\u0131spor, gen\u00e7 mahalle \u00e7ocuklar\u0131yla liga m\u00fccadelesine ba\u015flad\u0131.<\/p>\n\n\n\n<p>Eskiden babalar\u0131m\u0131z, amcalar\u0131m\u0131z mahalle tak\u0131mlar\u0131nda oynarlard\u0131. O d\u00f6nemlerde sosyal hayat\u0131n merkezi olan futbol, bug\u00fcn de ayn\u0131 b\u00fcy\u00fcl\u00fc atmosferi koruyor. Sarayl\u0131spor\u2019un kurulu\u015fu ve gen\u00e7lerin kat\u0131l\u0131m\u0131yla ilgili haberler, futbolun k\u00f6kl\u00fc k\u00fclt\u00fcr\u00fcn\u00fc hat\u0131rlat\u0131yor. Playoff iddias\u0131yla m\u00fccadele eden tak\u0131m, \u00f6zellikle K\u0131z Derbert, Yazl\u0131kspor ve Ula\u015fl\u0131 gibi g\u00fc\u00e7l\u00fc rakiplerle kar\u015f\u0131 kar\u015f\u0131ya. Bu m\u00fccadeleler, amat\u00f6r liglerin de ne kadar heyecanl\u0131 oldu\u011funu bir kez daha g\u00f6steriyor.<\/p>\n\n\n\n<hr class=\"wp-block-separator has-alpha-channel-opacity\"\/>\n\n\n\n<h1 class=\"wp-block-heading\">#Kocaelispor #KOCAEL\u0130SPOR #\u0130smet Ta\u015fdemir #tff1 #Adanaspor #Altay #Band\u0131rmaspor #Boluspor #\u00e7orumfk #Erzurumspor FK #Gen\u00e7lerbirli\u011fi #Giresunspor #Ke\u00e7i\u00f6reng\u00fcc\u00fcspor #Manisa FK #Sakaryaspor #\u015eanlurfaspor #Tuzlaspor #\u00dcmraniyespor #Pendikspor #\u0130stanbulspor #F. Karag\u00fcmr\u00fckspor #Ankarag\u00fcc\u00fc #Amedspor #Esenler Erokspor #Yeni Malatyaspor #Kocaelispor haberleri #Kocaelispor transferleri #Kocaelispor ma\u00e7 \u00f6zetleri #Kocaelispor geli\u015fmeleri #Kocaelispor ma\u00e7lar\u0131 #spor #sporhaberleri #kocaeli #kocaelispor #trendyol1lig #Amat\u00f6rdenS\u00fcperLige #\u015eampiyonlukYolu #KocaelisporTV #kocaelispor.tv.tr #kocaelispor.tr #trendyolsuperlig #Trendyol1Lig #Amat\u00f6rdenS\u00fcperLige #KocaelisporSevgisiniPayla\u015fal\u0131m<\/h1>\n\n\n\n<ul class=\"wp-block-list\">\n<li>Web Sitemiz 5651 say\u0131l\u0131 kanun \u00e7er\u00e7evesinde faaliyet g\u00f6stermekte olup yay\u0131nlanan i\u00e7eriklerden sorumlu de\u011fildir. Fakat i\u00e7eri\u011fin kanuna ayk\u0131r\u0131 veya telif hakk\u0131 i\u00e7erdi\u011fi ile ilgili yaz\u0131l\u0131 veya dijital bir tebli\u011f almas\u0131 halinde s\u00f6z konusu i\u00e7eri\u011fi kald\u0131rmakla m\u00fckelleftir.<\/li>\n<\/ul>\n","protected":false},"excerpt":{"rendered":"<p>Erdem \u00d6v\u00fc\u00e7 \u0130le Ye\u015fil Siyah 22 Nisan 2025 | Nokta TV<\/p>\n","protected":false},"author":1,"featured_media":5354,"comment_status":"closed","ping_status":"closed","sticky":false,"template":"","format":"standard","meta":{"footnotes":""},"categories":[3,17,5,14,93,4,15],"tags":[342,341,1676,343,51,344,315,1683,205,766,739,259,349,1515,734,547,48,1511,888,891,892,890,889,1677,347,58,735,350,348,223,538,778],"class_list":["post-5353","post","type-post","status-publish","format-standard","has-post-thumbnail","hentry","category-kocaelispor","category-1-lig","category-lig","category-medya","category-nokta-tv","category-turnuva","category-yerel-medya","tag-adanaspor","tag-altay","tag-amatordensuperlige","tag-bandirmaspor","tag-boluspor","tag-corum-fk","tag-erdem-ovuc","tag-erdem-ovuc-ile-yesil-siyah-22-nisan-2025-nokta-tv","tag-erzurumspor-fk","tag-esenler-erokspor","tag-f-karagumrukspor","tag-genclerbirligi","tag-giresunspor","tag-igdir-fk","tag-istanbulspor","tag-keciorengucuspor","tag-kocaelispor","tag-kocaelispor-dolu-dizgin","tag-kocaelispor-gelismeleri","tag-kocaelispor-haberleri","tag-kocaelispor-mac-ozetleri","tag-kocaelispor-maclari","tag-kocaelispor-transferleri","tag-kocaelisporsevgisinipaylasalim","tag-manisa-fk","tag-nokta-tv","tag-pendikspor","tag-sakaryaspor","tag-sanlurfaspor","tag-tuzlaspor","tag-umraniyespor","tag-yenimalatyaspor"],"amp_enabled":true,"_links":{"self":[{"href":"https:\/\/www.kocaelispor.tv.tr\/index.php?rest_route=\/wp\/v2\/posts\/5353","targetHints":{"allow":["GET"]}}],"collection":[{"href":"https:\/\/www.kocaelispor.tv.tr\/index.php?rest_route=\/wp\/v2\/posts"}],"about":[{"href":"https:\/\/www.kocaelispor.tv.tr\/index.php?rest_route=\/wp\/v2\/types\/post"}],"author":[{"embeddable":true,"href":"https:\/\/www.kocaelispor.tv.tr\/index.php?rest_route=\/wp\/v2\/users\/1"}],"replies":[{"embeddable":true,"href":"https:\/\/www.kocaelispor.tv.tr\/index.php?rest_route=%2Fwp%2Fv2%2Fcomments&post=5353"}],"version-history":[{"count":0,"href":"https:\/\/www.kocaelispor.tv.tr\/index.php?rest_route=\/wp\/v2\/posts\/5353\/revisions"}],"wp:featuredmedia":[{"embeddable":true,"href":"https:\/\/www.kocaelispor.tv.tr\/index.php?rest_route=\/wp\/v2\/media\/5354"}],"wp:attachment":[{"href":"https:\/\/www.kocaelispor.tv.tr\/index.php?rest_route=%2Fwp%2Fv2%2Fmedia&parent=5353"}],"wp:term":[{"taxonomy":"category","embeddable":true,"href":"https:\/\/www.kocaelispor.tv.tr\/index.php?rest_route=%2Fwp%2Fv2%2Fcategories&post=5353"},{"taxonomy":"post_tag","embeddable":true,"href":"https:\/\/www.kocaelispor.tv.tr\/index.php?rest_route=%2Fwp%2Fv2%2Ftags&post=5353"}],"curies":[{"name":"wp","href":"https:\/\/api.w.org\/{rel}","templated":true}]}}