{"id":5282,"date":"2025-04-16T21:43:55","date_gmt":"2025-04-16T18:43:55","guid":{"rendered":"https:\/\/kocaelispor.tv.tr\/?p=5282"},"modified":"2025-04-16T21:43:58","modified_gmt":"2025-04-16T18:43:58","slug":"erdem-ovuc-ile-yesil-siyah-15-nisan-2025-nokta-tv","status":"publish","type":"post","link":"https:\/\/www.kocaelispor.tv.tr\/?p=5282","title":{"rendered":"Erdem \u00d6v\u00fc\u00e7 \u0130le Ye\u015fil Siyah 15 Nisan 2025 | Nokta TV"},"content":{"rendered":"<figure class=\"wp-block-embed-youtube wp-block-embed is-type-video is-provider-youtube wp-embed-aspect-16-9 wp-has-aspect-ratio\"><div class=\"lyte-wrapper\" style=\"width:640px;max-width:100%;margin:5px auto;\"><div class=\"lyMe hidef\" id=\"WYL_86rMYYJdszY\"><div id=\"lyte_86rMYYJdszY\" data-src=\"https:\/\/www.kocaelispor.tv.tr\/wp-content\/plugins\/wp-youtube-lyte\/lyteCache.php?origThumbUrl=%2F%2Fi.ytimg.com%2Fvi%2F86rMYYJdszY%2Fhqdefault.jpg\" class=\"pL\"><div class=\"tC\"><div class=\"tT\"><\/div><\/div><div class=\"play\"><\/div><div class=\"ctrl\"><div class=\"Lctrl\"><\/div><div class=\"Rctrl\"><\/div><\/div><\/div><noscript><a href=\"https:\/\/youtu.be\/86rMYYJdszY\" rel=\"nofollow noopener\" target=\"_blank\"><img loading=\"lazy\" decoding=\"async\" src=\"https:\/\/www.kocaelispor.tv.tr\/wp-content\/plugins\/wp-youtube-lyte\/lyteCache.php?origThumbUrl=https%3A%2F%2Fi.ytimg.com%2Fvi%2F86rMYYJdszY%2F0.jpg\" alt=\"YouTube video thumbnail\" width=\"640\" height=\"340\" title=\"\"><\/a><\/noscript><\/div><\/div><div class=\"lL\" style=\"max-width:100%;width:640px;margin:5px auto;\"> <a href=\"https:\/\/youtu.be\/86rMYYJdszY\" target=\"_blank\" rel=\"noopener\">Watch this video on YouTube<\/a>.<br\/><span class=\"lyte_disclaimer\">*** Sitemizde payla\u015f\u0131lan videolar\u0131n t\u00fcm sorumlulu\u011fu, video \u2018nun yay\u0131nc\u0131s\u0131na aittir. ***<\/span><\/div><figcaption><\/figcaption><\/figure>\n\n\n<!--more-->\n\n\n\n<p>G\u00fcndemin nabz\u0131n\u0131 tutan programlar ve canl\u0131 yay\u0131nlar i\u00e7in YouTube kanal\u0131m\u0131z\u0131 izlemeyi, abone olmay\u0131 ve be\u011fenmeyi unutmay\u0131n! <br>Web Sitemiz: <a href=\"https:\/\/www.youtube.com\/redirect?event=video_description&amp;redir_token=QUFFLUhqbnZGZWI5QV9yN3FIYXlXb25wcWVrSGpNUXBBUXxBQ3Jtc0trcGdQQWNYZkdLZUlPWHN1WTVTdWhueGpDQlRiZDBtX3ZYeEN5ZWM4NUNyNkVXMlh6Ni1mclc5WUUzOElGSWFnbzZOVzlWWkF3WWJqWUdFZk14TzN6QTc4R3R4ZFJhaklIOE5DdWs0a3FRQjdIZExKZw&amp;q=https%3A%2F%2Fwww.noktatv.com%2F&amp;v=86rMYYJdszY\" target=\"_blank\" rel=\"noreferrer noopener\">https:\/\/www.noktatv.com<\/a> Nokta Gazetesi: <a href=\"https:\/\/www.youtube.com\/redirect?event=video_description&amp;redir_token=QUFFLUhqbTNpQXFXWTBnMlNLOTFDOTZucjNQZ3pRdzBid3xBQ3Jtc0ttMjFPTjdUY1h6NjFSalFyZmJjak9BeHpMZnFxYjVFTmJjVDFOZFdFbUZnQndTRm1Rc2JSTU5mek8zamlqLVVOY29TXzhha25fZGtOMmkwTHZuM3o0NjluclFfUEZoTzU4YkxHU3dXRjg1cV9HZmhVQQ&amp;q=https%3A%2F%2Fwww.noktagazetesi.com.tr%2F&amp;v=86rMYYJdszY\" target=\"_blank\" rel=\"noreferrer noopener\">https:\/\/www.noktagazetesi.com.tr<\/a> Instagram: <a href=\"https:\/\/www.youtube.com\/redirect?event=video_description&amp;redir_token=QUFFLUhqbGR3bGhnV0tocjM1a2hYWGdzNkZjNko5NVVZUXxBQ3Jtc0trakR4VUJ1YmVqU1FjX28yWW1fVlpKczI3Y1h5SVo4Zk5tSTMzV1lWbGpMcnFjT3VPVThmQTZUcHFueFZmTTVZblZ2VWloaG9ENDcxUWhvbTlVMjJXcjBuR2EzalZDQld0MTM0Zkg1OG9sQXlLNjc1TQ&amp;q=https%3A%2F%2Fwww.instagram.com%2Fnoktatvcomizle&amp;v=86rMYYJdszY\" target=\"_blank\" rel=\"noreferrer noopener\">\u00a0\u00a0\/\u00a0noktatvcomizle\u00a0\u00a0<\/a> Twitter : <a href=\"https:\/\/www.youtube.com\/redirect?event=video_description&amp;redir_token=QUFFLUhqa2hoNGprU3lyV3hIc2luV2FtOEFDRW9DTk54Z3xBQ3Jtc0ttNG9lRVY0aU5LamYtckZjT2tSeDN4LS1sY3NwTDFUOVotUzJOd1l5REpjTXdEYlhuLXRwdjNDMzRBSFkyMGI0Uk5HMzNYeWUwdjkwNHM2enVHdlpfWWlHVE1sakVnRm9PZzJ4bGZ5cEg5djMxVU1ORQ&amp;q=https%3A%2F%2Ftwitter.com%2Fnoktatvcomizle&amp;v=86rMYYJdszY\" target=\"_blank\" rel=\"noreferrer noopener\">\u00a0\u00a0\/\u00a0noktatvcomizle\u00a0\u00a0<\/a> Facebook : <a href=\"https:\/\/www.youtube.com\/redirect?event=video_description&amp;redir_token=QUFFLUhqbjR2enVVejAyVXlwNkhPMXptY1FGU1VFNXVpd3xBQ3Jtc0tuekFnLU93a2pveTdOLXRhVFNhYmxGX2swblFDSkRpVjYta2gtVlpSM1Jka2VPSHVtTFhITjVYUXY0MkFjWHZ1a0UzOXEzTHE1X2Jkb3FQU0U4MU9JRHpsV29LbEt2dVhGVlBsZTNLSlg2aFhNa01maw&amp;q=https%3A%2F%2Fwww.facebook.com%2Fnoktatvcom&amp;v=86rMYYJdszY\" target=\"_blank\" rel=\"noreferrer noopener\">\u00a0\u00a0\/\u00a0noktatvcom\u00a0\u00a0<\/a><\/p>\n\n\n\n<p><strong>Kocaelispor, Yeni Malatyaspor&#8217;u 7-1 Ma\u011flup Etti: \u015eampiyonlu\u011fa Bir Ad\u0131m Daha Yakla\u015ft\u0131k!<\/strong><\/p>\n\n\n\n<p>Ye\u015fil Siyah Program\u0131\u2019ndan hepinize iyi g\u00fcnler dileriz. Normalde her Pazartesi ak\u015famlar\u0131 sizlerle bulu\u015fturan program\u0131m\u0131z, bu hafta \u00f6zel olarak Sal\u0131 g\u00fcn\u00fc ile bulu\u015ftu. Bunun nedeni ise Kocaelispor\u2019un Yeni Malatyaspor m\u00fccadelesi sonras\u0131, stat atmosferini bir kez daha payla\u015fmak istememiz.<\/p>\n\n\n\n<p>Program\u0131n\u0131z\u0131 sunan Sava\u015f Demir ve de\u011ferli karde\u015fimiz Fatih Kurto\u011flu ile birlikte, bu \u00f6zel g\u00fcnde Kocaelispor\u2019un 2009\u2019dan bug\u00fcne uzanan m\u00fcthi\u015f yolculu\u011funu ve \u015fampiyonluk adayl\u0131\u011f\u0131n\u0131 konu\u015faca\u011f\u0131z.<\/p>\n\n\n\n<hr class=\"wp-block-separator has-alpha-channel-opacity\"\/>\n\n\n\n<h3 class=\"wp-block-heading\"><strong>Ma\u00e7 \u00d6zeti: Kocaelispor 7-1 Yeni Malatyaspor<\/strong><\/h3>\n\n\n\n<p>Pazar g\u00fcn\u00fc oynanan m\u00fcsabakada Kocaelispor, rakibini 7-1 ma\u011flup ederek ligdeki liderli\u011fini 9 puan farkla korudu. Art\u0131k kalan 4 haftada sadece 1 puan almakla \u015fampiyonlu\u011fu matematiksel olarak garantileyebilecek olan tak\u0131m\u0131m\u0131z, taraftarlar\u0131yla birlikte tarihi bir ba\u015far\u0131ya imza atmaya haz\u0131rlan\u0131yor.<\/p>\n\n\n\n<p>Bu ma\u00e7ta \u00f6zellikle Samet Yal\u00e7\u0131n, O\u011fulcan \u00c7a\u011flayan ve Ahmet Saat gibi isimlerin performans\u0131 b\u00fcy\u00fck yank\u0131 uyand\u0131rd\u0131. \u00d6zellikle Samet Yal\u00e7\u0131n\u2019\u0131n iki gol\u00fcyle a\u00e7\u0131lan skor, O\u011fulcan \u00c7a\u011flayan\u2019\u0131n b\u00fcy\u00fcl\u00fc gol\u00fcyle 6-0\u2019a y\u00fckseldi. Ma\u00e7\u0131 kapatan ise Ahmet Saat\u2019in 88. dakikada att\u0131\u011f\u0131 kafa gol\u00fc oldu. Rakip tak\u0131m ise ma\u00e7\u0131n son dakikalar\u0131nda Osman Hatipo\u011flu\u2019nun gol\u00fcyle 7-1 skoru tamamlad\u0131.<\/p>\n\n\n\n<hr class=\"wp-block-separator has-alpha-channel-opacity\"\/>\n\n\n\n<h3 class=\"wp-block-heading\"><strong>\u015eampiyonluk Kap\u0131s\u0131nda: 1 Puan Yeterli!<\/strong><\/h3>\n\n\n\n<p>Kocaelispor, art\u0131k \u015fampiyonlu\u011fa ad\u0131m ad\u0131m yakla\u015f\u0131yor. Gen\u00e7lerbirli\u011fi\u2019ni 25 puanl\u0131k bir farkla geride b\u0131rakan tak\u0131m\u0131m\u0131z, kalan 4 haftada sadece 1 puan almakla S\u00fcper Lig\u2019e d\u00f6n\u00fc\u015f yolunu a\u00e7acak. Bu ba\u015far\u0131 yaln\u0131zca futbolcular\u0131n de\u011fil, kul\u00fcb\u00fcn her kademesinde eme\u011fi ge\u00e7en herkesin ortak zaferidir.<\/p>\n\n\n\n<p>Sava\u015f\u0131 kazananlar gibi yeniden ayakta kalkmay\u0131 ba\u015faran Kocaelispor, 2009 y\u0131l\u0131ndan bu yana S\u00fcper Lig yolculu\u011funu kesintiye u\u011fratmadan s\u00fcrd\u00fcrd\u00fc. \u015eimdi ise tekrar zirveye ula\u015fman\u0131n e\u015fi\u011finde. Bu ba\u015far\u0131y\u0131 kutlamak i\u00e7in herkese y\u00fcrekten tebriklerimizi iletiyoruz.<\/p>\n\n\n\n<hr class=\"wp-block-separator has-alpha-channel-opacity\"\/>\n\n\n\n<h3 class=\"wp-block-heading\"><strong>Misafirlerimizle Sohbet: Fatih Kurto\u011flu ve Tolga Hoca<\/strong><\/h3>\n\n\n\n<p>Bu hafta program\u0131m\u0131za \u00f6zel olarak kat\u0131lan de\u011ferli misafirlerimiz Fatih Kurto\u011flu ve Tolga Hoca ile sohbet etme f\u0131rsat\u0131 bulduk. \u0130kili de Kocaelispor\u2019un \u015fampiyonluk yolunda att\u0131\u011f\u0131 ad\u0131mlar\u0131 b\u00fcy\u00fck bir heyecanla takip ediyor.<\/p>\n\n\n\n<p><strong>Fatih Kurto\u011flu:<\/strong><br>\u201cBu kadar erken \u015fampiyonlu\u011fun belli olmas\u0131 \u00e7ok g\u00fczel. Herkes rahatlad\u0131 art\u0131k. Kocaelispor da rahatlad\u0131, biz de rahatlad\u0131k. Bu durum hepimiz i\u00e7in gurur verici.\u201d<\/p>\n\n\n\n<p><strong>Tolga Hoca:<\/strong><br>\u201cYeni Malatyaspor ma\u00e7\u0131 ger\u00e7ekten keyifliydi. Ancak bekledi\u011fimden daha so\u011fuktu. Seyirci eksikli\u011fi r\u00fczgar\u0131 daha da hissettirdi galiba. Neyse ki ma\u00e7 boyunca tak\u0131m\u0131m\u0131z formay\u0131 giymi\u015f, keyifle oynam\u0131\u015ft\u0131.\u201d<\/p>\n\n\n\n<hr class=\"wp-block-separator has-alpha-channel-opacity\"\/>\n\n\n\n<h3 class=\"wp-block-heading\"><strong>Tarihi Anlar: 9-0 R\u00f6van\u015f\u0131 7-1 Oldu!<\/strong><\/h3>\n\n\n\n<p>Yeni Malatyaspor ma\u00e7\u0131n\u0131 hat\u0131rlayanlar, eski y\u0131llarda ya\u015fanan 9-0 ma\u011flubiyetini unutmam\u0131\u015ft\u0131r. \u0130\u015fte bu sefer Kocaelispor, 7-1\u2019lik bir galibiyetle r\u00f6van\u015f\u0131n\u0131 ald\u0131. Taraftarlar aras\u0131nda \u201cNas\u0131l olmal\u0131yd\u0131k?\u201d tart\u0131\u015fmalar\u0131 da g\u00fcndemde. Ancak sonu\u00e7 olarak, tak\u0131m\u0131m\u0131z\u0131n bu galibiyetiyle tarih yazd\u0131\u011f\u0131 bir ger\u00e7ek.<\/p>\n\n\n\n<h1 class=\"wp-block-heading\">#Kocaelispor #KOCAEL\u0130SPOR #\u0130smet Ta\u015fdemir #tff1 #Adanaspor #Altay #Band\u0131rmaspor #Boluspor #\u00e7orumfk #Erzurumspor FK #Gen\u00e7lerbirli\u011fi #Giresunspor #Ke\u00e7i\u00f6reng\u00fcc\u00fcspor #Manisa FK #Sakaryaspor #\u015eanlurfaspor #Tuzlaspor #\u00dcmraniyespor #Pendikspor #\u0130stanbulspor #F. Karag\u00fcmr\u00fckspor #Ankarag\u00fcc\u00fc #Amedspor #Esenler Erokspor #Yeni Malatyaspor #Kocaelispor haberleri #Kocaelispor transferleri #Kocaelispor ma\u00e7 \u00f6zetleri #Kocaelispor geli\u015fmeleri #Kocaelispor ma\u00e7lar\u0131 #spor #sporhaberleri #kocaeli #kocaelispor #trendyol1lig #Amat\u00f6rdenS\u00fcperLige #\u015eampiyonlukYolu #KocaelisporTV #kocaelispor.tv.tr #kocaelispor.tr #trendyolsuperlig #Trendyol1Lig <a href=\"https:\/\/x.com\/hashtag\/%C4%B0n%C3%B6n%C3%BCYe%C5%9FilSiyah?src=hashtag_click\">#\u0130n\u00f6n\u00fcYe\u015filSiyah<\/a><\/h1>\n\n\n\n<ul class=\"wp-block-list\">\n<li>Web Sitemiz 5651 say\u0131l\u0131 kanun \u00e7er\u00e7evesinde faaliyet g\u00f6stermekte olup yay\u0131nlanan i\u00e7eriklerden sorumlu de\u011fildir. Fakat i\u00e7eri\u011fin kanuna ayk\u0131r\u0131 veya telif hakk\u0131 i\u00e7erdi\u011fi ile ilgili yaz\u0131l\u0131 veya dijital bir tebli\u011f almas\u0131 halinde s\u00f6z konusu i\u00e7eri\u011fi kald\u0131rmakla m\u00fckelleftir.<\/li>\n<\/ul>\n","protected":false},"excerpt":{"rendered":"<p>Erdem \u00d6v\u00fc\u00e7 \u0130le Ye\u015fil Siyah 15 Nisan 2025 | Nokta TV<\/p>\n","protected":false},"author":1,"featured_media":5284,"comment_status":"closed","ping_status":"closed","sticky":false,"template":"","format":"standard","meta":{"footnotes":""},"categories":[3,17,5,14,93,4,15],"tags":[342,341,343,51,344,315,1666,205,766,739,786,259,349,1515,734,547,48,1511,888,891,892,890,889,347,58,735,350,348,223,538,778],"class_list":["post-5282","post","type-post","status-publish","format-standard","has-post-thumbnail","hentry","category-kocaelispor","category-1-lig","category-lig","category-medya","category-nokta-tv","category-turnuva","category-yerel-medya","tag-adanaspor","tag-altay","tag-bandirmaspor","tag-boluspor","tag-corum-fk","tag-erdem-ovuc","tag-erdem-ovuc-ile-yesil-siyah-15-nisan-2025-nokta-tv","tag-erzurumspor-fk","tag-esenler-erokspor","tag-f-karagumrukspor","tag-fatih-kurtoglu","tag-genclerbirligi","tag-giresunspor","tag-igdir-fk","tag-istanbulspor","tag-keciorengucuspor","tag-kocaelispor","tag-kocaelispor-dolu-dizgin","tag-kocaelispor-gelismeleri","tag-kocaelispor-haberleri","tag-kocaelispor-mac-ozetleri","tag-kocaelispor-maclari","tag-kocaelispor-transferleri","tag-manisa-fk","tag-nokta-tv","tag-pendikspor","tag-sakaryaspor","tag-sanlurfaspor","tag-tuzlaspor","tag-umraniyespor","tag-yenimalatyaspor"],"amp_enabled":true,"_links":{"self":[{"href":"https:\/\/www.kocaelispor.tv.tr\/index.php?rest_route=\/wp\/v2\/posts\/5282","targetHints":{"allow":["GET"]}}],"collection":[{"href":"https:\/\/www.kocaelispor.tv.tr\/index.php?rest_route=\/wp\/v2\/posts"}],"about":[{"href":"https:\/\/www.kocaelispor.tv.tr\/index.php?rest_route=\/wp\/v2\/types\/post"}],"author":[{"embeddable":true,"href":"https:\/\/www.kocaelispor.tv.tr\/index.php?rest_route=\/wp\/v2\/users\/1"}],"replies":[{"embeddable":true,"href":"https:\/\/www.kocaelispor.tv.tr\/index.php?rest_route=%2Fwp%2Fv2%2Fcomments&post=5282"}],"version-history":[{"count":0,"href":"https:\/\/www.kocaelispor.tv.tr\/index.php?rest_route=\/wp\/v2\/posts\/5282\/revisions"}],"wp:featuredmedia":[{"embeddable":true,"href":"https:\/\/www.kocaelispor.tv.tr\/index.php?rest_route=\/wp\/v2\/media\/5284"}],"wp:attachment":[{"href":"https:\/\/www.kocaelispor.tv.tr\/index.php?rest_route=%2Fwp%2Fv2%2Fmedia&parent=5282"}],"wp:term":[{"taxonomy":"category","embeddable":true,"href":"https:\/\/www.kocaelispor.tv.tr\/index.php?rest_route=%2Fwp%2Fv2%2Fcategories&post=5282"},{"taxonomy":"post_tag","embeddable":true,"href":"https:\/\/www.kocaelispor.tv.tr\/index.php?rest_route=%2Fwp%2Fv2%2Ftags&post=5282"}],"curies":[{"name":"wp","href":"https:\/\/api.w.org\/{rel}","templated":true}]}}