{"id":5061,"date":"2025-03-29T20:44:31","date_gmt":"2025-03-29T17:44:31","guid":{"rendered":"https:\/\/kocaelispor.tv.tr\/?p=5061"},"modified":"2025-03-29T20:44:35","modified_gmt":"2025-03-29T17:44:35","slug":"guvenc-kurtar-kocaelispor-eski-teknik-direktoru-28-mart-2025-tv41","status":"publish","type":"post","link":"https:\/\/www.kocaelispor.tv.tr\/?p=5061","title":{"rendered":"G\u00dcVEN\u00c7 KURTAR KOCAEL\u0130SPOR ESK\u0130 TEKN\u0130K D\u0130REKT\u00d6R\u00dc 28 Mart 2025 | tv41"},"content":{"rendered":"<figure class=\"wp-block-embed-youtube wp-block-embed is-type-video is-provider-youtube wp-embed-aspect-4-3 wp-has-aspect-ratio\"><div class=\"lyte-wrapper\" style=\"width:640px;max-width:100%;margin:5px auto;\"><div class=\"lyMe hidef\" id=\"WYL_BwY1kOcZ18s\"><div id=\"lyte_BwY1kOcZ18s\" data-src=\"https:\/\/www.kocaelispor.tv.tr\/wp-content\/plugins\/wp-youtube-lyte\/lyteCache.php?origThumbUrl=%2F%2Fi.ytimg.com%2Fvi%2FBwY1kOcZ18s%2Fhqdefault.jpg\" class=\"pL\"><div class=\"tC\"><div class=\"tT\"><\/div><\/div><div class=\"play\"><\/div><div class=\"ctrl\"><div class=\"Lctrl\"><\/div><div class=\"Rctrl\"><\/div><\/div><\/div><noscript><a href=\"https:\/\/youtu.be\/BwY1kOcZ18s\" rel=\"nofollow noopener\" target=\"_blank\"><img loading=\"lazy\" decoding=\"async\" src=\"https:\/\/www.kocaelispor.tv.tr\/wp-content\/plugins\/wp-youtube-lyte\/lyteCache.php?origThumbUrl=https%3A%2F%2Fi.ytimg.com%2Fvi%2FBwY1kOcZ18s%2F0.jpg\" alt=\"YouTube video thumbnail\" width=\"640\" height=\"340\" title=\"\"><\/a><\/noscript><\/div><\/div><div class=\"lL\" style=\"max-width:100%;width:640px;margin:5px auto;\"> <a href=\"https:\/\/youtu.be\/BwY1kOcZ18s\" target=\"_blank\" rel=\"noopener\">Watch this video on YouTube<\/a>.<br\/><span class=\"lyte_disclaimer\">*** Sitemizde payla\u015f\u0131lan videolar\u0131n t\u00fcm sorumlulu\u011fu, video \u2018nun yay\u0131nc\u0131s\u0131na aittir. ***<\/span><\/div><figcaption><\/figcaption><\/figure>\n\n<a class=\"wp-block-read-more\" href=\"https:\/\/www.kocaelispor.tv.tr\/?p=5061\" target=\"_self\">Devam\u0131n\u0131 oku<span class=\"screen-reader-text\">: G\u00dcVEN\u00c7 KURTAR KOCAEL\u0130SPOR ESK\u0130 TEKN\u0130K D\u0130REKT\u00d6R\u00dc 28 Mart 2025 | tv41<\/span><\/a>\n\n\n<p><strong>G\u00fcven\u00e7 Kurtar\u2019dan Kocaelispor\u2019a \u015eampiyonluk Mesaj\u0131 ve Sakaryaspor Derbisine Yorumlar<\/strong><\/p>\n\n\n\n<p>Kocaelispor\u2019un d\u00fczenledi\u011fi \u00f6zel iftar program\u0131nda, kul\u00fcb\u00fcn efsanevi teknik direkt\u00f6rlerinden <strong>G\u00fcven\u00e7 Kurtar <\/strong>, bas\u0131n mensuplar\u0131na \u00f6nemli a\u00e7\u0131klamalarda bulundu. Programda eski an\u0131lar\u0131 hat\u0131rlayan ve kul\u00fcb\u00fcn gelece\u011fi \u00fczerine d\u00fc\u015f\u00fcncelerini payla\u015fan Kurtar, taraftarlara umut dolu mesajlar iletti.<\/p>\n\n\n\n<hr class=\"wp-block-separator has-alpha-channel-opacity\"\/>\n\n\n\n<h3 class=\"wp-block-heading\"><strong>&#8220;Bu Organizasyon \u0130\u00e7in T\u00fcm Eme\u011fi Ge\u00e7enlere Te\u015fekk\u00fcr Ediyoruz&#8221;<\/strong><\/h3>\n\n\n\n<p>Programa kat\u0131lan G\u00fcven\u00e7 Kurtar, organizasyonun \u00f6nemine dikkat \u00e7ekerek \u015fu s\u00f6zlerle ba\u015flad\u0131:<br><em>&#8220;\u00d6ncelikle bu g\u00fczel organizasyon i\u00e7in Tahir Ba\u015fkan&#8217;a, Mehmet A\u00e7ak&#8217;a ve eme\u011fi ge\u00e7en herkese \u00e7ok te\u015fekk\u00fcr ederim. Bizi burada bir araya getirdiler, eski an\u0131lar\u0131m\u0131z\u0131 hat\u0131rlad\u0131k ve yine bir araday\u0131z. Y\u00f6netici olsun, sporcu olsun, hepimiz bir aileyiz. Bu organizasyon ger\u00e7ekten \u00e7ok g\u00fczel oldu.&#8221;<\/em><\/p>\n\n\n\n<p>Eski y\u0131llarda Kocaelispor\u2019u y\u00f6neten Kurtar, tak\u0131m\u0131n bu sezon 1. Lig\u2019den S\u00fcper Lig\u2019e \u00e7\u0131kma m\u00fccadelesi verdi\u011fini vurgulayarak, gelecek sezona dair de b\u00fcy\u00fck beklentiler dile getirdi:<br><em>&#8220;Kocaelispor bu sene lige \u00e7\u0131kacak bir ekip. \u0130n\u015fallah bu \u00e7\u0131k\u0131\u015f ger\u00e7ekle\u015fir ve seneye de ayn\u0131 ba\u015far\u0131y\u0131 s\u00fcrd\u00fcr\u00fcrler. Biz \u00e7\u0131kt\u0131\u011f\u0131m\u0131z ilk y\u0131lda liderlik etmi\u015ftik ve \u015fampiyon olaca\u011f\u0131m\u0131z\u0131 s\u00f6ylemi\u015ftik. Ancak T\u00fcrkiye&#8217;de beklenmedik durumlar ya\u015fand\u0131\u011f\u0131 i\u00e7in ba\u015far\u0131 tam olarak ger\u00e7ekle\u015femedi. \u0130n\u015fallah gelecek sene S\u00fcper Lig&#8217;de de \u015fampiyonluk oynar ve \u015fampiyon olurlar. Bu zor bir \u015fey de\u011fil ama \u00e7ok dikkatli olmak laz\u0131m.&#8221;<\/em><\/p>\n\n\n\n<hr class=\"wp-block-separator has-alpha-channel-opacity\"\/>\n\n\n\n<h3 class=\"wp-block-heading\"><strong>S\u00fcper Lig\u2019e Haz\u0131rl\u0131k ve Transfer Stratejisi<\/strong><\/h3>\n\n\n\n<p>Kurtar, S\u00fcper Lig ile 1. Lig aras\u0131ndaki farka dikkat \u00e7ekerek transfer s\u00fcrecinde ak\u0131lc\u0131 kararlar al\u0131nmas\u0131 gerekti\u011fini belirtti:<br><em>&#8220;S\u00fcper Lig ile 1. Lig aras\u0131nda da\u011flar kadar fark var. Bu nedenle \u015fimdiden tedbir almak ve iyi d\u00fc\u015f\u00fcn\u00fclerek transferler yapmak gerekiyor. Ne yapaca\u011f\u0131n\u0131za, hangi oyuncular\u0131 transfer edece\u011finize dair erken haz\u0131rl\u0131klar yapmak \u015fart. Tak\u0131m yava\u015f yava\u015f bu s\u00fcre\u00e7lere haz\u0131rlanmal\u0131.&#8221;<\/em><\/p>\n\n\n\n<hr class=\"wp-block-separator has-alpha-channel-opacity\"\/>\n\n\n\n<h3 class=\"wp-block-heading\"><strong>Sakaryaspor Derbisi ve Beklentiler<\/strong><\/h3>\n\n\n\n<p>Konu\u015fman\u0131n ilgin\u00e7 bir k\u0131sm\u0131n\u0131 ise <strong>Sakaryaspor derbisine <\/strong>y\u00f6nelik de\u011ferlendirmeler olu\u015fturdu. Bayram\u0131n ikinci g\u00fcn\u00fc oynanacak olan bu kritik kar\u015f\u0131la\u015fmaya dair Kurtar, \u015fu yorumlar\u0131 yapt\u0131:<br><em>&#8220;Sakaryaspor ge\u00e7en sene S\u00fcper Lig&#8217;e \u00e7\u0131kmay\u0131 ba\u015faramad\u0131. Bu sene d\u00fc\u015fmemek i\u00e7in m\u00fccadele ediyor. Allah yard\u0131mc\u0131s\u0131 olsun. Sakarya ile Kocaeli aras\u0131nda her zaman bir rekabet ve \u00e7eki\u015fme var. Bu, T\u00fcrkiye&#8217;nin baz\u0131 illeri aras\u0131nda do\u011fal bir durum. G\u00fczel bir rekabet olsun, centilmenlik kurallar\u0131 \u00e7er\u00e7evesinde iyi bir ma\u00e7 izleyelim. \u0130ki tak\u0131ma da ba\u015far\u0131lar diliyorum.&#8221;<\/em><\/p>\n\n\n\n<p>Kocaelispor\u2019un ligdeki pozisyonunu &#8220;garantilemi\u015f gibi&#8221; g\u00f6ren Kurtar, skor tahmini konusunda ise \u015fakal\u0131 bir \u00fcslupla konu\u015ftu:<br><em>&#8220;Skorlar genelde tutuyor mu? Ben kadrolar\u0131 hen\u00fcz tam olarak incelemedim, bu y\u00fczden spesifik bir tahminde bulunmak zor. Ancak Kocaelispor\u2019un galibiyetle ayr\u0131lmas\u0131n\u0131 temenni ediyorum.&#8221;<\/em><\/p>\n\n\n\n<h1 class=\"wp-block-heading\">#Kocaelispor #KOCAEL\u0130SPOR #\u0130smet Ta\u015fdemir #tff1 #Adanaspor #Altay #Band\u0131rmaspor #Boluspor #\u00e7orumfk #Erzurumspor FK #Gen\u00e7lerbirli\u011fi #Giresunspor #Ke\u00e7i\u00f6reng\u00fcc\u00fcspor #Manisa FK #Sakaryaspor #\u015eanlurfaspor #Tuzlaspor #\u00dcmraniyespor #Pendikspor #\u0130stanbulspor #F. Karag\u00fcmr\u00fckspor #Ankarag\u00fcc\u00fc #Amedspor #Esenler Erokspor #Yeni Malatyaspor #Kocaelispor haberleri #Kocaelispor transferleri #Kocaelispor ma\u00e7 \u00f6zetleri #Kocaelispor geli\u015fmeleri #Kocaelispor ma\u00e7lar\u0131 #spor #sporhaberleri #kocaeli #kocaelispor #trendyol1lig #Amat\u00f6rdenS\u00fcperLige #\u015eampiyonlukYolu #KocaelisporTV #kocaelispor.tv.tr #kocaelispor.tr #trendyolsuperlig #Trendyol1Lig<\/h1>\n\n\n\n<ul class=\"wp-block-list\">\n<li>Web Sitemiz 5651 say\u0131l\u0131 kanun \u00e7er\u00e7evesinde faaliyet g\u00f6stermekte olup yay\u0131nlanan i\u00e7eriklerden sorumlu de\u011fildir. Fakat i\u00e7eri\u011fin kanuna ayk\u0131r\u0131 veya telif hakk\u0131 i\u00e7erdi\u011fi ile ilgili yaz\u0131l\u0131 veya dijital bir tebli\u011f almas\u0131 halinde s\u00f6z konusu i\u00e7eri\u011fi kald\u0131rmakla m\u00fckelleftir.<\/li>\n<\/ul>\n","protected":false},"excerpt":{"rendered":"<p>G\u00dcVEN\u00c7 KURTAR KOCAEL\u0130SPOR ESK\u0130 TEKN\u0130K D\u0130REKT\u00d6R\u00dc 28 Mart 2025 | tv41<\/p>\n","protected":false},"author":1,"featured_media":5062,"comment_status":"closed","ping_status":"closed","sticky":false,"template":"","format":"standard","meta":{"footnotes":""},"categories":[3,17,162,25,5,704,4,92,15],"tags":[342,341,343,51,344,205,766,739,259,349,1622,1621,1515,734,547,48,1511,888,891,892,890,889,347,735,350,348,223,166,538,778],"class_list":["post-5061","post","type-post","status-publish","format-standard","has-post-thumbnail","hentry","category-kocaelispor","category-1-lig","category-hodri-meydan","category-kulup","category-lig","category-taraftar","category-turnuva","category-tv-41","category-yerel-medya","tag-adanaspor","tag-altay","tag-bandirmaspor","tag-boluspor","tag-corum-fk","tag-erzurumspor-fk","tag-esenler-erokspor","tag-f-karagumrukspor","tag-genclerbirligi","tag-giresunspor","tag-guvenc-kurtar","tag-guvenc-kurtar-kocaelispor-eski-teknik-direktoru-28-mart-2025-tv41","tag-igdir-fk","tag-istanbulspor","tag-keciorengucuspor","tag-kocaelispor","tag-kocaelispor-dolu-dizgin","tag-kocaelispor-gelismeleri","tag-kocaelispor-haberleri","tag-kocaelispor-mac-ozetleri","tag-kocaelispor-maclari","tag-kocaelispor-transferleri","tag-manisa-fk","tag-pendikspor","tag-sakaryaspor","tag-sanlurfaspor","tag-tuzlaspor","tag-tv41","tag-umraniyespor","tag-yenimalatyaspor"],"amp_enabled":true,"_links":{"self":[{"href":"https:\/\/www.kocaelispor.tv.tr\/index.php?rest_route=\/wp\/v2\/posts\/5061","targetHints":{"allow":["GET"]}}],"collection":[{"href":"https:\/\/www.kocaelispor.tv.tr\/index.php?rest_route=\/wp\/v2\/posts"}],"about":[{"href":"https:\/\/www.kocaelispor.tv.tr\/index.php?rest_route=\/wp\/v2\/types\/post"}],"author":[{"embeddable":true,"href":"https:\/\/www.kocaelispor.tv.tr\/index.php?rest_route=\/wp\/v2\/users\/1"}],"replies":[{"embeddable":true,"href":"https:\/\/www.kocaelispor.tv.tr\/index.php?rest_route=%2Fwp%2Fv2%2Fcomments&post=5061"}],"version-history":[{"count":0,"href":"https:\/\/www.kocaelispor.tv.tr\/index.php?rest_route=\/wp\/v2\/posts\/5061\/revisions"}],"wp:featuredmedia":[{"embeddable":true,"href":"https:\/\/www.kocaelispor.tv.tr\/index.php?rest_route=\/wp\/v2\/media\/5062"}],"wp:attachment":[{"href":"https:\/\/www.kocaelispor.tv.tr\/index.php?rest_route=%2Fwp%2Fv2%2Fmedia&parent=5061"}],"wp:term":[{"taxonomy":"category","embeddable":true,"href":"https:\/\/www.kocaelispor.tv.tr\/index.php?rest_route=%2Fwp%2Fv2%2Fcategories&post=5061"},{"taxonomy":"post_tag","embeddable":true,"href":"https:\/\/www.kocaelispor.tv.tr\/index.php?rest_route=%2Fwp%2Fv2%2Ftags&post=5061"}],"curies":[{"name":"wp","href":"https:\/\/api.w.org\/{rel}","templated":true}]}}