{"id":4846,"date":"2025-03-08T20:45:18","date_gmt":"2025-03-08T17:45:18","guid":{"rendered":"https:\/\/kocaelispor.tv.tr\/?p=4846"},"modified":"2025-03-08T20:45:22","modified_gmt":"2025-03-08T17:45:22","slug":"maca-dogru-07-mart-2025-tv41","status":"publish","type":"post","link":"https:\/\/www.kocaelispor.tv.tr\/?p=4846","title":{"rendered":"MA\u00c7A DO\u011eRU 07 Mart 2025 | tv41"},"content":{"rendered":"<figure class=\"wp-block-embed-youtube wp-block-embed is-type-video is-provider-youtube wp-embed-aspect-4-3 wp-has-aspect-ratio\"><div class=\"lyte-wrapper\" style=\"width:640px;max-width:100%;margin:5px auto;\"><div class=\"lyMe hidef\" id=\"WYL_kcor4kdj_2c\"><div id=\"lyte_kcor4kdj_2c\" data-src=\"https:\/\/www.kocaelispor.tv.tr\/wp-content\/plugins\/wp-youtube-lyte\/lyteCache.php?origThumbUrl=%2F%2Fi.ytimg.com%2Fvi%2Fkcor4kdj_2c%2Fhqdefault.jpg\" class=\"pL\"><div class=\"tC\"><div class=\"tT\"><\/div><\/div><div class=\"play\"><\/div><div class=\"ctrl\"><div class=\"Lctrl\"><\/div><div class=\"Rctrl\"><\/div><\/div><\/div><noscript><a href=\"https:\/\/youtu.be\/kcor4kdj_2c\" rel=\"nofollow noopener\" target=\"_blank\"><img loading=\"lazy\" decoding=\"async\" src=\"https:\/\/www.kocaelispor.tv.tr\/wp-content\/plugins\/wp-youtube-lyte\/lyteCache.php?origThumbUrl=https%3A%2F%2Fi.ytimg.com%2Fvi%2Fkcor4kdj_2c%2F0.jpg\" alt=\"YouTube video thumbnail\" width=\"640\" height=\"340\" title=\"\"><\/a><\/noscript><\/div><\/div><div class=\"lL\" style=\"max-width:100%;width:640px;margin:5px auto;\"> <a href=\"https:\/\/youtu.be\/kcor4kdj_2c\" target=\"_blank\" rel=\"noopener\">Watch this video on YouTube<\/a>.<br\/><span class=\"lyte_disclaimer\">*** Sitemizde payla\u015f\u0131lan videolar\u0131n t\u00fcm sorumlulu\u011fu, video \u2018nun yay\u0131nc\u0131s\u0131na aittir. ***<\/span><\/div><figcaption><\/figcaption><\/figure>\n\n<a class=\"wp-block-read-more\" href=\"https:\/\/www.kocaelispor.tv.tr\/?p=4846\" target=\"_self\">Devam\u0131n\u0131 oku<span class=\"screen-reader-text\">: MA\u00c7A DO\u011eRU 07 Mart 2025 | tv41<\/span><\/a>\n\n\n<p><strong>Kocaelispor\u2019un Yo\u011fun Takvimi ve \u015eampiyonluk Hedefi: \u0130stanbulspor, \u00dcmraniyespor ve \u00d6tesi!<\/strong><\/p>\n\n\n\n<p>Bu hafta, Kocaelispor\u2019un yo\u011fun ma\u00e7 program\u0131 ve \u015fampiyonluk yolundaki m\u00fccadelesiyle ilgili sizlerle birlikteyiz. Pazartesi g\u00fcn\u00fc kendi evinde \u0130stanbulspor ile 1-1 berabere kalan tak\u0131m\u0131m\u0131z, d\u00fcn oynad\u0131\u011f\u0131 \u00dcmraniyespor ma\u00e7\u0131nda da 1-1\u2019lik skorla puan ald\u0131. \u00d6n\u00fcm\u00fczdeki Pazartesi g\u00fcn\u00fc ise Ankarag\u00fcc\u00fc, Kocaelispor\u2019un konu\u011fu olacak.<\/p>\n\n\n\n<hr class=\"wp-block-separator has-alpha-channel-opacity\"\/>\n\n\n\n<h3 class=\"wp-block-heading\"><strong>Tahir Ba\u015fkan\u2019\u0131n Ziyareti ve Kocaelispor\u2019a Destek Mesaj\u0131<\/strong><\/h3>\n\n\n\n<p>Kocaelispor y\u00f6netimi, ge\u00e7en g\u00fcn Tahir Ba\u015fkan\u2019\u0131 ziyaret etti. Bu ziyaret s\u0131ras\u0131nda yap\u0131lan sohbet, tak\u0131m\u0131n moralini art\u0131ran \u00f6nemli bir ad\u0131m oldu. Y\u00f6netmen arkada\u015f\u0131m\u0131z Burak, bu \u00f6zel ziyaretle ilgili bir foto\u011fraf payla\u015ft\u0131.<\/p>\n\n\n\n<p>Tahir Ba\u015fkan, Kocaelispor\u2019a olan yak\u0131n ilgisini ve deste\u011fi bir kez daha vurgulad\u0131. Ba\u015fkan, \u201cKocaelispor\u2019un \u015fehrin \u015fampiyonluk havas\u0131na girmesi i\u00e7in elimden geleni yapaca\u011f\u0131m,\u201d dedi. Ayr\u0131ca, tak\u0131ma yap\u0131lan 25 milyon TL\u2019lik \u00f6deme de bu deste\u011fin somut bir g\u00f6stergesi oldu.<\/p>\n\n\n\n<p>Ziyaret s\u0131ras\u0131nda, Tahir Ba\u015fkan\u2019a bir kitap hediye edildi. Ba\u015fkan, bu jestten duydu\u011fu memnuniyeti dile getirerek, \u201c\u0130n\u015fallah vakit buldu\u011funda okurum,\u201d dedi.<\/p>\n\n\n\n<hr class=\"wp-block-separator has-alpha-channel-opacity\"\/>\n\n\n\n<h3 class=\"wp-block-heading\"><strong>\u0130stanbulspor Ma\u00e7\u0131 Analizi: Denge ve M\u00fccadele<\/strong><\/h3>\n\n\n\n<p>Kocaelispor, \u0130stanbulspor ma\u00e7\u0131nda zorlu bir m\u00fccadele verdi. Ma\u00e7\u0131n sonucu tart\u0131\u015fmal\u0131 olsa da, tak\u0131m\u0131m\u0131z\u0131n g\u00f6sterdi\u011fi m\u00fccadele ruhu taraftarlar\u0131 gururland\u0131rd\u0131.<\/p>\n\n\n\n<ul class=\"wp-block-list\">\n<li><strong>Ma\u00e7\u0131n Seyri:<\/strong><br>\u0130stanbulspor, \u00f6zellikle ilk yar\u0131da g\u00fc\u00e7l\u00fc bir \u00e7\u0131k\u0131\u015f yakalad\u0131. Ancak Kocaelispor, ikinci yar\u0131da dengeyi sa\u011flayarak ma\u00e7\u0131 kazanma \u015fans\u0131n\u0131 yakalad\u0131.<\/li>\n\n\n\n<li><strong>Hakem Kararlar\u0131 ve Tart\u0131\u015fmalar:<\/strong><br>Ma\u00e7\u0131n ard\u0131ndan baz\u0131 kararlar ele\u015ftirilere neden oldu. \u00d6zellikle gol karar\u0131 ve hakem performans\u0131, taraftarlar aras\u0131nda tepki yaratt\u0131. Ancak tak\u0131m\u0131m\u0131z, bu zorlu ko\u015fullarda bile m\u00fccadeleyi b\u0131rakmad\u0131.<\/li>\n<\/ul>\n\n\n\n<hr class=\"wp-block-separator has-alpha-channel-opacity\"\/>\n\n\n\n<h3 class=\"wp-block-heading\"><strong>\u00dcmraniyespor Ma\u00e7\u0131: 10 Ki\u015fiyle Verilen B\u00fcy\u00fck Reaksiyon<\/strong><\/h3>\n\n\n\n<p>\u00dcmraniyespor ma\u00e7\u0131nda, Kocaelispor\u2019un 10 ki\u015fi kald\u0131\u011f\u0131 durumda g\u00f6sterdi\u011fi m\u00fccadele, b\u00fcy\u00fck bir kul\u00fcb\u00fcn karakterini ortaya koydu.<\/p>\n\n\n\n<ul class=\"wp-block-list\">\n<li><strong>Ma\u00e7\u0131n Kritik Anlar\u0131:<\/strong><br>10 ki\u015fi kal\u0131nca zorlanan tak\u0131m\u0131m\u0131z, son 15-20 dakikada harika bir reaksiyon g\u00f6sterdi. Rakip tak\u0131m\u0131n bask\u0131lar\u0131na ra\u011fmen, ma\u00e7\u0131 1-1\u2019lik bir skorla tamamlad\u0131k.<\/li>\n\n\n\n<li><strong>Reaksiyon ve M\u00fccadele Ruhu:<\/strong><br>Ahmet O\u011fuz\u2019un k\u0131rm\u0131z\u0131 kart g\u00f6rmesiyle tak\u0131m\u0131m\u0131z dezavantajl\u0131 bir pozisyona d\u00fc\u015ft\u00fc. Ancak oyuncular\u0131m\u0131z, bu zorlu s\u00fcre\u00e7te birlik ve beraberlikle m\u00fccadeleyi s\u00fcrd\u00fcrd\u00fc.<\/li>\n<\/ul>\n\n\n\n<hr class=\"wp-block-separator has-alpha-channel-opacity\"\/>\n\n\n\n<h3 class=\"wp-block-heading\"><strong>Ligdeki Dengeler ve \u015eampiyonluk Hedefi<\/strong><\/h3>\n\n\n\n<p>Kocaelispor, \u015fu anda 57 puanla ligin zirvesinde yer al\u0131yor. Ancak ligdeki dengeler, her ma\u00e7\u0131n sonucunun \u00f6ng\u00f6r\u00fclemez oldu\u011funu g\u00f6steriyor.<\/p>\n\n\n\n<ul class=\"wp-block-list\">\n<li><strong>Rakiplerin Durumu:<\/strong><br>Kar\u015f\u0131la\u015faca\u011f\u0131m\u0131z Ankarag\u00fcc\u00fc ve di\u011fer rakipler, puan kaybetmemek i\u00e7in m\u00fccadele ediyor. Bu durum, Kocaelispor\u2019un her ma\u00e7ta maksimum performans g\u00f6stermesini zorunlu k\u0131l\u0131yor.<\/li>\n\n\n\n<li><strong>\u015eampiyonluk Yolunda Ad\u0131mlar:<\/strong><br>Kocaelispor\u2019un \u015fampiyonluk hedefine ula\u015fabilmesi i\u00e7in, \u00f6n\u00fcm\u00fczdeki ma\u00e7larda konsantrasyon ve disiplin \u00e7ok \u00f6nemli.<\/li>\n<\/ul>\n\n\n\n<h1 class=\"wp-block-heading\">#Kocaelispor #KOCAEL\u0130SPOR #\u0130smet Ta\u015fdemir #tff1 #Adanaspor #Altay #Band\u0131rmaspor #Boluspor #\u00e7orumfk #Erzurumspor FK #Gen\u00e7lerbirli\u011fi #Giresunspor #Ke\u00e7i\u00f6reng\u00fcc\u00fcspor #Manisa FK #Sakaryaspor #\u015eanlurfaspor #Tuzlaspor #\u00dcmraniyespor #Pendikspor #\u0130stanbulspor #F. Karag\u00fcmr\u00fckspor #Ankarag\u00fcc\u00fc #Amedspor #Esenler Erokspor #Yeni Malatyaspor #Kocaelispor haberleri #Kocaelispor transferleri #Kocaelispor ma\u00e7 \u00f6zetleri #Kocaelispor geli\u015fmeleri #Kocaelispor ma\u00e7lar\u0131 #spor #sporhaberleri #kocaeli #kocaelispor #trendyol1lig #Amat\u00f6rdenS\u00fcperLige #\u015eampiyonlukYolu #KocaelisporTV #kocaelispor.tv.tr #kocaelispor.tr #trendyolsuperlig #Trendyol1Lig<\/h1>\n\n\n\n<ul class=\"wp-block-list\">\n<li>Web Sitemiz 5651 say\u0131l\u0131 kanun \u00e7er\u00e7evesinde faaliyet g\u00f6stermekte olup yay\u0131nlanan i\u00e7eriklerden sorumlu de\u011fildir. Fakat i\u00e7eri\u011fin kanuna ayk\u0131r\u0131 veya telif hakk\u0131 i\u00e7erdi\u011fi ile ilgili yaz\u0131l\u0131 veya dijital bir tebli\u011f almas\u0131 halinde s\u00f6z konusu i\u00e7eri\u011fi kald\u0131rmakla m\u00fckelleftir.<\/li>\n<\/ul>\n","protected":false},"excerpt":{"rendered":"<p>MA\u00c7A DO\u011eRU 07 Mart 2025 | tv41<\/p>\n","protected":false},"author":1,"featured_media":4848,"comment_status":"closed","ping_status":"closed","sticky":false,"template":"","format":"standard","meta":{"footnotes":""},"categories":[3,17,5,14,4,92,15],"tags":[342,341,343,51,344,205,766,739,259,349,454,1515,734,547,48,1511,888,891,892,890,889,1577,347,735,350,348,300,223,166,538,778,52],"class_list":["post-4846","post","type-post","status-publish","format-standard","has-post-thumbnail","hentry","category-kocaelispor","category-1-lig","category-lig","category-medya","category-turnuva","category-tv-41","category-yerel-medya","tag-adanaspor","tag-altay","tag-bandirmaspor","tag-boluspor","tag-corum-fk","tag-erzurumspor-fk","tag-esenler-erokspor","tag-f-karagumrukspor","tag-genclerbirligi","tag-giresunspor","tag-husayin-gulister","tag-igdir-fk","tag-istanbulspor","tag-keciorengucuspor","tag-kocaelispor","tag-kocaelispor-dolu-dizgin","tag-kocaelispor-gelismeleri","tag-kocaelispor-haberleri","tag-kocaelispor-mac-ozetleri","tag-kocaelispor-maclari","tag-kocaelispor-transferleri","tag-maca-dogru-07-mart-2025-tv41","tag-manisa-fk","tag-pendikspor","tag-sakaryaspor","tag-sanlurfaspor","tag-selim-eryilmaz","tag-tuzlaspor","tag-tv41","tag-umraniyespor","tag-yenimalatyaspor","tag-yigit-ozcan"],"amp_enabled":true,"_links":{"self":[{"href":"https:\/\/www.kocaelispor.tv.tr\/index.php?rest_route=\/wp\/v2\/posts\/4846","targetHints":{"allow":["GET"]}}],"collection":[{"href":"https:\/\/www.kocaelispor.tv.tr\/index.php?rest_route=\/wp\/v2\/posts"}],"about":[{"href":"https:\/\/www.kocaelispor.tv.tr\/index.php?rest_route=\/wp\/v2\/types\/post"}],"author":[{"embeddable":true,"href":"https:\/\/www.kocaelispor.tv.tr\/index.php?rest_route=\/wp\/v2\/users\/1"}],"replies":[{"embeddable":true,"href":"https:\/\/www.kocaelispor.tv.tr\/index.php?rest_route=%2Fwp%2Fv2%2Fcomments&post=4846"}],"version-history":[{"count":0,"href":"https:\/\/www.kocaelispor.tv.tr\/index.php?rest_route=\/wp\/v2\/posts\/4846\/revisions"}],"wp:featuredmedia":[{"embeddable":true,"href":"https:\/\/www.kocaelispor.tv.tr\/index.php?rest_route=\/wp\/v2\/media\/4848"}],"wp:attachment":[{"href":"https:\/\/www.kocaelispor.tv.tr\/index.php?rest_route=%2Fwp%2Fv2%2Fmedia&parent=4846"}],"wp:term":[{"taxonomy":"category","embeddable":true,"href":"https:\/\/www.kocaelispor.tv.tr\/index.php?rest_route=%2Fwp%2Fv2%2Fcategories&post=4846"},{"taxonomy":"post_tag","embeddable":true,"href":"https:\/\/www.kocaelispor.tv.tr\/index.php?rest_route=%2Fwp%2Fv2%2Ftags&post=4846"}],"curies":[{"name":"wp","href":"https:\/\/api.w.org\/{rel}","templated":true}]}}