{"id":4818,"date":"2025-03-07T08:40:59","date_gmt":"2025-03-07T05:40:59","guid":{"rendered":"https:\/\/kocaelispor.tv.tr\/?p=4818"},"modified":"2025-03-07T08:41:00","modified_gmt":"2025-03-07T05:41:00","slug":"ozet-lider-kocaelispor-istanbulda-takildi-6-mart-2025-bein-sports","status":"publish","type":"post","link":"https:\/\/www.kocaelispor.tv.tr\/?p=4818","title":{"rendered":"\u00d6ZET | Lider Kocaelispor, \u0130stanbul&#8217;da tak\u0131ld\u0131! 6 Mart 2025 | beIN Sports"},"content":{"rendered":"\n<figure class=\"wp-block-image size-large\"><img loading=\"lazy\" decoding=\"async\" width=\"1024\" height=\"564\" sizes=\"auto, (max-width: 1024px) 100vw, 1024px\" src=\"https:\/\/www.kocaelispor.tv.tr\/wp-content\/uploads\/2025\/03\/Ekran-Resmi-2025-03-07-08.34.02-1024x564.webp\" alt=\"\" class=\"wp-image-4825\" title=\"\" srcset=\"https:\/\/www.kocaelispor.tv.tr\/wp-content\/uploads\/2025\/03\/Ekran-Resmi-2025-03-07-08.34.02-1024x564.webp 1024w, https:\/\/www.kocaelispor.tv.tr\/wp-content\/uploads\/2025\/03\/Ekran-Resmi-2025-03-07-08.34.02-300x165.webp 300w, https:\/\/www.kocaelispor.tv.tr\/wp-content\/uploads\/2025\/03\/Ekran-Resmi-2025-03-07-08.34.02-768x423.webp 768w, https:\/\/www.kocaelispor.tv.tr\/wp-content\/uploads\/2025\/03\/Ekran-Resmi-2025-03-07-08.34.02-1536x846.webp 1536w, https:\/\/www.kocaelispor.tv.tr\/wp-content\/uploads\/2025\/03\/Ekran-Resmi-2025-03-07-08.34.02-1170x644.webp 1170w, https:\/\/www.kocaelispor.tv.tr\/wp-content\/uploads\/2025\/03\/Ekran-Resmi-2025-03-07-08.34.02-24x13.webp 24w, https:\/\/www.kocaelispor.tv.tr\/wp-content\/uploads\/2025\/03\/Ekran-Resmi-2025-03-07-08.34.02-36x20.webp 36w, https:\/\/www.kocaelispor.tv.tr\/wp-content\/uploads\/2025\/03\/Ekran-Resmi-2025-03-07-08.34.02-48x26.webp 48w, https:\/\/www.kocaelispor.tv.tr\/wp-content\/uploads\/2025\/03\/Ekran-Resmi-2025-03-07-08.34.02.webp 1598w\" \/><\/figure>\n\n\n<a class=\"wp-block-read-more\" href=\"https:\/\/www.kocaelispor.tv.tr\/?p=4818\" target=\"_self\">Devam\u0131n\u0131 oku<span class=\"screen-reader-text\">: \u00d6ZET | Lider Kocaelispor, \u0130stanbul&#8217;da tak\u0131ld\u0131! 6 Mart 2025 | beIN Sports<\/span><\/a>\n\n\n<ul class=\"wp-block-list\">\n<li>Telif haklar\u0131 nedeniyle beIN SPORTS sitesinden izlenebilmektedir. <a href=\"https:\/\/beinsports.com.tr\/mac-ozetleri-goller\/tff-1-lig\/ozet\/2024-2025\/28\/umraniyespor-1-1-kocaelispor-mac-ozeti\" target=\"_blank\" rel=\"noopener\">https:\/\/beinsports.com.tr\/mac-ozetleri-goller\/tff-1-lig\/ozet\/2024-2025\/28\/umraniyespor-1-1-kocaelispor-mac-ozeti<\/a><\/li>\n<\/ul>\n\n\n\n<p><strong>Lider Kocaelispor, \u0130stanbul&#8217;da \u00dcmraniyespor ile Berabere Kal\u0131rken \u015eampiyonluk Yolunda Zorlu Bir Ma\u00e7 Ya\u015fad\u0131!<\/strong><\/p>\n\n\n\n<p>Trendyol 1. Lig&#8217;in 28. haftas\u0131nda oynanan kritik ma\u00e7ta lider <strong>Kocaelispor <\/strong>, Central Hospital \u00dcmraniyespor kar\u015f\u0131s\u0131nda 1-1 berabere kald\u0131. Bu sonu\u00e7, \u015fampiyonluk yolundaki puan avantaj\u0131n\u0131 korumak isteyen Kocaelispor i\u00e7in beklenmedik bir kay\u0131p oldu.<\/p>\n\n\n\n<hr class=\"wp-block-separator has-alpha-channel-opacity\"\/>\n\n\n\n<h3 class=\"wp-block-heading\"><strong>Ma\u00e7 \u00d6zeti ve Skor:<\/strong><\/h3>\n\n\n\n<ul class=\"wp-block-list\">\n<li><strong>Central Hospital \u00dcmraniyespor vs Kocaelispor: 1-1<\/strong><\/li>\n\n\n\n<li><strong>Stadyum: <\/strong>Spoint \u0130n\u015faat \u00dcmraniyespor Stadyumu<\/li>\n\n\n\n<li><strong>Hakemler: <\/strong>G\u00fcrcan Hasova (orta hakem), Kemal Elmas ve \u00d6zcan Sultano\u011flu (yard\u0131mc\u0131 hakemler)<\/li>\n<\/ul>\n\n\n\n<hr class=\"wp-block-separator has-alpha-channel-opacity\"\/>\n\n\n\n<h3 class=\"wp-block-heading\"><strong>Goller ve Oyuncu De\u011fi\u015fiklikleri:<\/strong><\/h3>\n\n\n\n<h4 class=\"wp-block-heading\"><strong>Central Hospital \u00dcmraniyespor:<\/strong><\/h4>\n\n\n\n<ul class=\"wp-block-list\">\n<li><strong>Gol: <\/strong>Dk. 44 &#8211; Soukou<\/li>\n\n\n\n<li><strong>Oyuncu De\u011fi\u015fiklikleri:<\/strong>\n<ul class=\"wp-block-list\">\n<li>Dk. 72: Ali Turap B\u00fclb\u00fcl (O\u011fuz Y\u0131ld\u0131r\u0131m yerine)<\/li>\n\n\n\n<li>Dk. 72: Bardhi (Hoti yerine)<\/li>\n\n\n\n<li>Dk. 77: Joao (Furkan Apayd\u0131n yerine)<\/li>\n\n\n\n<li>Dk. 85: Bar\u0131\u015f Ekincier (Soukou yerine)<\/li>\n<\/ul>\n<\/li>\n<\/ul>\n\n\n\n<h4 class=\"wp-block-heading\"><strong>Kocaelispor:<\/strong><\/h4>\n\n\n\n<ul class=\"wp-block-list\">\n<li><strong>Gol: <\/strong>Dk. 69 &#8211; Yusuf Cihat \u00c7elik<\/li>\n\n\n\n<li><strong>Oyuncu De\u011fi\u015fiklikleri:<\/strong>\n<ul class=\"wp-block-list\">\n<li>Dk. 58: Tarkan Serbest (Rivas yerine)<\/li>\n\n\n\n<li>Dk. 59: Yunus Emre Gedik (Muharrem Cinan yerine)<\/li>\n\n\n\n<li>Dk. 59: Yusuf Cihat \u00c7elik (Samet Yal\u00e7\u0131n yerine)<\/li>\n\n\n\n<li>Dk. 67: Onur \u00d6ztonga (Vukovic yerine)<\/li>\n\n\n\n<li>Dk. 75: Mesut Can Tunal\u0131 (Markao yerine)<\/li>\n<\/ul>\n<\/li>\n<\/ul>\n\n\n\n<hr class=\"wp-block-separator has-alpha-channel-opacity\"\/>\n\n\n\n<h3 class=\"wp-block-heading\"><strong>Kartlar ve Disiplin:<\/strong><\/h3>\n\n\n\n<ul class=\"wp-block-list\">\n<li><strong>K\u0131rm\u0131z\u0131 Kart: <\/strong>Dk. 60 &#8211; Ahmet O\u011fuz (Kocaelispor)<\/li>\n\n\n\n<li><strong>Sar\u0131 Kartlar:<\/strong>\n<ul class=\"wp-block-list\">\n<li>Central Hospital \u00dcmraniyespor: Dk. 16 &#8211; Hoti, Dk. 79 &#8211; Bardhi<\/li>\n\n\n\n<li>Kocaelispor: Dk. 38 &#8211; Appindangoye, Dk. 76 &#8211; Mesut Can Tunal\u0131<\/li>\n<\/ul>\n<\/li>\n<\/ul>\n\n\n\n<hr class=\"wp-block-separator has-alpha-channel-opacity\"\/>\n\n\n\n<h3 class=\"wp-block-heading\"><strong>Ma\u00e7\u0131n Seyri ve Analizi:<\/strong><\/h3>\n\n\n\n<p>Ma\u00e7\u0131n ilk yar\u0131s\u0131nda her iki tak\u0131m da f\u0131rsatlar\u0131n\u0131 de\u011ferlendirmeye \u00e7al\u0131\u015ft\u0131 ancak net bir \u00fcst\u00fcnl\u00fck sa\u011flayamad\u0131. <strong>Dk. 44&#8217;te Soukou <\/strong>, \u00dcmraniyespor&#8217;u \u00f6ne ge\u00e7iren gol\u00fc att\u0131 ve ev sahibi tak\u0131m\u0131n moralini y\u00fckseltti. Ancak Kocaelispor, ikinci yar\u0131da daha agresif bir oyun sergiledi ve <strong>Dk. 69&#8217;da Yusuf Cihat \u00c7elik <\/strong>, e\u015fitli\u011fi sa\u011flayan gol\u00fc kaydetti.<\/p>\n\n\n\n<p>Ancak ma\u00e7\u0131n seyrini de\u011fi\u015ftiren \u00f6nemli bir olay ya\u015fand\u0131: <strong>Dk. 60&#8217;ta Ahmet O\u011fuz&#8217;un k\u0131rm\u0131z\u0131 kart g\u00f6rmesi <\/strong>, Kocaelispor&#8217;u zor durumda b\u0131rakt\u0131. 10 ki\u015fi kalan tak\u0131m, savunma odakl\u0131 bir oyun tercih etmek zorunda kald\u0131. Bu durum, \u00dcmraniyespor&#8217;un bask\u0131 yapmas\u0131n\u0131 kolayla\u015ft\u0131rd\u0131 ancak Kocaelispor, son dakikalara kadar m\u00fccadeleci bir performans sergileyerek puan\u0131n\u0131 ald\u0131.<\/p>\n\n\n\n<hr class=\"wp-block-separator has-alpha-channel-opacity\"\/>\n\n\n\n<h3 class=\"wp-block-heading\"><strong>\u015eampiyonluk Yolunda Durum:<\/strong><\/h3>\n\n\n\n<p>Bu beraberlikle Kocaelispor, ligdeki liderli\u011fini korudu ancak puan fark\u0131n\u0131 a\u00e7ma f\u0131rsat\u0131n\u0131 ka\u00e7\u0131rd\u0131. Rakipler aras\u0131nda \u00f6zellikle Karag\u00fcmr\u00fck ve Sakaryaspor&#8217;la aras\u0131ndaki mesafe hala dar. \u00d6n\u00fcm\u00fczdeki haftalarda deplasman ma\u00e7lar\u0131 ve yo\u011fun program, tak\u0131m i\u00e7in kritik \u00f6neme sahip olacak.<\/p>\n\n\n\n<hr class=\"wp-block-separator has-alpha-channel-opacity\"\/>\n\n\n\n<h3 class=\"wp-block-heading\"><strong>Sonraki Ma\u00e7lar ve Hedefler:<\/strong><\/h3>\n\n\n\n<p>Kocaelispor, \u015fampiyonluk yolunda \u00f6n\u00fcm\u00fczdeki haftalarda \u015fu ma\u00e7lar\u0131 oynayacak:<\/p>\n\n\n\n<ul class=\"wp-block-list\">\n<li><strong>Per\u015fembe g\u00fcn\u00fc saat 20:30: <\/strong>\u00dcmraniyespor (deplasman)<\/li>\n\n\n\n<li><strong>Pazartesi g\u00fcn\u00fc saat 20:30: <\/strong>Ankarag\u00fcc\u00fc (ev sahibi)<\/li>\n<\/ul>\n\n\n\n<p>Bu ma\u00e7lar, Kocaelispor i\u00e7in puan fark\u0131n\u0131 koruma ve \u015fampiyonlu\u011fu garanti alt\u0131na alma a\u00e7\u0131s\u0131ndan b\u00fcy\u00fck \u00f6nem ta\u015f\u0131yor.<\/p>\n\n\n\n<hr class=\"wp-block-separator has-alpha-channel-opacity\"\/>\n\n\n\n<h3 class=\"wp-block-heading\">Kocaelispor, \u015fampiyonluk yolunda ataca\u011f\u0131 her ad\u0131m siz de\u011ferli taraftarlar\u0131m\u0131zla payla\u015f\u0131lacak. Tak\u0131m\u0131m\u0131z\u0131 her zaman oldu\u011fu gibi bu s\u00fcre\u00e7te de trib\u00fcnlerde destekleyelim.<\/h3>\n\n\n\n<h1 class=\"wp-block-heading\">#Kocaelispor #KOCAEL\u0130SPOR #\u0130smet Ta\u015fdemir #tff1 #Adanaspor #Altay #Band\u0131rmaspor #Boluspor #\u00e7orumfk #Erzurumspor FK #Gen\u00e7lerbirli\u011fi #Giresunspor #Ke\u00e7i\u00f6reng\u00fcc\u00fcspor #Manisa FK #Sakaryaspor #\u015eanlurfaspor #Tuzlaspor #\u00dcmraniyespor #Pendikspor #\u0130stanbulspor #F. Karag\u00fcmr\u00fckspor #Ankarag\u00fcc\u00fc #Amedspor #Esenler Erokspor #Yeni Malatyaspor #Kocaelispor haberleri #Kocaelispor transferleri #Kocaelispor ma\u00e7 \u00f6zetleri #Kocaelispor geli\u015fmeleri #Kocaelispor ma\u00e7lar\u0131 #spor #sporhaberleri #kocaeli #kocaelispor #trendyol1lig #Amat\u00f6rdenS\u00fcperLige #\u015eampiyonlukYolu #KocaelisporTV #kocaelispor.tv.tr #kocaelispor.tr #trendyolsuperlig #Trendyol1Lig<\/h1>\n\n\n\n<ul class=\"wp-block-list\">\n<li>Web Sitemiz 5651 say\u0131l\u0131 kanun \u00e7er\u00e7evesinde faaliyet g\u00f6stermekte olup yay\u0131nlanan i\u00e7eriklerden sorumlu de\u011fildir. Fakat i\u00e7eri\u011fin kanuna ayk\u0131r\u0131 veya telif hakk\u0131 i\u00e7erdi\u011fi ile ilgili yaz\u0131l\u0131 veya dijital bir tebli\u011f almas\u0131 halinde s\u00f6z konusu i\u00e7eri\u011fi kald\u0131rmakla m\u00fckelleftir.<\/li>\n<\/ul>\n","protected":false},"excerpt":{"rendered":"<p>\u00d6ZET | Lider Kocaelispor, \u0130stanbul&#8217;da tak\u0131ld\u0131! 6 Mart 2025 | beIN Sports<\/p>\n","protected":false},"author":1,"featured_media":4825,"comment_status":"closed","ping_status":"closed","sticky":false,"template":"","format":"standard","meta":{"footnotes":""},"categories":[3,17,1143,5,14,4,16],"tags":[342,341,343,1149,51,344,205,766,739,259,349,1515,1572,734,547,48,1511,888,891,892,890,889,347,1571,735,350,348,223,538,778],"class_list":["post-4818","post","type-post","status-publish","format-standard","has-post-thumbnail","hentry","category-kocaelispor","category-1-lig","category-bein-sports","category-lig","category-medya","category-turnuva","category-ulusal-medya","tag-adanaspor","tag-altay","tag-bandirmaspor","tag-bein-sports","tag-boluspor","tag-corum-fk","tag-erzurumspor-fk","tag-esenler-erokspor","tag-f-karagumrukspor","tag-genclerbirligi","tag-giresunspor","tag-igdir-fk","tag-istanbulda-takildi-6-mart-2025-bein-sports","tag-istanbulspor","tag-keciorengucuspor","tag-kocaelispor","tag-kocaelispor-dolu-dizgin","tag-kocaelispor-gelismeleri","tag-kocaelispor-haberleri","tag-kocaelispor-mac-ozetleri","tag-kocaelispor-maclari","tag-kocaelispor-transferleri","tag-manisa-fk","tag-ozet-lider-kocaelispor","tag-pendikspor","tag-sakaryaspor","tag-sanlurfaspor","tag-tuzlaspor","tag-umraniyespor","tag-yenimalatyaspor"],"amp_enabled":true,"_links":{"self":[{"href":"https:\/\/www.kocaelispor.tv.tr\/index.php?rest_route=\/wp\/v2\/posts\/4818","targetHints":{"allow":["GET"]}}],"collection":[{"href":"https:\/\/www.kocaelispor.tv.tr\/index.php?rest_route=\/wp\/v2\/posts"}],"about":[{"href":"https:\/\/www.kocaelispor.tv.tr\/index.php?rest_route=\/wp\/v2\/types\/post"}],"author":[{"embeddable":true,"href":"https:\/\/www.kocaelispor.tv.tr\/index.php?rest_route=\/wp\/v2\/users\/1"}],"replies":[{"embeddable":true,"href":"https:\/\/www.kocaelispor.tv.tr\/index.php?rest_route=%2Fwp%2Fv2%2Fcomments&post=4818"}],"version-history":[{"count":0,"href":"https:\/\/www.kocaelispor.tv.tr\/index.php?rest_route=\/wp\/v2\/posts\/4818\/revisions"}],"wp:featuredmedia":[{"embeddable":true,"href":"https:\/\/www.kocaelispor.tv.tr\/index.php?rest_route=\/wp\/v2\/media\/4825"}],"wp:attachment":[{"href":"https:\/\/www.kocaelispor.tv.tr\/index.php?rest_route=%2Fwp%2Fv2%2Fmedia&parent=4818"}],"wp:term":[{"taxonomy":"category","embeddable":true,"href":"https:\/\/www.kocaelispor.tv.tr\/index.php?rest_route=%2Fwp%2Fv2%2Fcategories&post=4818"},{"taxonomy":"post_tag","embeddable":true,"href":"https:\/\/www.kocaelispor.tv.tr\/index.php?rest_route=%2Fwp%2Fv2%2Ftags&post=4818"}],"curies":[{"name":"wp","href":"https:\/\/api.w.org\/{rel}","templated":true}]}}