{"id":4685,"date":"2025-02-25T19:46:53","date_gmt":"2025-02-25T16:46:53","guid":{"rendered":"https:\/\/kocaelispor.tv.tr\/?p=4685"},"modified":"2025-02-25T19:48:48","modified_gmt":"2025-02-25T16:48:48","slug":"mustafa-kaplan-ile-1-ligde-26-haftanin-degerlendirmesi-ankaragucu-bandirmaya-patladi-24-subat-2025-motto-futbol","status":"publish","type":"post","link":"https:\/\/www.kocaelispor.tv.tr\/?p=4685","title":{"rendered":"Mustafa Kaplan ile 1. Lig&#8217;de 26. Haftan\u0131n De\u011ferlendirmesi \/ Ankarag\u00fcc\u00fc Band\u0131rma&#8217;ya patlad\u0131! 24 \u015eubat 2025 | Motto Futbol"},"content":{"rendered":"\n<figure class=\"wp-block-embed is-type-video is-provider-youtube wp-block-embed-youtube wp-embed-aspect-16-9 wp-has-aspect-ratio\"><div class=\"wp-block-embed__wrapper\">\n<div class=\"lyte-wrapper\" style=\"width:640px;max-width:100%;margin:5px auto;\"><div class=\"lyMe hidef\" id=\"WYL_rwUAA4J3IWo\"><div id=\"lyte_rwUAA4J3IWo\" data-src=\"https:\/\/www.kocaelispor.tv.tr\/wp-content\/plugins\/wp-youtube-lyte\/lyteCache.php?origThumbUrl=%2F%2Fi.ytimg.com%2Fvi%2FrwUAA4J3IWo%2Fhqdefault.jpg\" class=\"pL\"><div class=\"tC\"><div class=\"tT\"><\/div><\/div><div class=\"play\"><\/div><div class=\"ctrl\"><div class=\"Lctrl\"><\/div><div class=\"Rctrl\"><\/div><\/div><\/div><noscript><a href=\"https:\/\/youtu.be\/rwUAA4J3IWo\" rel=\"nofollow noopener\" target=\"_blank\"><img loading=\"lazy\" decoding=\"async\" src=\"https:\/\/www.kocaelispor.tv.tr\/wp-content\/plugins\/wp-youtube-lyte\/lyteCache.php?origThumbUrl=https%3A%2F%2Fi.ytimg.com%2Fvi%2FrwUAA4J3IWo%2F0.jpg\" alt=\"YouTube video thumbnail\" width=\"640\" height=\"340\" title=\"\"><\/a><\/noscript><\/div><\/div><div class=\"lL\" style=\"max-width:100%;width:640px;margin:5px auto;\"> <a href=\"https:\/\/youtu.be\/rwUAA4J3IWo\" target=\"_blank\" rel=\"noopener\">Watch this video on YouTube<\/a>.<br\/><span class=\"lyte_disclaimer\">*** Sitemizde payla\u015f\u0131lan videolar\u0131n t\u00fcm sorumlulu\u011fu, video \u2018nun yay\u0131nc\u0131s\u0131na aittir. ***<\/span><\/div><template data-arve_cachetime=\"2025-03-10T13:38:41+03:00\" data-arve_iframe_src=\"https:\/\/www.youtube.com\/embed\/rwUAA4J3IWo?feature=oembed\" data-arve_url=\"https:\/\/www.youtube.com\/live\/rwUAA4J3IWo?si=luY2pFhO-8gSSAjg\" data-author_name=\"Motto Futbol\" data-author_url=\"https:\/\/www.youtube.com\/@MottoFutbol\" data-height=\"360\" data-provider=\"youtube\" data-provider_name=\"YouTube\" data-provider_url=\"https:\/\/www.youtube.com\/\" data-thumbnail_height=\"360\" data-thumbnail_url=\"https:\/\/i.ytimg.com\/vi\/rwUAA4J3IWo\/hqdefault.jpg\" data-thumbnail_width=\"480\" data-title=\"Mustafa Kaplan ile 1. Lig&#039;de 26. Haftan\u0131n De\u011ferlendirmesi \/ Ankarag\u00fcc\u00fc Band\u0131rma&#039;ya patlad\u0131!\" data-type=\"video\" data-version=\"1.0\" data-width=\"640\" class=\"arve-data\"><\/template>\n<\/div><\/figure>\n\n\n<a class=\"wp-block-read-more\" href=\"https:\/\/www.kocaelispor.tv.tr\/?p=4685\" target=\"_self\">Devam\u0131n\u0131 oku<span class=\"screen-reader-text\">: Mustafa Kaplan ile 1. Lig&#8217;de 26. Haftan\u0131n De\u011ferlendirmesi \/ Ankarag\u00fcc\u00fc Band\u0131rma&#8217;ya patlad\u0131! 24 \u015eubat 2025 | Motto Futbol<\/span><\/a>\n\n\n<p><strong>Kocaelispor ve Urfaspor: Zorlu Rakiplerle Ba\u015far\u0131ya Do\u011fru Ad\u0131m At\u0131yor!<\/strong><\/p>\n\n\n\n<p>Bu hafta Kocaelispor&#8217;un zorlu m\u00fccadelesini ve Urfaspor&#8217;un m\u00fccadeleci performans\u0131n\u0131 yak\u0131ndan takip ettik. Bu yaz\u0131m\u0131zda, ma\u00e7lar\u0131n detaylar\u0131n\u0131, oyuncu performanslar\u0131n\u0131 ve lig s\u0131ralamas\u0131ndaki etkilerini sizler i\u00e7in derledik. Hem SEO kurallar\u0131na uygun hem de okuyucular\u0131m\u0131za faydal\u0131 i\u00e7erik sunmak ad\u0131na haz\u0131rlad\u0131\u011f\u0131m\u0131z bu makalede, t\u00fcm taraftarlara de\u011ferli bilgiler sunmay\u0131 hedefliyoruz.<\/p>\n\n\n\n<hr class=\"wp-block-separator has-alpha-channel-opacity\"\/>\n\n\n\n<h3 class=\"wp-block-heading\"><strong>Kocaelispor: S\u00fcper Lig\u2019e Yolculuk Devam Ediyor!<\/strong><\/h3>\n\n\n\n<p>Kocaelispor, bu sezonun en g\u00fc\u00e7l\u00fc adaylar\u0131ndan biri olarak g\u00f6steriliyor. \u00d6zellikle \u0130smet Ta\u015fdemir &#8216;in teknik direkt\u00f6rl\u00fc\u011f\u00fc alt\u0131nda tak\u0131m, Bodrumspor\u2019da \u015fampiyonluk ya\u015fayan tecr\u00fcbesini burada da g\u00f6steriyor. Bu hafta i\u00e7 sahada oynanan ma\u00e7ta Kocaelispor, rakibiyle berabere kalarak 1 puan ald\u0131. Ancak bu sonu\u00e7, tak\u0131m a\u00e7\u0131s\u0131ndan hayal k\u0131r\u0131kl\u0131\u011f\u0131 de\u011fil; aksine zorlu bir rakiple puan payla\u015farak avantaj\u0131n\u0131 korudu.<\/p>\n\n\n\n<p>Ma\u00e7\u0131n y\u0131ld\u0131z\u0131 ise \u015f\u00fcphesiz kaleci G\u00f6khan oldu. Ola\u011fan\u00fcst\u00fc kurtar\u0131\u015flarla ma\u00e7a damgas\u0131n\u0131 vuran G\u00f6khan, tak\u0131m\u0131n\u0131n puan almas\u0131nda b\u00fcy\u00fck rol oynad\u0131. \u00d6zellikle son dakikalardaki muhte\u015fem m\u00fcdahaleleri, Kocaelispor\u2019un bu hafta da s\u0131ralamada \u00fcst s\u0131ralarda yer almas\u0131n\u0131 sa\u011flad\u0131.<\/p>\n\n\n\n<p>Ayr\u0131ca kadroda Samet gibi isimlerin varl\u0131\u011f\u0131 da dikkat \u00e7ekici. Samet, orta sahada kesicilik sergileyen ve dikine hareket kabiliyeti y\u00fcksek bir oyuncu. Bu tarz oyuncular\u0131n kadroda olmas\u0131, Kocaelispor\u2019un S\u00fcper Lig\u2019e \u00e7\u0131kma yolunda daha da g\u00fc\u00e7lenmesini sa\u011fl\u0131yor.<\/p>\n\n\n\n<h1 class=\"wp-block-heading\">#Kocaelispor #KOCAEL\u0130SPOR #\u0130smet Ta\u015fdemir #tff1 #Adanaspor #Altay #Band\u0131rmaspor #Boluspor #\u00e7orumfk #Erzurumspor FK #Gen\u00e7lerbirli\u011fi #Giresunspor #Ke\u00e7i\u00f6reng\u00fcc\u00fcspor #Manisa FK #Sakaryaspor #\u015eanlurfaspor #Tuzlaspor #\u00dcmraniyespor #Pendikspor #\u0130stanbulspor #F. Karag\u00fcmr\u00fckspor #Ankarag\u00fcc\u00fc #Amedspor #Esenler Erokspor #Yeni Malatyaspor #Kocaelispor haberleri #Kocaelispor transferleri #Kocaelispor ma\u00e7 \u00f6zetleri #Kocaelispor geli\u015fmeleri #Kocaelispor ma\u00e7lar\u0131 #spor #sporhaberleri #kocaeli #kocaelispor #trendyol1lig #Amat\u00f6rdenS\u00fcperLige #\u015eampiyonlukYolu #KocaelisporTV #kocaelispor.tv.tr #kocaelispor.tr #trendyolsuperlig #Trendyol1Lig<\/h1>\n\n\n\n<ul class=\"wp-block-list\">\n<li>Web Sitemiz 5651 say\u0131l\u0131 kanun \u00e7er\u00e7evesinde faaliyet g\u00f6stermekte olup yay\u0131nlanan i\u00e7eriklerden sorumlu de\u011fildir. Fakat i\u00e7eri\u011fin kanuna ayk\u0131r\u0131 veya telif hakk\u0131 i\u00e7erdi\u011fi ile ilgili yaz\u0131l\u0131 veya dijital bir tebli\u011f almas\u0131 halinde s\u00f6z konusu i\u00e7eri\u011fi kald\u0131rmakla m\u00fckelleftir.<\/li>\n<\/ul>\n","protected":false},"excerpt":{"rendered":"<p>Mustafa Kaplan ile 1. Lig&#8217;de 26. Haftan\u0131n De\u011ferlendirmesi \/ Ankarag\u00fcc\u00fc Band\u0131rma&#8217;ya patlad\u0131! 24 \u015eubat 2025 | Motto Futbol<\/p>\n","protected":false},"author":1,"featured_media":4687,"comment_status":"closed","ping_status":"closed","sticky":false,"template":"","format":"standard","meta":{"footnotes":""},"categories":[3,17,5,47,22,4],"tags":[342,341,343,51,1171,344,332,205,766,739,259,349,1515,734,547,48,1511,888,891,892,890,889,347,66,1543,1542,735,350,348,223,538,778],"class_list":["post-4685","post","type-post","status-publish","format-standard","has-post-thumbnail","hentry","category-kocaelispor","category-1-lig","category-lig","category-motto-futbol","category-sosyal-medya","category-turnuva","tag-adanaspor","tag-altay","tag-bandirmaspor","tag-boluspor","tag-ceren-ilayda-madak","tag-corum-fk","tag-emre-odul","tag-erzurumspor-fk","tag-esenler-erokspor","tag-f-karagumrukspor","tag-genclerbirligi","tag-giresunspor","tag-igdir-fk","tag-istanbulspor","tag-keciorengucuspor","tag-kocaelispor","tag-kocaelispor-dolu-dizgin","tag-kocaelispor-gelismeleri","tag-kocaelispor-haberleri","tag-kocaelispor-mac-ozetleri","tag-kocaelispor-maclari","tag-kocaelispor-transferleri","tag-manisa-fk","tag-motto-futbol","tag-mustafa-kaplan","tag-mustafa-kaplan-ile-1-ligde-26-haftanin-degerlendirmesi-ankaragucu-bandirmaya-patladi-24-subat-2025-motto-futbol","tag-pendikspor","tag-sakaryaspor","tag-sanlurfaspor","tag-tuzlaspor","tag-umraniyespor","tag-yenimalatyaspor"],"amp_enabled":true,"_links":{"self":[{"href":"https:\/\/www.kocaelispor.tv.tr\/index.php?rest_route=\/wp\/v2\/posts\/4685","targetHints":{"allow":["GET"]}}],"collection":[{"href":"https:\/\/www.kocaelispor.tv.tr\/index.php?rest_route=\/wp\/v2\/posts"}],"about":[{"href":"https:\/\/www.kocaelispor.tv.tr\/index.php?rest_route=\/wp\/v2\/types\/post"}],"author":[{"embeddable":true,"href":"https:\/\/www.kocaelispor.tv.tr\/index.php?rest_route=\/wp\/v2\/users\/1"}],"replies":[{"embeddable":true,"href":"https:\/\/www.kocaelispor.tv.tr\/index.php?rest_route=%2Fwp%2Fv2%2Fcomments&post=4685"}],"version-history":[{"count":0,"href":"https:\/\/www.kocaelispor.tv.tr\/index.php?rest_route=\/wp\/v2\/posts\/4685\/revisions"}],"wp:featuredmedia":[{"embeddable":true,"href":"https:\/\/www.kocaelispor.tv.tr\/index.php?rest_route=\/wp\/v2\/media\/4687"}],"wp:attachment":[{"href":"https:\/\/www.kocaelispor.tv.tr\/index.php?rest_route=%2Fwp%2Fv2%2Fmedia&parent=4685"}],"wp:term":[{"taxonomy":"category","embeddable":true,"href":"https:\/\/www.kocaelispor.tv.tr\/index.php?rest_route=%2Fwp%2Fv2%2Fcategories&post=4685"},{"taxonomy":"post_tag","embeddable":true,"href":"https:\/\/www.kocaelispor.tv.tr\/index.php?rest_route=%2Fwp%2Fv2%2Ftags&post=4685"}],"curies":[{"name":"wp","href":"https:\/\/api.w.org\/{rel}","templated":true}]}}