{"id":4521,"date":"2025-02-15T23:12:43","date_gmt":"2025-02-15T20:12:43","guid":{"rendered":"https:\/\/kocaelispor.tv.tr\/?p=4521"},"modified":"2025-02-15T23:12:45","modified_gmt":"2025-02-15T20:12:45","slug":"kocaelispor-sampiiiii-kocaelispor-2-0-corum-fk-antrenman-krizi-sanliurfaspor-yuruyus-yolu-24-15-subat-2025-la-golfo","status":"publish","type":"post","link":"https:\/\/www.kocaelispor.tv.tr\/?p=4521","title":{"rendered":"KOCAEL\u0130SPOR \u015eAMP\u0130\u0130\u0130\u0130\u0130 | Kocaelispor 2-0 \u00c7orum FK | Antrenman Krizi, \u015eanl\u0131urfaspor | Y\u00fcr\u00fcy\u00fc\u015f Yolu #24 15 \u015eubat 2025 | La Golfo"},"content":{"rendered":"\n<figure class=\"wp-block-embed is-type-video is-provider-youtube wp-block-embed-youtube wp-embed-aspect-4-3 wp-has-aspect-ratio\"><div class=\"wp-block-embed__wrapper\">\n<div class=\"lyte-wrapper\" style=\"width:640px;max-width:100%;margin:5px auto;\"><div class=\"lyMe hidef\" id=\"WYL_wNajzOQgV6g\"><div id=\"lyte_wNajzOQgV6g\" data-src=\"https:\/\/www.kocaelispor.tv.tr\/wp-content\/plugins\/wp-youtube-lyte\/lyteCache.php?origThumbUrl=%2F%2Fi.ytimg.com%2Fvi%2FwNajzOQgV6g%2Fhqdefault.jpg\" class=\"pL\"><div class=\"tC\"><div class=\"tT\"><\/div><\/div><div class=\"play\"><\/div><div class=\"ctrl\"><div class=\"Lctrl\"><\/div><div class=\"Rctrl\"><\/div><\/div><\/div><noscript><a href=\"https:\/\/youtu.be\/wNajzOQgV6g\" rel=\"nofollow noopener\" target=\"_blank\"><img loading=\"lazy\" decoding=\"async\" src=\"https:\/\/www.kocaelispor.tv.tr\/wp-content\/plugins\/wp-youtube-lyte\/lyteCache.php?origThumbUrl=https%3A%2F%2Fi.ytimg.com%2Fvi%2FwNajzOQgV6g%2F0.jpg\" alt=\"YouTube video thumbnail\" width=\"640\" height=\"340\" title=\"\"><\/a><\/noscript><\/div><\/div><div class=\"lL\" style=\"max-width:100%;width:640px;margin:5px auto;\"> <a href=\"https:\/\/youtu.be\/wNajzOQgV6g\" target=\"_blank\" rel=\"noopener\">Watch this video on YouTube<\/a>.<br\/><span class=\"lyte_disclaimer\">*** Sitemizde payla\u015f\u0131lan videolar\u0131n t\u00fcm sorumlulu\u011fu, video \u2018nun yay\u0131nc\u0131s\u0131na aittir. ***<\/span><\/div><template data-arve_cachetime=\"2025-03-12T16:34:18+03:00\" data-arve_iframe_src=\"https:\/\/www.youtube.com\/embed\/wNajzOQgV6g?feature=oembed\" data-arve_url=\"https:\/\/www.youtube.com\/live\/wNajzOQgV6g?si=zJco2z2b2I4enz8C\" data-author_name=\"La Golfo\" data-author_url=\"https:\/\/www.youtube.com\/@lagolfo\" data-height=\"360\" data-provider=\"youtube\" data-provider_name=\"YouTube\" data-provider_url=\"https:\/\/www.youtube.com\/\" data-thumbnail_height=\"360\" data-thumbnail_url=\"https:\/\/i.ytimg.com\/vi\/wNajzOQgV6g\/hqdefault.jpg\" data-thumbnail_width=\"480\" data-title=\"KOCAEL\u0130SPOR \u015eAMP\u0130\u0130\u0130\u0130\u0130 | Kocaelispor 2-0 \u00c7orum FK | Antrenman Krizi, \u015eanl\u0131urfaspor | Y\u00fcr\u00fcy\u00fc\u015f Yolu #24\" data-type=\"video\" data-version=\"1.0\" data-width=\"640\" class=\"arve-data\"><\/template>\n<\/div><\/figure>\n\n\n\n<!--more-->\n\n\n\n<p>Cem Sinan Verg\u00fcl ve Hamza Mutlu, Kocaelispor-\u00c7orum FK kar\u015f\u0131la\u015fmas\u0131n\u0131, Muhammet Can G\u00f6r\u00fcc\u00fc moderat\u00f6rl\u00fc\u011f\u00fcnde de\u011ferlendiriyor.<\/p>\n\n\n\n<p><strong>Kocaelispor 2-0 \u00c7orum FK: Antrenman Krizi ve \u015eanl\u0131urfaspor \u00dczerine Derin Analiz | Y\u00fcr\u00fcy\u00fc\u015f Yolu #24<\/strong><\/p>\n\n\n\n<p>Kocaelispor\u2019un en son lig m\u00fccadelesi olan <strong>\u00c7orum FK <\/strong>ma\u00e7\u0131n\u0131 de\u011ferlendiren \u00f6zel bir program, Kocaelispor taraftarlar\u0131n\u0131n ilgisini \u00e7ekiyor. <strong>Cem Sinan Verg\u00fcl <\/strong>ve <strong>Hamza Mutlu <\/strong>, Muhammet Can G\u00f6r\u00fcc\u00fc moderat\u00f6rl\u00fc\u011f\u00fcnde bu haftaki <strong>Y\u00fcr\u00fcy\u00fc\u015f Yolu #24 <\/strong>b\u00f6l\u00fcm\u00fcnde Kocaelispor\u2019un performans\u0131n\u0131, antrenman krizini ve \u00f6n\u00fcm\u00fczdeki \u015eanl\u0131urfaspor m\u00fccadelesini derinlemesine analiz ediyor.<\/p>\n\n\n\n<h3 class=\"wp-block-heading\"><strong>Ma\u00e7 \u00d6zeti: Kocaelispor 2-0 \u00c7orum FK<\/strong><\/h3>\n\n\n\n<p>Kocaelispor, \u00c7orum FK kar\u015f\u0131s\u0131nda g\u00f6sterdi\u011fi \u00fcst\u00fcn performansla 2-0\u2019l\u0131k net bir galibiyet elde etti. Erken dakikalarda O\u011fulcan \u00c7a\u011flayan\u2019\u0131n att\u0131\u011f\u0131 golle \u00f6ne ge\u00e7en tak\u0131m, ikinci yar\u0131da Josip Vukovic\u2019in kilit gol\u00fcyle ma\u00e7\u0131 emniyete ald\u0131. Bu zaferle birlikte Kocaelispor, S\u00fcper Lig\u2019e y\u00fckselmek i\u00e7in att\u0131\u011f\u0131 ad\u0131mlar\u0131 daha da g\u00fc\u00e7lendirdi.<\/p>\n\n\n\n<h3 class=\"wp-block-heading\"><strong>Antrenman Krizi Tart\u0131\u015fmas\u0131<\/strong><\/h3>\n\n\n\n<p>Program\u0131n odak noktas\u0131 ise Kocaelispor\u2019un son d\u00f6nemde ya\u015fanan <strong>antrenman krizi <\/strong>oldu. Cem Sinan Verg\u00fcl ve Hamza Mutlu, teknik ekip ile oyuncular aras\u0131ndaki uyum sorunlar\u0131n\u0131 ve bu durumun tak\u0131ma nas\u0131l yans\u0131d\u0131\u011f\u0131n\u0131 ele ald\u0131. \u00d6zellikle antrenman yo\u011funlu\u011funun artmas\u0131yla birlikte baz\u0131 oyuncularda g\u00f6r\u00fclen performans d\u00fc\u015f\u00fckl\u00fc\u011f\u00fc ve yorgunluk belirtileri \u00fczerinde duruldu.<\/p>\n\n\n\n<p>Moderat\u00f6r Muhammet Can G\u00f6r\u00fcc\u00fc ise, \u201cAntrenman krizi dedi\u011fimiz konu asl\u0131nda sadece fiziksel de\u011fil, ayn\u0131 zamanda psikolojik bir s\u00fcre\u00e7. Tak\u0131m\u0131n liderli\u011findeki oyuncular\u0131n bu s\u00fcre\u00e7te nas\u0131l bir rol \u00fcstlendi\u011fi de b\u00fcy\u00fck \u00f6nem ta\u015f\u0131yor,\u201d diyerek konuyu geni\u015fletti.<\/p>\n\n\n\n<h3 class=\"wp-block-heading\"><strong>\u015eanl\u0131urfaspor Ma\u00e7\u0131 \u0130\u00e7in Beklentiler<\/strong><\/h3>\n\n\n\n<p>Kocaelispor\u2019un \u00f6n\u00fcm\u00fczdeki hafta kar\u015f\u0131la\u015faca\u011f\u0131 <strong>\u015eanl\u0131urfaspor <\/strong>m\u00fccadelesi de program\u0131n \u00f6nemli bir k\u0131sm\u0131n\u0131 olu\u015fturdu. \u015eanl\u0131urfaspor\u2019un g\u00fc\u00e7l\u00fc savunma yap\u0131s\u0131 ve evinde oynad\u0131\u011f\u0131 ma\u00e7larda sergiledi\u011fi performans g\u00f6z \u00f6n\u00fcne al\u0131nd\u0131\u011f\u0131nda, Kocaelispor\u2019un bu ma\u00e7\u0131 kazanmak i\u00e7in farkl\u0131 bir strateji izlemesi gerekti\u011fi vurguland\u0131.<\/p>\n\n\n\n<p>Hamza Mutlu, \u201c\u015eanl\u0131urfaspor ma\u00e7\u0131, Kocaelispor i\u00e7in puan kaybetmemek ad\u0131na kritik bir m\u00fccadele olacak. \u00d6zellikle saha ko\u015fullar\u0131na uyum sa\u011flayabilen ve h\u0131zl\u0131 ge\u00e7i\u015flerle oyun kurabilen bir taktik izlenmesi gerekiyor,\u201d \u015feklinde konu\u015ftu.<\/p>\n\n\n\n<h3 class=\"wp-block-heading\"><strong>Y\u00fcr\u00fcy\u00fc\u015f Yolu #24: Taraftarlar \u0130\u00e7in Zengin \u0130\u00e7erik<\/strong><\/h3>\n\n\n\n<p>Bu haftaki <strong>Y\u00fcr\u00fcy\u00fc\u015f Yolu <\/strong>b\u00f6l\u00fcm\u00fc, yaln\u0131zca ma\u00e7 analiziyle s\u0131n\u0131rl\u0131 kalm\u0131yor. Program boyunca Kocaelispor\u2019un sezon i\u00e7inde ya\u015fad\u0131\u011f\u0131 zorluklar, taraftarlar\u0131n beklentileri ve gelecek hedefler de kapsaml\u0131 bir \u015fekilde ele al\u0131nd\u0131. Taraftarlar i\u00e7in haz\u0131rlanan bu \u00f6zel i\u00e7erik, tak\u0131m\u0131n ba\u015far\u0131 yolunda ataca\u011f\u0131 ad\u0131mlar\u0131 anlamak a\u00e7\u0131s\u0131ndan b\u00fcy\u00fck \u00f6nem ta\u015f\u0131yor.<\/p>\n\n\n\n<h1 class=\"wp-block-heading\">Kocaelispor #KOCAEL\u0130SPOR #\u0130smet Ta\u015fdemir #tff1 #Adanaspor #Altay #Band\u0131rmaspor #Boluspor #\u00e7orumfk #Erzurumspor FK #Gen\u00e7lerbirli\u011fi #Giresunspor #Ke\u00e7i\u00f6reng\u00fcc\u00fcspor #Manisa FK #Sakaryaspor #\u015eanlurfaspor #Tuzlaspor #\u00dcmraniyespor #Pendikspor #\u0130stanbulspor #F. Karag\u00fcmr\u00fckspor #Ankarag\u00fcc\u00fc #Amedspor #Esenler Erokspor #Yeni Malatyaspor #Kocaelispor haberleri #Kocaelispor transferleri #Kocaelispor ma\u00e7 \u00f6zetleri #Kocaelispor geli\u015fmeleri #Kocaelispor ma\u00e7lar\u0131 #spor #sporhaberleri #kocaeli #kocaelispor #trendyol1lig #Amat\u00f6rdenS\u00fcperLige #\u015eampiyonlukYolu #KocaelisporTV #Trendyol1Lig<\/h1>\n\n\n\n<ul class=\"wp-block-list\">\n<li>Web Sitemiz 5651 say\u0131l\u0131 kanun \u00e7er\u00e7evesinde faaliyet g\u00f6stermekte olup yay\u0131nlanan i\u00e7eriklerden sorumlu de\u011fildir. Fakat i\u00e7eri\u011fin kanuna ayk\u0131r\u0131 veya telif hakk\u0131 i\u00e7erdi\u011fi ile ilgili yaz\u0131l\u0131 veya dijital bir tebli\u011f almas\u0131 halinde s\u00f6z konusu i\u00e7eri\u011fi kald\u0131rmakla m\u00fckelleftir.<\/li>\n<\/ul>\n","protected":false},"excerpt":{"rendered":"<p>KOCAEL\u0130SPOR \u015eAMP\u0130\u0130\u0130\u0130\u0130 | Kocaelispor 2-0 \u00c7orum FK | Antrenman Krizi, \u015eanl\u0131urfaspor | Y\u00fcr\u00fcy\u00fc\u015f Yolu #24 15 \u015eubat 2025 | La Golfo<\/p>\n","protected":false},"author":1,"featured_media":4524,"comment_status":"closed","ping_status":"closed","sticky":false,"template":"","format":"standard","meta":{"footnotes":""},"categories":[3,17,32,5,22,4],"tags":[342,341,767,765,343,51,301,344,205,766,739,259,349,429,734,547,48,888,891,892,890,1494,889,57,347,461,735,350,1495,348,223,538,778],"class_list":["post-4521","post","type-post","status-publish","format-standard","has-post-thumbnail","hentry","category-kocaelispor","category-1-lig","category-la-golfo","category-lig","category-sosyal-medya","category-turnuva","tag-adanaspor","tag-altay","tag-amedspor","tag-ankaragucu","tag-bandirmaspor","tag-boluspor","tag-cem-sinan-vergul","tag-corum-fk","tag-erzurumspor-fk","tag-esenler-erokspor","tag-f-karagumrukspor","tag-genclerbirligi","tag-giresunspor","tag-hamza-mutlu","tag-istanbulspor","tag-keciorengucuspor","tag-kocaelispor","tag-kocaelispor-gelismeleri","tag-kocaelispor-haberleri","tag-kocaelispor-mac-ozetleri","tag-kocaelispor-maclari","tag-kocaelispor-sampiiiii-kocaelispor-2-0-corum-fk-antrenman-krizi","tag-kocaelispor-transferleri","tag-la-golfo","tag-manisa-fk","tag-muhammet-can-gorucu","tag-pendikspor","tag-sakaryaspor","tag-sanliurfaspor-yuruyus-yolu-24-15-subat-2025-la-golfo","tag-sanlurfaspor","tag-tuzlaspor","tag-umraniyespor","tag-yenimalatyaspor"],"amp_enabled":true,"_links":{"self":[{"href":"https:\/\/www.kocaelispor.tv.tr\/index.php?rest_route=\/wp\/v2\/posts\/4521","targetHints":{"allow":["GET"]}}],"collection":[{"href":"https:\/\/www.kocaelispor.tv.tr\/index.php?rest_route=\/wp\/v2\/posts"}],"about":[{"href":"https:\/\/www.kocaelispor.tv.tr\/index.php?rest_route=\/wp\/v2\/types\/post"}],"author":[{"embeddable":true,"href":"https:\/\/www.kocaelispor.tv.tr\/index.php?rest_route=\/wp\/v2\/users\/1"}],"replies":[{"embeddable":true,"href":"https:\/\/www.kocaelispor.tv.tr\/index.php?rest_route=%2Fwp%2Fv2%2Fcomments&post=4521"}],"version-history":[{"count":0,"href":"https:\/\/www.kocaelispor.tv.tr\/index.php?rest_route=\/wp\/v2\/posts\/4521\/revisions"}],"wp:featuredmedia":[{"embeddable":true,"href":"https:\/\/www.kocaelispor.tv.tr\/index.php?rest_route=\/wp\/v2\/media\/4524"}],"wp:attachment":[{"href":"https:\/\/www.kocaelispor.tv.tr\/index.php?rest_route=%2Fwp%2Fv2%2Fmedia&parent=4521"}],"wp:term":[{"taxonomy":"category","embeddable":true,"href":"https:\/\/www.kocaelispor.tv.tr\/index.php?rest_route=%2Fwp%2Fv2%2Fcategories&post=4521"},{"taxonomy":"post_tag","embeddable":true,"href":"https:\/\/www.kocaelispor.tv.tr\/index.php?rest_route=%2Fwp%2Fv2%2Ftags&post=4521"}],"curies":[{"name":"wp","href":"https:\/\/api.w.org\/{rel}","templated":true}]}}