{"id":4373,"date":"2025-02-09T15:42:14","date_gmt":"2025-02-09T12:42:14","guid":{"rendered":"https:\/\/kocaelispor.tv.tr\/?p=4373"},"modified":"2025-02-09T15:42:19","modified_gmt":"2025-02-09T12:42:19","slug":"kocaelispor-taraftarlarindan-meksika-dalgasi-sovu-8-subat-2025-kocaeli-gazetesi","status":"publish","type":"post","link":"https:\/\/www.kocaelispor.tv.tr\/?p=4373","title":{"rendered":"Kocaelispor taraftarlar\u0131ndan Meksika Dalgas\u0131 \u015fovu 8 \u015eubat 2025 | Kocaeli Gazetesi"},"content":{"rendered":"<figure class=\"wp-block-embed-youtube wp-block-embed is-type-video is-provider-youtube wp-embed-aspect-16-9 wp-has-aspect-ratio\"><div class=\"lyte-wrapper\" style=\"width:640px;max-width:100%;margin:5px auto;\"><div class=\"lyMe hidef\" id=\"WYL_WBWyQgMMxwo\"><div id=\"lyte_WBWyQgMMxwo\" data-src=\"https:\/\/www.kocaelispor.tv.tr\/wp-content\/plugins\/wp-youtube-lyte\/lyteCache.php?origThumbUrl=%2F%2Fi.ytimg.com%2Fvi%2FWBWyQgMMxwo%2Fhqdefault.jpg\" class=\"pL\"><div class=\"tC\"><div class=\"tT\"><\/div><\/div><div class=\"play\"><\/div><div class=\"ctrl\"><div class=\"Lctrl\"><\/div><div class=\"Rctrl\"><\/div><\/div><\/div><noscript><a href=\"https:\/\/youtu.be\/WBWyQgMMxwo\" rel=\"nofollow noopener\" target=\"_blank\"><img loading=\"lazy\" decoding=\"async\" src=\"https:\/\/www.kocaelispor.tv.tr\/wp-content\/plugins\/wp-youtube-lyte\/lyteCache.php?origThumbUrl=https%3A%2F%2Fi.ytimg.com%2Fvi%2FWBWyQgMMxwo%2F0.jpg\" alt=\"YouTube video thumbnail\" width=\"640\" height=\"340\" title=\"\"><\/a><\/noscript><\/div><\/div><div class=\"lL\" style=\"max-width:100%;width:640px;margin:5px auto;\"> <a href=\"https:\/\/youtu.be\/WBWyQgMMxwo\" target=\"_blank\" rel=\"noopener\">Watch this video on YouTube<\/a>.<br\/><span class=\"lyte_disclaimer\">*** Sitemizde payla\u015f\u0131lan videolar\u0131n t\u00fcm sorumlulu\u011fu, video \u2018nun yay\u0131nc\u0131s\u0131na aittir. ***<\/span><\/div><figcaption><\/figcaption><\/figure>\n\n\n<!--more-->\n\n\n\n<p>Trendyol 1.Lig 23. Hafta ma\u00e7\u0131nda Kocaelispor sahas\u0131nda Amedspor\u2019u 1-0 ma\u011flup ederken taraftarlar trib\u00fcnde galibiyeti Meksika Dalgas\u0131 ile kutlad\u0131 <a href=\"https:\/\/www.youtube.com\/hashtag\/kocaelispor\" target=\"_blank\" rel=\"noopener\">#kocaelispor<\/a><a href=\"https:\/\/www.youtube.com\/hashtag\/amedspor\" target=\"_blank\" rel=\"noopener\">#amedspor<\/a> Yay\u0131n Tarihi: 08-02-2025 23:20:00 Haber: https:\/\/kocaeligazetesi.com.tr\/video\/23689&#8230; Sosyal Medya Ba\u011flant\u0131lar\u0131m\u0131z: Facebook: https:\/\/www.facebook.com\/kocaeliningazetesi Google_Plus: https:\/\/plus.google.com\/+KocaeligazetesiTr41 Instagram: https:\/\/www.instagram.com\/kocaeligazetesi1&#8230; Linkedin: https:\/\/www.linkedin.com\/in\/kocaeli-gazete&#8230; Twitter: https:\/\/twitter.com\/Kocaeligzt YouTube: <a href=\"https:\/\/www.youtube.com\/channel\/UCg3pwF1S-f5AITSLXMc3sVQ\" target=\"_blank\" rel=\"noopener\">&nbsp;&nbsp;&nbsp;\/&nbsp;@kocaeligazetesi5236&nbsp;&nbsp;<\/a><\/p>\n\n\n\n<p><strong>Kocaelispor Taraftarlar\u0131, Amedspor Ma\u00e7\u0131n\u0131 1-0 Kazan\u0131nca Meksika Dalgas\u0131 ile Galibiyeti Kutlad\u0131!<\/strong><\/p>\n\n\n\n<p><strong>Trendyol 1. Lig\u2019in 23. hafta m\u00fccadelesi <\/strong>, Kocaelispor\u2019un ev sahibi olarak Amedspor\u2019u <strong>1-0 yendi\u011fi <\/strong>unutulmaz bir ma\u00e7la sona erdi. Bu zafer, yaln\u0131zca tak\u0131m i\u00e7in de\u011fil, taraftarlar i\u00e7in de b\u00fcy\u00fck bir co\u015fku kayna\u011f\u0131 oldu. \u0130\u015fte bu e\u015fsiz atmosferin t\u00fcm detaylar\u0131\u2026<\/p>\n\n\n\n<hr class=\"wp-block-separator has-alpha-channel-opacity\"\/>\n\n\n\n<h3 class=\"wp-block-heading\"><strong>Ma\u00e7 \u00d6zeti: Kocaelispor, 1-0 ile \u00dcst\u00fcnl\u00fc\u011f\u00fc Sa\u011flad\u0131!<\/strong><\/h3>\n\n\n\n<p>Kocaelispor, evinde oynad\u0131\u011f\u0131 bu kritik ma\u00e7ta rakibi Amedspor\u2019u 1-0 ma\u011flup ederek puan\u0131n\u0131 g\u00fcvenceye ald\u0131. Ma\u00e7 boyunca g\u00f6sterilen m\u00fccadeleci performans ve taktik disiplin, tak\u0131m\u0131m\u0131z\u0131n galibiyetini getiren en b\u00fcy\u00fck fakt\u00f6rler oldu.<\/p>\n\n\n\n<p>Bu zaferle birlikte, Kocaelispor lig s\u0131ralamas\u0131nda \u015fampiyonluk yolunda \u00f6nemli bir ad\u0131m daha att\u0131. Taraftarlar\u0131n deste\u011fi ise her zamankinden daha g\u00fc\u00e7l\u00fcyd\u00fc. \u00d6zellikle ma\u00e7 sonras\u0131 yap\u0131lan <strong>Meksika Dalgas\u0131 <\/strong>, trib\u00fcnleri sarsan e\u015fsiz bir \u015fov oldu.<\/p>\n\n\n\n<hr class=\"wp-block-separator has-alpha-channel-opacity\"\/>\n\n\n\n<h3 class=\"wp-block-heading\"><strong>Taraftar Co\u015fkusu: Meksika Dalgas\u0131 \u015eovu<\/strong><\/h3>\n\n\n\n<p>Kocaelispor taraftarlar\u0131, ma\u00e7 boyunca tak\u0131ma destek vermenin yan\u0131 s\u0131ra, galibiyet sonras\u0131 trib\u00fcnleri renkli bir kutlama havas\u0131na bo\u011fdu. <strong>Meksika Dalgas\u0131 <\/strong>, taraftarlar\u0131n birli\u011fi ve tak\u0131m sevgisinin en g\u00fczel \u00f6rneklerinden biri olarak dikkat \u00e7ekti.<\/p>\n\n\n\n<p>Bu e\u015fsiz \u015fov, hem oyuncular\u0131 motive etti hem de stad\u0131 inan\u0131lmaz bir atmosfere d\u00f6n\u00fc\u015ft\u00fcrd\u00fc. Trib\u00fcnlerdeki her bir KOTA \u00fcyesi, bu galibiyeti birlikte ya\u015faman\u0131n heyecan\u0131n\u0131 ya\u015fad\u0131.<\/p>\n\n\n\n<p>#tff1 Adanaspor #Altay #Band\u0131rmaspor #Boluspor #\u00e7orumfk #Erzurumspor FK #Gen\u00e7lerbirli\u011fi #Giresunspor #Ke\u00e7i\u00f6reng\u00fcc\u00fcspor #Kocaelispor #Manisa FK #Sakaryaspor #\u015eanlurfaspor #Tuzlaspor #\u00dcmraniyespor #Pendikspor #\u0130stanbulspor #F. Karag\u00fcmr\u00fckspor #Ankarag\u00fcc\u00fc #Amedspor #Esenler Erokspor #Yeni Malatyaspor #Kocaelispor haberleri #Kocaelispor transferleri #Kocaelispor ma\u00e7 \u00f6zetleri #Kocaelispor geli\u015fmeleri #Kocaelispor ma\u00e7lar\u0131 #spor #sporhaberleri #kocaeli #kocaelispor #trendyol1lig #Amat\u00f6rdenS\u00fcperLige<\/p>\n\n\n\n<ul class=\"wp-block-list\">\n<li>Web Sitemiz 5651 say\u0131l\u0131 kanun \u00e7er\u00e7evesinde faaliyet g\u00f6stermekte olup yay\u0131nlanan i\u00e7eriklerden sorumlu de\u011fildir. Fakat i\u00e7eri\u011fin kanuna ayk\u0131r\u0131 veya telif hakk\u0131 i\u00e7erdi\u011fi ile ilgili yaz\u0131l\u0131 veya dijital bir tebli\u011f almas\u0131 halinde s\u00f6z konusu i\u00e7eri\u011fi kald\u0131rmakla m\u00fckelleftir.<\/li>\n<\/ul>\n","protected":false},"excerpt":{"rendered":"<p>Kocaelispor taraftarlar\u0131ndan Meksika Dalgas\u0131 \u015fovu 8 \u015eubat 2025 | Kocaeli Gazetesi<\/p>\n","protected":false},"author":1,"featured_media":4376,"comment_status":"closed","ping_status":"closed","sticky":false,"template":"","format":"standard","meta":{"footnotes":""},"categories":[17,162,1208,3,5,14,704,4,15],"tags":[342,341,767,765,343,51,344,205,766,739,259,349,1455,734,547,1454,48,888,891,892,890,1452,889,347,735,350,348,1456,223,538,778],"class_list":["post-4373","post","type-post","status-publish","format-standard","has-post-thumbnail","hentry","category-1-lig","category-hodri-meydan","category-kocaeli-gazetesi","category-kocaelispor","category-lig","category-medya","category-taraftar","category-turnuva","category-yerel-medya","tag-adanaspor","tag-altay","tag-amedspor","tag-ankaragucu","tag-bandirmaspor","tag-boluspor","tag-corum-fk","tag-erzurumspor-fk","tag-esenler-erokspor","tag-f-karagumrukspor","tag-genclerbirligi","tag-giresunspor","tag-hosti-meydan","tag-istanbulspor","tag-keciorengucuspor","tag-kocaeli-gazetesi","tag-kocaelispor","tag-kocaelispor-gelismeleri","tag-kocaelispor-haberleri","tag-kocaelispor-mac-ozetleri","tag-kocaelispor-maclari","tag-kocaelispor-taraftarlarindan-meksika-dalgasi-sovu-8-subat-2025-kocaeli-gazetesi","tag-kocaelispor-transferleri","tag-manisa-fk","tag-pendikspor","tag-sakaryaspor","tag-sanlurfaspor","tag-tribun","tag-tuzlaspor","tag-umraniyespor","tag-yenimalatyaspor"],"amp_enabled":true,"_links":{"self":[{"href":"https:\/\/www.kocaelispor.tv.tr\/index.php?rest_route=\/wp\/v2\/posts\/4373","targetHints":{"allow":["GET"]}}],"collection":[{"href":"https:\/\/www.kocaelispor.tv.tr\/index.php?rest_route=\/wp\/v2\/posts"}],"about":[{"href":"https:\/\/www.kocaelispor.tv.tr\/index.php?rest_route=\/wp\/v2\/types\/post"}],"author":[{"embeddable":true,"href":"https:\/\/www.kocaelispor.tv.tr\/index.php?rest_route=\/wp\/v2\/users\/1"}],"replies":[{"embeddable":true,"href":"https:\/\/www.kocaelispor.tv.tr\/index.php?rest_route=%2Fwp%2Fv2%2Fcomments&post=4373"}],"version-history":[{"count":0,"href":"https:\/\/www.kocaelispor.tv.tr\/index.php?rest_route=\/wp\/v2\/posts\/4373\/revisions"}],"wp:featuredmedia":[{"embeddable":true,"href":"https:\/\/www.kocaelispor.tv.tr\/index.php?rest_route=\/wp\/v2\/media\/4376"}],"wp:attachment":[{"href":"https:\/\/www.kocaelispor.tv.tr\/index.php?rest_route=%2Fwp%2Fv2%2Fmedia&parent=4373"}],"wp:term":[{"taxonomy":"category","embeddable":true,"href":"https:\/\/www.kocaelispor.tv.tr\/index.php?rest_route=%2Fwp%2Fv2%2Fcategories&post=4373"},{"taxonomy":"post_tag","embeddable":true,"href":"https:\/\/www.kocaelispor.tv.tr\/index.php?rest_route=%2Fwp%2Fv2%2Ftags&post=4373"}],"curies":[{"name":"wp","href":"https:\/\/api.w.org\/{rel}","templated":true}]}}