{"id":4163,"date":"2025-02-02T00:38:04","date_gmt":"2025-02-01T21:38:04","guid":{"rendered":"https:\/\/kocaelispor.tv.tr\/?p=4163"},"modified":"2025-02-02T00:38:06","modified_gmt":"2025-02-01T21:38:06","slug":"erzurumspor-fk-kocaelispor-mac-sonu-degerlendirmesi-erzurumda-birer-gol-birer-puan-1-subat-2025-motto-futbol","status":"publish","type":"post","link":"https:\/\/www.kocaelispor.tv.tr\/?p=4163","title":{"rendered":"Erzurumspor FK &#8211; Kocaelispor Ma\u00e7 Sonu De\u011ferlendirmesi \/ Erzurum&#8217;da birer gol birer puan! 1 \u015eubat 2025 | Motto Futbol"},"content":{"rendered":"<figure class=\"wp-block-embed-youtube wp-block-embed is-type-video is-provider-youtube wp-embed-aspect-16-9 wp-has-aspect-ratio\"><div class=\"lyte-wrapper\" style=\"width:640px;max-width:100%;margin:5px auto;\"><div class=\"lyMe hidef\" id=\"WYL_JJYWwIkGRYI\"><div id=\"lyte_JJYWwIkGRYI\" data-src=\"https:\/\/www.kocaelispor.tv.tr\/wp-content\/plugins\/wp-youtube-lyte\/lyteCache.php?origThumbUrl=%2F%2Fi.ytimg.com%2Fvi%2FJJYWwIkGRYI%2Fhqdefault.jpg\" class=\"pL\"><div class=\"tC\"><div class=\"tT\"><\/div><\/div><div class=\"play\"><\/div><div class=\"ctrl\"><div class=\"Lctrl\"><\/div><div class=\"Rctrl\"><\/div><\/div><\/div><noscript><a href=\"https:\/\/youtu.be\/JJYWwIkGRYI\" rel=\"nofollow noopener\" target=\"_blank\"><img loading=\"lazy\" decoding=\"async\" src=\"https:\/\/www.kocaelispor.tv.tr\/wp-content\/plugins\/wp-youtube-lyte\/lyteCache.php?origThumbUrl=https%3A%2F%2Fi.ytimg.com%2Fvi%2FJJYWwIkGRYI%2F0.jpg\" alt=\"YouTube video thumbnail\" width=\"640\" height=\"340\" title=\"\"><\/a><\/noscript><\/div><\/div><div class=\"lL\" style=\"max-width:100%;width:640px;margin:5px auto;\"> <a href=\"https:\/\/youtu.be\/JJYWwIkGRYI\" target=\"_blank\" rel=\"noopener\">Watch this video on YouTube<\/a>.<br\/><span class=\"lyte_disclaimer\">*** Sitemizde payla\u015f\u0131lan videolar\u0131n t\u00fcm sorumlulu\u011fu, video \u2018nun yay\u0131nc\u0131s\u0131na aittir. ***<\/span><\/div><figcaption><\/figcaption><\/figure>\n\n\n<!--more-->\n\n\n\n<p>1. Lig&#8217;de bu hafta Erzurumspor FK ile Kocaelispor kozlar\u0131n\u0131 payla\u015ft\u0131, bu \u00f6nemli ma\u00e7\u0131 Sezer Keser ile de\u011ferlendirdik. <\/p>\n\n\n\n<p>Moderat\u00f6r: Can Ahmet Ayd\u0131n Videomuzu be\u011fenip, kanal\u0131m\u0131za abone olarak bize destek olabilirsiniz. <a href=\"https:\/\/www.youtube.com\/redirect?event=video_description&amp;redir_token=QUFFLUhqa3hweHBxWjNwOXJyV0VXZ0VCNUNvUF9oaVhCd3xBQ3Jtc0tsRkxEbkFXeVhubGFSYXZGWlBmWFZnNVBySFNMTEZfRThnM1FUeVBDZnNqWDh4UzNHNUpxSURZTXVKRTQxUUNMaWItd3dQVDl2aTBWY0xMMlRwX2IxWEpqV2NWeHZVdnFzRnlJSWJ2bGpZVlp3TGwxaw&amp;q=https%3A%2F%2Ftwitter.com%2Fmottofutbol&amp;v=JJYWwIkGRYI\" target=\"_blank\" rel=\"noreferrer noopener\">\u00a0\u00a0\/\u00a0mottofutbol\u00a0\u00a0<\/a><a href=\"https:\/\/www.youtube.com\/redirect?event=video_description&amp;redir_token=QUFFLUhqbW5ta0ZnMUh0Rmh6ZUhIQkNnRTRlWk5XZUxwQXxBQ3Jtc0ttMzVIZ2tpaVpNUF9ta0dqX0lCS1hycXpuUzRaVFkybHZ1Vk5ma2F2NGp5dlU2ckQwUGljMUVYOEs3NHVtN2lTUUNlamJnVHdHZzl4TVh5ODRRZ01CdUFDaU1xZDdIQ3N5Q1RJUXNzQVQ4WHEyOVg3cw&amp;q=https%3A%2F%2Finstagram.com%2Fmottofutbol&amp;v=JJYWwIkGRYI\" target=\"_blank\" rel=\"noreferrer noopener\">\u00a0\u00a0\/\u00a0mottofutbol\u00a0\u00a0<\/a><a href=\"https:\/\/www.youtube.com\/hashtag\/mottofutbol\" target=\"_blank\" rel=\"noopener\">#mottofutbol<\/a><a href=\"https:\/\/www.youtube.com\/hashtag\/erzurumspor\" target=\"_blank\" rel=\"noopener\">#erzurumspor<\/a><a href=\"https:\/\/www.youtube.com\/hashtag\/kocaelispor\" target=\"_blank\" rel=\"noopener\">#kocaelispor<\/a><\/p>\n\n\n\n<hr class=\"wp-block-separator has-alpha-channel-opacity\"\/>\n\n\n\n<h3 class=\"wp-block-heading\"><strong>Kocaelispor, Erzurum Deplasman\u0131ndan Kritik Bir Puanla Ayr\u0131ld\u0131<\/strong><\/h3>\n\n\n\n<p>Trendyol 1. Lig\u2019in 22. haftas\u0131nda Kocaelispor, Erzurumspor FK ile 1-1 berabere kald\u0131. Kaz\u0131m Karabekir Stadyumu\u2019nda oynanan kar\u015f\u0131la\u015fma, hem sportif m\u00fccadele hem de sosyal mesajlarla dikkat \u00e7ekti. Ancak ma\u00e7\u0131n ard\u0131ndan taraftarlar ve uzmanlar, tak\u0131mlar\u0131n performans\u0131n\u0131 ve teknik direkt\u00f6r stratejilerini masaya yat\u0131rd\u0131.<\/p>\n\n\n\n<hr class=\"wp-block-separator has-alpha-channel-opacity\"\/>\n\n\n\n<h3 class=\"wp-block-heading\"><strong>Ma\u00e7\u0131n Sosyal ve Sportif \u00d6ne \u00c7\u0131kanlar\u0131<\/strong><\/h3>\n\n\n\n<ul class=\"wp-block-list\">\n<li><strong>Anlaml\u0131 Pankart:<\/strong> Hakemler ve oyuncular, 6 \u015eubat depremlerinin y\u0131l d\u00f6n\u00fcm\u00fcne at\u0131fla <strong>&#8220;6 \u015eubat: Asr\u0131n felaketinden asr\u0131n birlikteli\u011fine&#8221;<\/strong> pankart\u0131yla sahaya \u00e7\u0131kt\u0131.<\/li>\n\n\n\n<li><strong>Filistin Deste\u011fi:<\/strong> Saha kenar\u0131ndaki reklam panolar\u0131nda <strong>&#8220;Soyk\u0131r\u0131ma Hay\u0131r! \u00d6zg\u00fcr Filistin&#8217;in yan\u0131nday\u0131z&#8221;<\/strong> mesaj\u0131 yer ald\u0131.<\/li>\n<\/ul>\n\n\n\n<hr class=\"wp-block-separator has-alpha-channel-opacity\"\/>\n\n\n\n<h3 class=\"wp-block-heading\"><strong>Ma\u00e7 Analizi: Neler Ya\u015fand\u0131?<\/strong><\/h3>\n\n\n\n<ul class=\"wp-block-list\">\n<li><strong>Goller:<\/strong> Kocaelispor\u2019da Appindangoye (16&#8242;), Erzurumspor FK\u2019da Mustafa Akba\u015f (60&#8242;) skoru belirledi.<\/li>\n\n\n\n<li><strong>Oyun Kalitesi:<\/strong> Ma\u00e7, taraftarlar ve uzmanlar taraf\u0131ndan <strong>&#8220;s\u0131k\u0131c\u0131&#8221;<\/strong> ve <strong>&#8220;teknik a\u00e7\u0131dan zay\u0131f&#8221;<\/strong> olarak ele\u015ftirildi. \u0130ki tak\u0131m\u0131n toplamda 355 isabetli pas yapmas\u0131 (Kocaelispor: 128, Erzurumspor: 227), oyunun temposunu yans\u0131tt\u0131.<\/li>\n\n\n\n<li><strong>Teknik Direkt\u00f6r Stratejileri:<\/strong> \u0130smet Hoca (Kocaelispor) ve Hakan Kutlu (Erzurumspor FK), <strong>&#8220;a\u015f\u0131r\u0131 savunmac\u0131&#8221;<\/strong> taktiklerle ele\u015ftirildi. Taraftarlar, \u00f6zellikle Kocaelispor\u2019un lider konumuna ra\u011fmen <strong>&#8220;risk almayan&#8221;<\/strong> oyun anlay\u0131\u015f\u0131n\u0131 sorgulad\u0131.<\/li>\n<\/ul>\n\n\n\n<hr class=\"wp-block-separator has-alpha-channel-opacity\"\/>\n\n\n\n<h4 class=\"wp-block-heading\"><strong>Uzman Yorumu: Sezer Keser\u2019den \u00c7arp\u0131c\u0131 Tespitler<\/strong><\/h4>\n\n\n\n<ul class=\"wp-block-list\">\n<li><strong>Kocaelispor \u0130\u00e7in Alarm Zilleri:<\/strong><br><em>&#8220;\u0130smet Hoca\u2019n\u0131n bu oyun tarz\u0131yla \u015fampiyon olsa bile taraftar\u0131 tatmin etmesi imkans\u0131z. Marko (Marco Paix\u00e3o) gibi bir forveti kenarda tutmak, lig lideri bir tak\u0131m i\u00e7in kabul edilemez.&#8221;<\/em><\/li>\n\n\n\n<li><strong>Erzurumspor\u2019un Play-Off Riski:<\/strong><br><em>&#8220;Hakan Hoca\u2019n\u0131n duran toplara ba\u011f\u0131ml\u0131l\u0131\u011f\u0131 s\u00fcrerse, Play-Off \u015fans\u0131 bile tehlikeye girebilir. Transfer yasa\u011f\u0131 kalkt\u0131, ancak h\u00fccum vizyonu h\u00e2l\u00e2 yok.&#8221;<\/em><\/li>\n<\/ul>\n\n\n\n<hr class=\"wp-block-separator has-alpha-channel-opacity\"\/>\n\n\n\n<h3 class=\"wp-block-heading\"><strong>Teknik Direkt\u00f6r A\u00e7\u0131klamalar\u0131 ve Ele\u015ftiriler<\/strong><\/h3>\n\n\n\n<ul class=\"wp-block-list\">\n<li><strong>Hakan Kutlu (Erzurumspor FK):<\/strong><br><em>&#8220;Ma\u00e7 tek tarafl\u0131yd\u0131. Gol\u00fcm\u00fcz d\u0131\u015f\u0131nda pozisyonumuz yoktu. Hakem y\u00f6netimi k\u00f6t\u00fcyd\u00fc.&#8221;<\/em><br><strong>Ele\u015ftiri:<\/strong> Uzmanlar, bu a\u00e7\u0131klamay\u0131 <strong>&#8220;ger\u00e7eklerle \u00f6rt\u00fc\u015fmeyen bir savunma&#8221;<\/strong> olarak de\u011ferlendirdi.<\/li>\n\n\n\n<li><strong>\u0130smet Hoca (Kocaelispor):<\/strong><br><em>&#8220;Sahada futbol oynamak zordu. Puan\u0131 ald\u0131k, fark\u0131 koruduk.&#8221;<\/em><br><strong>Ele\u015ftiri:<\/strong> <em>&#8220;Lider tak\u0131m\u0131n bu kadar pasif olmas\u0131 taraftar\u0131 hayal k\u0131r\u0131kl\u0131\u011f\u0131na u\u011fratt\u0131.&#8221;<\/em><\/li>\n<\/ul>\n\n\n\n<hr class=\"wp-block-separator has-alpha-channel-opacity\"\/>\n\n\n\n<h3 class=\"wp-block-heading\"><strong>Kadro ve Performans De\u011ferlendirmesi<\/strong><\/h3>\n\n\n\n<ul class=\"wp-block-list\">\n<li><strong>Kocaelispor\u2019un Y\u0131ld\u0131z\u0131: Appindangoye<\/strong><br>Savunmada etkiliydi ve gol\u00fcyle tak\u0131m\u0131na kritik bir avantaj sa\u011flad\u0131. Ancak orta sahadaki <strong>Pedrinho<\/strong> ve <strong>Yusuf Cihat \u00c7elik<\/strong>, beklenen yarat\u0131c\u0131l\u0131\u011f\u0131 sergileyemedi.<\/li>\n\n\n\n<li><strong>Erzurumspor FK\u2019da Dikkat \u00c7eken: Mustafa Akba\u015f<\/strong><br>Gol\u00fcn yan\u0131 s\u0131ra defansta liderlik yapt\u0131, ancak tak\u0131m\u0131n h\u00fccumda <strong>Orhan Ovac\u0131kl\u0131<\/strong> d\u0131\u015f\u0131nda etkili isim \u00e7\u0131kmad\u0131.<\/li>\n<\/ul>\n\n\n\n<hr class=\"wp-block-separator has-alpha-channel-opacity\"\/>\n\n\n\n<h3 class=\"wp-block-heading\">Kocaelispor taraftarlar\u0131, <strong>&#8220;Liderlik, bu oyunla hak edilmiyor&#8221;<\/strong> tepkisi verirken, Erzurumspor taraftarlar\u0131 ise <strong>&#8220;Duran toplar d\u0131\u015f\u0131nda umut yok&#8221;<\/strong> diyerek teknik ekibi ele\u015ftirdi. \u00d6n\u00fcm\u00fczdeki haftalarda iki tak\u0131m\u0131n da strateji de\u011fi\u015fikli\u011fine gitmesi bekleniyor.<\/h3>\n\n\n\n<p>\ud83d\udc49 <strong>Kocaelispor\u2019un t\u00fcm ma\u00e7 analizleri ve \u00f6zel r\u00f6portajlar i\u00e7in <a href=\"https:\/\/www.kocaelispor.tv.tr\">kocaelispor.tv.tr<\/a>\u2019yi ziyaret edin!<\/strong><\/p>\n\n\n\n<hr class=\"wp-block-separator has-alpha-channel-opacity\"\/>\n\n\n\n<p>#tff1 Adanaspor #Altay #Band\u0131rmaspor #Boluspor #\u00e7orumfk #Erzurumspor FK #Gen\u00e7lerbirli\u011fi #Giresunspor #Ke\u00e7i\u00f6reng\u00fcc\u00fcspor #Kocaelispor #Manisa FK #Sakaryaspor #\u015eanlurfaspor #Tuzlaspor #\u00dcmraniyespor #Pendikspor #\u0130stanbulspor #F. Karag\u00fcmr\u00fckspor #Ankarag\u00fcc\u00fc #Amedspor #Esenler Erokspor #Yeni Malatyaspor #Kocaelispor haberleri #Kocaelispor transferleri #Kocaelispor ma\u00e7 \u00f6zetleri #Kocaelispor geli\u015fmeleri #Kocaelispor ma\u00e7lar\u0131 #spor #sporhaberleri #kocaeli #kocaelispor #trendyol1lig #Amat\u00f6rdenS\u00fcperLige<\/p>\n\n\n\n<ul class=\"wp-block-list\">\n<li>Web Sitemiz 5651 say\u0131l\u0131 kanun \u00e7er\u00e7evesinde faaliyet g\u00f6stermekte olup yay\u0131nlanan i\u00e7eriklerden sorumlu de\u011fildir. Fakat i\u00e7eri\u011fin kanuna ayk\u0131r\u0131 veya telif hakk\u0131 i\u00e7erdi\u011fi ile ilgili yaz\u0131l\u0131 veya dijital bir tebli\u011f almas\u0131 halinde s\u00f6z konusu i\u00e7eri\u011fi kald\u0131rmakla m\u00fckelleftir.<\/li>\n<\/ul>\n\n\n\n<p><\/p>\n","protected":false},"excerpt":{"rendered":"<p>Erzurumspor FK &#8211; Kocaelispor Ma\u00e7 Sonu De\u011ferlendirmesi \/ Erzurum&#8217;da birer gol birer puan! 1 \u015eubat 2025 | Motto Futbol<\/p>\n","protected":false},"author":1,"featured_media":4164,"comment_status":"closed","ping_status":"closed","sticky":false,"template":"","format":"standard","meta":{"footnotes":""},"categories":[3,17,5,47,22,4],"tags":[342,341,767,765,1376,343,51,305,344,205,1382,766,739,259,349,192,1384,734,547,48,888,891,892,890,889,347,1385,66,735,1386,350,348,659,1383,223,538,778],"class_list":["post-4163","post","type-post","status-publish","format-standard","has-post-thumbnail","hentry","category-kocaelispor","category-1-lig","category-lig","category-motto-futbol","category-sosyal-medya","category-turnuva","tag-adanaspor","tag-altay","tag-amedspor","tag-ankaragucu","tag-appindangoye-gol","tag-bandirmaspor","tag-boluspor","tag-can-ahmet-aydin","tag-corum-fk","tag-erzurumspor-fk","tag-erzurumspor-fk-kocaelispor-mac-sonu-degerlendirmesi-erzurumda-birer-gol-birer-puan-1-subat-2025-motto-futbol","tag-esenler-erokspor","tag-f-karagumrukspor","tag-genclerbirligi","tag-giresunspor","tag-hakan-kutlu","tag-ismet-hoca-elestirileri","tag-istanbulspor","tag-keciorengucuspor","tag-kocaelispor","tag-kocaelispor-gelismeleri","tag-kocaelispor-haberleri","tag-kocaelispor-mac-ozetleri","tag-kocaelispor-maclari","tag-kocaelispor-transferleri","tag-manisa-fk","tag-marco-paixao","tag-motto-futbol","tag-pendikspor","tag-play-off-yarisi","tag-sakaryaspor","tag-sanlurfaspor","tag-sezer-keser","tag-trendyol-1-lig-mac-analizi","tag-tuzlaspor","tag-umraniyespor","tag-yenimalatyaspor"],"amp_enabled":true,"_links":{"self":[{"href":"https:\/\/www.kocaelispor.tv.tr\/index.php?rest_route=\/wp\/v2\/posts\/4163","targetHints":{"allow":["GET"]}}],"collection":[{"href":"https:\/\/www.kocaelispor.tv.tr\/index.php?rest_route=\/wp\/v2\/posts"}],"about":[{"href":"https:\/\/www.kocaelispor.tv.tr\/index.php?rest_route=\/wp\/v2\/types\/post"}],"author":[{"embeddable":true,"href":"https:\/\/www.kocaelispor.tv.tr\/index.php?rest_route=\/wp\/v2\/users\/1"}],"replies":[{"embeddable":true,"href":"https:\/\/www.kocaelispor.tv.tr\/index.php?rest_route=%2Fwp%2Fv2%2Fcomments&post=4163"}],"version-history":[{"count":0,"href":"https:\/\/www.kocaelispor.tv.tr\/index.php?rest_route=\/wp\/v2\/posts\/4163\/revisions"}],"wp:featuredmedia":[{"embeddable":true,"href":"https:\/\/www.kocaelispor.tv.tr\/index.php?rest_route=\/wp\/v2\/media\/4164"}],"wp:attachment":[{"href":"https:\/\/www.kocaelispor.tv.tr\/index.php?rest_route=%2Fwp%2Fv2%2Fmedia&parent=4163"}],"wp:term":[{"taxonomy":"category","embeddable":true,"href":"https:\/\/www.kocaelispor.tv.tr\/index.php?rest_route=%2Fwp%2Fv2%2Fcategories&post=4163"},{"taxonomy":"post_tag","embeddable":true,"href":"https:\/\/www.kocaelispor.tv.tr\/index.php?rest_route=%2Fwp%2Fv2%2Ftags&post=4163"}],"curies":[{"name":"wp","href":"https:\/\/api.w.org\/{rel}","templated":true}]}}