{"id":3603,"date":"2025-01-02T23:06:41","date_gmt":"2025-01-02T20:06:41","guid":{"rendered":"https:\/\/kocaelispor.tv.tr\/?p=3603"},"modified":"2025-01-02T23:06:43","modified_gmt":"2025-01-02T20:06:43","slug":"kocaelisporun-gundemi-konusuldu-konumuz-sponsorluk-anlasmasi-ve-ziraat-turkiye-kupasi-2-ocan-2025-ozgur-kocaeli","status":"publish","type":"post","link":"https:\/\/www.kocaelispor.tv.tr\/?p=3603","title":{"rendered":"Kocaelispor&#8217;un g\u00fcndemi konu\u015fuldu &#8211; Konumuz sponsorluk anla\u015fmas\u0131 ve Ziraat T\u00fcrkiye Kupas\u0131 2 Ocan 2025 | \u00d6zg\u00fcr Kocaeli"},"content":{"rendered":"<figure class=\"wp-block-embed-youtube wp-block-embed is-type-video is-provider-youtube wp-embed-aspect-16-9 wp-has-aspect-ratio\"><div class=\"lyte-wrapper\" style=\"width:640px;max-width:100%;margin:5px auto;\"><div class=\"lyMe hidef\" id=\"WYL_pS70OOgM2uY\"><div id=\"lyte_pS70OOgM2uY\" data-src=\"https:\/\/www.kocaelispor.tv.tr\/wp-content\/plugins\/wp-youtube-lyte\/lyteCache.php?origThumbUrl=%2F%2Fi.ytimg.com%2Fvi%2FpS70OOgM2uY%2Fhqdefault.jpg\" class=\"pL\"><div class=\"tC\"><div class=\"tT\"><\/div><\/div><div class=\"play\"><\/div><div class=\"ctrl\"><div class=\"Lctrl\"><\/div><div class=\"Rctrl\"><\/div><\/div><\/div><noscript><a href=\"https:\/\/youtu.be\/pS70OOgM2uY\" rel=\"nofollow noopener\" target=\"_blank\"><img loading=\"lazy\" decoding=\"async\" src=\"https:\/\/www.kocaelispor.tv.tr\/wp-content\/plugins\/wp-youtube-lyte\/lyteCache.php?origThumbUrl=https%3A%2F%2Fi.ytimg.com%2Fvi%2FpS70OOgM2uY%2F0.jpg\" alt=\"YouTube video thumbnail\" width=\"640\" height=\"340\" title=\"\"><\/a><\/noscript><\/div><\/div><div class=\"lL\" style=\"max-width:100%;width:640px;margin:5px auto;\"> <a href=\"https:\/\/youtu.be\/pS70OOgM2uY\" target=\"_blank\" rel=\"noopener\">Watch this video on YouTube<\/a>.<br\/><span class=\"lyte_disclaimer\">*** Sitemizde payla\u015f\u0131lan videolar\u0131n t\u00fcm sorumlulu\u011fu, video \u2018nun yay\u0131nc\u0131s\u0131na aittir. ***<\/span><\/div><figcaption><\/figcaption><\/figure>\n\n\n<!--more-->\n\n\n\n<p><a href=\"https:\/\/www.youtube.com\/hashtag\/t%C3%BCrkiye\" target=\"_blank\" rel=\"noopener\">#t\u00fcrkiye<\/a> <a href=\"https:\/\/www.youtube.com\/hashtag\/spor\" target=\"_blank\" rel=\"noopener\">#spor<\/a> <a href=\"https:\/\/www.youtube.com\/hashtag\/futbol\" target=\"_blank\" rel=\"noopener\">#futbol<\/a> <a href=\"https:\/\/www.youtube.com\/hashtag\/kocaelispor\" target=\"_blank\" rel=\"noopener\">#kocaelispor<\/a> <a href=\"https:\/\/www.youtube.com\/hashtag\/kocaeli\" target=\"_blank\" rel=\"noopener\">#kocaeli<\/a> <a href=\"https:\/\/www.youtube.com\/hashtag\/haberler\" target=\"_blank\" rel=\"noopener\">#haberler<\/a> <a href=\"https:\/\/www.youtube.com\/hashtag\/sporhaberleri\" target=\"_blank\" rel=\"noopener\">#sporhaberleri<\/a> Kanal\u0131m\u0131z\u0131n yeni format\u0131 olan &#8216;\u00d6zg\u00fcr Spor&#8217; ilk b\u00f6l\u00fcm\u00fcyle spora dair her \u015feyi \u00f6zg\u00fcrce konu\u015fmak i\u00e7in yay\u0131nda. \u0130yi seyirler. \u0130nternet Haber Sayfam\u0131z: ozgurkocaeli.com.tr Facebook: facebook.com\/ozgurkocaeligazetesi X: twitter.com\/ozgurkocaeli Instagram: instagram.com\/ozgurkocaeli<\/p>\n\n\n\n<h3 class=\"wp-block-heading\">&#8220;\u00d6zg\u00fcrSpor&#8221; Yeni Format\u0131yla Kocaelispor ve Kocaeli Sporu Tart\u0131\u015f\u0131yor!<\/h3>\n\n\n\n<p><strong>Kocaelispor taraftarlar\u0131n\u0131n ve spor severlerin bulu\u015fma noktas\u0131 olan kocaelispor.tv.tr&#8217;nin yeni program\u0131 \u00d6zg\u00fcrSpor, spora dair t\u00fcm geli\u015fmeleri \u00f6zg\u00fcrce tart\u0131\u015fmak i\u00e7in yay\u0131nda!<\/strong><\/p>\n\n\n\n<p>Merhaba Kocaelispor tutkunlar\u0131 ve sporseverler! \u00d6zg\u00fcr Kocaeli Web TV&#8217;nin yeni konsepti <strong>\u00d6zg\u00fcrSpor<\/strong>, Kocaelispor&#8217;un ba\u015far\u0131lar\u0131n\u0131, spor d\u00fcnyas\u0131n\u0131n Kocaeli&#8217;ndeki yans\u0131malar\u0131n\u0131 ve g\u00fcndemdeki \u00f6nemli konular\u0131 masaya yat\u0131rmak i\u00e7in kar\u015f\u0131n\u0131zda. Program\u0131m\u0131z\u0131n ilk b\u00f6l\u00fcm\u00fcnde, spor m\u00fcd\u00fcr\u00fcm\u00fcz Say\u0131n Hayrettin Albayrak ile hem Kocaelispor&#8217;un son geli\u015fmelerini hem de kent sporunun dinamiklerini de\u011ferlendirdik.<\/p>\n\n\n\n<h3 class=\"wp-block-heading\"><strong>\u00d6zg\u00fcrSpor\u2019un \u0130lham Kayna\u011f\u0131: Ge\u00e7mi\u015ften Gelen G\u00fc\u00e7l\u00fc Bir Gelenek<\/strong><\/h3>\n\n\n\n<p>Hayrettin Albayrak\u2019\u0131n aktard\u0131\u011f\u0131 gibi, program ismi 1994-2014 y\u0131llar\u0131 aras\u0131nda Kocaeli Gazetesi\u2019nin ba\u015far\u0131l\u0131 spor eki olan \u00d6zg\u00fcrSpor\u2019dan ilham ald\u0131. 20 y\u0131l boyunca Kocaeli sporunun nabz\u0131n\u0131 tutan bu yay\u0131n, \u015fimdi dijital platformda yeniden hayat buluyor. Kocaelispor\u2019un ge\u00e7mi\u015ften bug\u00fcne olan yolculu\u011funu bu k\u00f6kl\u00fc gelenekten g\u00fc\u00e7 alarak \u00f6zg\u00fcrce tart\u0131\u015faca\u011f\u0131z.<\/p>\n\n\n\n<h3 class=\"wp-block-heading\"><strong>Kocaelispor ve Y\u0131ld\u0131z Entegre Sponsorluk Anla\u015fmas\u0131<\/strong><\/h3>\n\n\n\n<p>Program\u0131n ilk b\u00f6l\u00fcm\u00fcnde, Kocaelispor\u2019un kritik sponsorluk anla\u015fmalar\u0131 g\u00fcndemdeydi. Ge\u00e7ti\u011fimiz hafta kul\u00fcp, Y\u0131ld\u0131z Entegre ile olan sponsorluk anla\u015fmas\u0131n\u0131 yeniden aktive ettiklerini duyurdu. Ancak anla\u015fman\u0131n feshedildi\u011fine dair \u00e7\u0131kan haberler taraftarlar aras\u0131nda \u015fa\u015fk\u0131nl\u0131k yaratm\u0131\u015ft\u0131.<\/p>\n\n\n\n<p><strong>Sponsorluk Feshi \u0130ddialar\u0131 ve Ger\u00e7ekler:<\/strong><\/p>\n\n\n\n<ul class=\"wp-block-list\">\n<li>Y\u0131ld\u0131z Entegre&#8217;nin deste\u011fini \u00e7ekece\u011fi iddias\u0131, Ertu\u011frul Sa\u011flam\u2019\u0131n kul\u00fcpten ayr\u0131lmas\u0131yla ili\u015fkilendirilmi\u015fti.<\/li>\n\n\n\n<li>Ancak Hayrettin Albayrak, b\u00f6ylesine b\u00fcy\u00fck bir firman\u0131n, yaln\u0131zca bir teknik direkt\u00f6r de\u011fi\u015fikli\u011fi nedeniyle deste\u011fini kesmeyece\u011fini belirtti.<\/li>\n<\/ul>\n\n\n\n<p>Anla\u015fman\u0131n yeniden y\u00fcr\u00fcrl\u00fc\u011fe girmesi, hem y\u00f6netim hem de taraftarlar i\u00e7in olumlu bir geli\u015fme olarak de\u011ferlendiriliyor. Bu durum, Kocaelispor\u2019un uzun vadeli ba\u015far\u0131 hedeflerini destekleyecek \u00f6nemli bir ad\u0131m olarak \u00f6ne \u00e7\u0131k\u0131yor.<\/p>\n\n\n\n<h3 class=\"wp-block-heading\"><strong>Yeni Y\u0131lda Yeni Umutlar<\/strong><\/h3>\n\n\n\n<p>Program\u0131n ilk yay\u0131n\u0131nda Hayrettin Albayrak, yeni y\u0131l i\u00e7in dileklerini \u015fu s\u00f6zlerle dile getirdi:<\/p>\n\n\n\n<blockquote class=\"wp-block-quote is-layout-flow wp-block-quote-is-layout-flow\">\n<p>&#8220;\u00d6ncelikle d\u00fcnya i\u00e7in bar\u0131\u015f, \u00fclkemiz i\u00e7in huzur ve b\u00fct\u00fcn insanlar i\u00e7in sa\u011fl\u0131k ve mutluluk diliyorum. 2024 y\u0131l\u0131n\u0131n Kocaelispor i\u00e7in ba\u015far\u0131larla dolu bir y\u0131l olmas\u0131n\u0131 temenni ediyorum.&#8221;<\/p>\n<\/blockquote>\n\n\n\n<h3 class=\"wp-block-heading\"><strong>Kocaelispor G\u00fcndemi ve Taraftar Deste\u011fi<\/strong><\/h3>\n\n\n\n<p>Kocaelispor&#8217;un gelece\u011fi, yaln\u0131zca sahadaki ba\u015far\u0131larla de\u011fil, taraftarlar\u0131n\u0131n g\u00fc\u00e7l\u00fc deste\u011fiyle de \u015fekillenecek. Bu programda da Kocaelispor taraftarlar\u0131n\u0131n g\u00f6r\u00fc\u015fleri, deste\u011fi ve katk\u0131lar\u0131yla daha da b\u00fcy\u00fcmeyi hedefliyoruz. <strong>Siz de Kocaelispor ve Kocaeli sporuna dair yorumlar\u0131n\u0131z\u0131 bizimle payla\u015fabilir, program\u0131m\u0131za destek olabilirsiniz.<\/strong><\/p>\n\n\n\n<hr class=\"wp-block-separator has-alpha-channel-opacity\"\/>\n\n\n\n<h4 class=\"wp-block-heading\"><strong>Bu Program\u0131 Ka\u00e7\u0131rmay\u0131n!<\/strong><\/h4>\n\n\n\n<ul class=\"wp-block-list\">\n<li>Yeni b\u00f6l\u00fcmler ve analizler i\u00e7in kocaelispor.tv.tr&#8217;yi takip edin.<\/li>\n\n\n\n<li>Program\u0131m\u0131za dair g\u00f6r\u00fc\u015flerinizi payla\u015fmay\u0131 ve sosyal medyada destek olmay\u0131 unutmay\u0131n.<\/li>\n\n\n\n<li>\u00d6zg\u00fcrSpor\u2019a ait i\u00e7erikleri sosyal medya hesaplar\u0131m\u0131zda bulabilir ve takip edebilirsiniz.<\/li>\n<\/ul>\n\n\n\n<p><strong>Kocaelispor\u2019la kal\u0131n, sporu bizimle \u00f6zg\u00fcrce tart\u0131\u015f\u0131n!<\/strong><\/p>\n\n\n\n<hr class=\"wp-block-separator has-alpha-channel-opacity\"\/>\n\n\n\n<p>#tff1 Adanaspor #Altay #Band\u0131rmaspor #Boluspor #\u00e7orumfk #Erzurumspor FK #Gen\u00e7lerbirli\u011fi #Giresunspor #Ke\u00e7i\u00f6reng\u00fcc\u00fcspor #Kocaelispor #Manisa FK #Sakaryaspor #\u015eanlurfaspor #Tuzlaspor #\u00dcmraniyespor #Pendikspor #\u0130stanbulspor #F. Karag\u00fcmr\u00fckspor #Ankarag\u00fcc\u00fc #Amedspor #Esenler Erokspor #Yeni Malatyaspor #Kocaelispor haberleri #Kocaelispor transferleri #Kocaelispor ma\u00e7 \u00f6zetleri #Kocaelispor geli\u015fmeleri #Kocaelispor ma\u00e7lar\u0131<\/p>\n\n\n\n<ul class=\"wp-block-list\">\n<li>Web Sitemiz 5651 say\u0131l\u0131 kanun \u00e7er\u00e7evesinde faaliyet g\u00f6stermekte olup yay\u0131nlanan i\u00e7eriklerden sorumlu de\u011fildir. Fakat i\u00e7eri\u011fin kanuna ayk\u0131r\u0131 veya telif hakk\u0131 i\u00e7erdi\u011fi ile ilgili yaz\u0131l\u0131 veya dijital bir tebli\u011f almas\u0131 halinde s\u00f6z konusu i\u00e7eri\u011fi kald\u0131rmakla m\u00fckelleftir.<\/li>\n<\/ul>\n","protected":false},"excerpt":{"rendered":"","protected":false},"author":1,"featured_media":3604,"comment_status":"closed","ping_status":"closed","sticky":false,"template":"","format":"standard","meta":{"footnotes":""},"categories":[3,17,5,14,96,4,15],"tags":[55,612,48,888,64],"class_list":["post-3603","post","type-post","status-publish","format-standard","has-post-thumbnail","hentry","category-kocaelispor","category-1-lig","category-lig","category-medya","category-ozgur-kocaeli","category-turnuva","category-yerel-medya","tag-ertugrul-saglam","tag-ismet-tasdemir","tag-kocaelispor","tag-kocaelispor-gelismeleri","tag-ozgur-kocaeli"],"amp_enabled":true,"_links":{"self":[{"href":"https:\/\/www.kocaelispor.tv.tr\/index.php?rest_route=\/wp\/v2\/posts\/3603","targetHints":{"allow":["GET"]}}],"collection":[{"href":"https:\/\/www.kocaelispor.tv.tr\/index.php?rest_route=\/wp\/v2\/posts"}],"about":[{"href":"https:\/\/www.kocaelispor.tv.tr\/index.php?rest_route=\/wp\/v2\/types\/post"}],"author":[{"embeddable":true,"href":"https:\/\/www.kocaelispor.tv.tr\/index.php?rest_route=\/wp\/v2\/users\/1"}],"replies":[{"embeddable":true,"href":"https:\/\/www.kocaelispor.tv.tr\/index.php?rest_route=%2Fwp%2Fv2%2Fcomments&post=3603"}],"version-history":[{"count":0,"href":"https:\/\/www.kocaelispor.tv.tr\/index.php?rest_route=\/wp\/v2\/posts\/3603\/revisions"}],"wp:featuredmedia":[{"embeddable":true,"href":"https:\/\/www.kocaelispor.tv.tr\/index.php?rest_route=\/wp\/v2\/media\/3604"}],"wp:attachment":[{"href":"https:\/\/www.kocaelispor.tv.tr\/index.php?rest_route=%2Fwp%2Fv2%2Fmedia&parent=3603"}],"wp:term":[{"taxonomy":"category","embeddable":true,"href":"https:\/\/www.kocaelispor.tv.tr\/index.php?rest_route=%2Fwp%2Fv2%2Fcategories&post=3603"},{"taxonomy":"post_tag","embeddable":true,"href":"https:\/\/www.kocaelispor.tv.tr\/index.php?rest_route=%2Fwp%2Fv2%2Ftags&post=3603"}],"curies":[{"name":"wp","href":"https:\/\/api.w.org\/{rel}","templated":true}]}}