{"id":3304,"date":"2024-11-30T21:49:30","date_gmt":"2024-11-30T18:49:30","guid":{"rendered":"https:\/\/kocaelispor.tv.tr\/?p=3304"},"modified":"2024-11-30T21:49:37","modified_gmt":"2024-11-30T18:49:37","slug":"ertugrul-saglam-taraftarimiza-super-lig-takimlarini-30-kasim-2024-ajansspor","status":"publish","type":"post","link":"https:\/\/www.kocaelispor.tv.tr\/?p=3304","title":{"rendered":"Ertu\u011frul Sa\u011flam: Taraftar\u0131m\u0131za S\u00fcper Lig tak\u0131mlar\u0131n\u0131&#8230; 30 Kas\u0131m 2024 | Ajansspor"},"content":{"rendered":"<figure class=\"wp-block-embed-youtube wp-block-embed is-type-video is-provider-youtube wp-embed-aspect-16-9 wp-has-aspect-ratio\"><div class=\"lyte-wrapper\" style=\"width:640px;max-width:100%;margin:5px auto;\"><div class=\"lyMe hidef\" id=\"WYL_smtMzwBOob0\"><div id=\"lyte_smtMzwBOob0\" data-src=\"https:\/\/www.kocaelispor.tv.tr\/wp-content\/plugins\/wp-youtube-lyte\/lyteCache.php?origThumbUrl=%2F%2Fi.ytimg.com%2Fvi%2FsmtMzwBOob0%2Fhqdefault.jpg\" class=\"pL\"><div class=\"tC\"><div class=\"tT\"><\/div><\/div><div class=\"play\"><\/div><div class=\"ctrl\"><div class=\"Lctrl\"><\/div><div class=\"Rctrl\"><\/div><\/div><\/div><noscript><a href=\"https:\/\/youtu.be\/smtMzwBOob0\" rel=\"nofollow noopener\" target=\"_blank\"><img loading=\"lazy\" decoding=\"async\" src=\"https:\/\/www.kocaelispor.tv.tr\/wp-content\/plugins\/wp-youtube-lyte\/lyteCache.php?origThumbUrl=https%3A%2F%2Fi.ytimg.com%2Fvi%2FsmtMzwBOob0%2F0.jpg\" alt=\"YouTube video thumbnail\" width=\"640\" height=\"340\" title=\"\"><\/a><\/noscript><\/div><\/div><div class=\"lL\" style=\"max-width:100%;width:640px;margin:5px auto;\"> <a href=\"https:\/\/youtu.be\/smtMzwBOob0\" target=\"_blank\" rel=\"noopener\">Watch this video on YouTube<\/a>.<br\/><span class=\"lyte_disclaimer\">*** Sitemizde payla\u015f\u0131lan videolar\u0131n t\u00fcm sorumlulu\u011fu, video \u2018nun yay\u0131nc\u0131s\u0131na aittir. ***<\/span><\/div><figcaption><\/figcaption><\/figure>\n\n\n<!--more-->\n\n\n\n<p>Kocaelispor Teknik Direkt\u00f6r\u00fc Ertu\u011frul Sa\u011flam, Adanaspor ma\u00e7\u0131n\u0131n ard\u0131ndan yapt\u0131\u011f\u0131 a\u00e7\u0131klamada, \u201cMa\u00e7\u0131 3 puanla ge\u00e7ip hedefimize sa\u011flam ad\u0131mlarla ilerlemenin keyfini ya\u015f\u0131yoruz. Kupada da S\u00fcper Lig tak\u0131mlar\u0131yla S\u00fcper Lig provas\u0131 yapmak istiyoruz\u201d dedi. Trendyol 1. Lig&#8217;in 14. haftas\u0131nda Kocaelispor, sahas\u0131nda kar\u015f\u0131la\u015ft\u0131\u011f\u0131 Adanaspor&#8217;u 2-0 ma\u011flup etti. Ma\u00e7\u0131n ard\u0131ndan Kocaelispor&#8217;un teknik direkt\u00f6r\u00fc Ertu\u011frul Sa\u011flam bas\u0131n toplant\u0131s\u0131nda kar\u015f\u0131la\u015fmay\u0131 de\u011ferlendirdi. Sa\u011flam, \u201cSamimi bir \u015fekilde ifade etmem gerekiyor; kar\u015f\u0131m\u0131zdaki tak\u0131m gen\u00e7, dinamik, \u00f6zellikle kontratak oyununu \u00e7ok iyi oynayabilen, oynad\u0131\u011f\u0131 oyunun kar\u015f\u0131l\u0131\u011f\u0131n\u0131 alamay\u0131p puan cetvelinde \u00e7ok altlarda olan tak\u0131m. Yapt\u0131\u011f\u0131m\u0131z analizlerde \u015funu g\u00f6rd\u00fck; oynad\u0131\u011f\u0131 14 ma\u00e7\u0131n kazanamad\u0131\u011f\u0131 5-6&#8217;s\u0131n\u0131 \u00e7ok rahat kazanabilece\u011fi pozisyonlar \u00fcretmi\u015f ama maalesef kaybetmi\u015f bir tak\u0131m. Ligdeki konumuyla Adanaspor&#8217;u de\u011ferlendirmek yanl\u0131\u015f olur. Bug\u00fcn \u00e7\u0131kard\u0131\u011f\u0131 kadro da kontratak oyununa daha uygun kadroydu. \u0130yi kapand\u0131lar. Kapan\u0131rken oyunu da iyi so\u011futtular. Her ma\u00e7ta oldu\u011fu gibi. Biz daha fazla \u00fcretmeliydik. Markao- O\u011fulcan \u00f6n ikilisine oyunu kenarlara al\u0131p daha fazla top getirmeliydik. Ama hafta boyunca \u00e7al\u0131\u015ft\u0131\u011f\u0131m\u0131z duran top organizasyonlar\u0131ndan gol\u00fc bulduk. 2.yar\u0131 daha kolay ge\u00e7ece\u011finiz devre aras\u0131nda oyuncular\u0131ma s\u00f6yledim. \u0130kinci gol\u00fc daha erken bulabilirdik. Gol\u00fc bulduktan sonra \u00e7ok daha net pozisyonlar\u0131m\u0131z oldu. Rakibi \u00e7ok eksik yakalad\u0131k, h\u0131zl\u0131 h\u00fccumlarla daha net pozisyon \u00fcretip gol say\u0131m\u0131z\u0131 art\u0131rmal\u0131yd\u0131k. Bunu yapamad\u0131k, beceremedik ama net pozisyonlar \u00fcrettik. Zaman zaman t\u0131kand\u0131\u011f\u0131m\u0131z, zaman zaman istediklerimizi yapt\u0131\u011f\u0131m\u0131z ma\u00e7 oldu&#8221; diye konu\u015ftu.<\/p>\n\n\n\n<h3 class=\"wp-block-heading\"><strong>Kocaelispor Teknik Direkt\u00f6r\u00fcnden Ma\u00e7 Sonras\u0131 Detayl\u0131 De\u011ferlendirme<\/strong><\/h3>\n\n\n\n<p>Kocaelispor Teknik Direkt\u00f6r\u00fc, Adanaspor kar\u015f\u0131s\u0131nda al\u0131nan galibiyetin ard\u0131ndan \u00f6nemli a\u00e7\u0131klamalarda bulundu. Rakibin kontratak g\u00fcc\u00fcn\u00fc ve tak\u0131m\u0131n kendi eksiklerini de\u011ferlendiren tecr\u00fcbeli teknik adam, hedefe emin ad\u0131mlarla ilerlediklerini vurgulad\u0131. \u0130\u015fte a\u00e7\u0131klamalardan \u00f6ne \u00e7\u0131kanlar:<\/p>\n\n\n\n<hr class=\"wp-block-separator has-alpha-channel-opacity\"\/>\n\n\n\n<h4 class=\"wp-block-heading\"><strong>\u201cRakibimizin Konumuna Aldanmad\u0131k\u201d<\/strong><\/h4>\n\n\n\n<p>Teknik direkt\u00f6r, Adanaspor\u2019un ligde alt s\u0131ralarda yer almas\u0131na ra\u011fmen potansiyelini g\u00f6z ard\u0131 etmediklerini belirtti:<br><em>&#8220;Rakibimiz gen\u00e7 ve dinamik bir ekip. \u00d6zellikle kontratak oyununda olduk\u00e7a etkili olduklar\u0131n\u0131 analizlerimizde g\u00f6rd\u00fck. Puan tablosundaki konumlar\u0131na bak\u0131p onlar\u0131 k\u00fc\u00e7\u00fcmsemek b\u00fcy\u00fck hata olurdu. Nitekim bu ma\u00e7ta da iyi kapand\u0131lar ve oyunu so\u011futmay\u0131 ba\u015fard\u0131lar.&#8221;<\/em><\/p>\n\n\n\n<hr class=\"wp-block-separator has-alpha-channel-opacity\"\/>\n\n\n\n<h4 class=\"wp-block-heading\"><strong>\u201cDuran Top Organizasyonu Sonu\u00e7 Getirdi\u201d<\/strong><\/h4>\n\n\n\n<p>Kocaelispor\u2019un duran top organizasyonlar\u0131na de\u011finen teknik adam, ilk gol\u00fcn bu \u00e7al\u0131\u015fman\u0131n bir \u00fcr\u00fcn\u00fc oldu\u011funu s\u00f6yledi:<br><em>&#8220;Hafta boyunca \u00e7al\u0131\u015ft\u0131\u011f\u0131m\u0131z korner ve duran top organizasyonlar\u0131ndan birini ba\u015far\u0131yla uygulayarak gol bulduk. \u0130lk yar\u0131y\u0131 bu golle \u00f6nde kapatmam\u0131z \u00f6nemliydi.&#8221;<\/em><\/p>\n\n\n\n<hr class=\"wp-block-separator has-alpha-channel-opacity\"\/>\n\n\n\n<h4 class=\"wp-block-heading\"><strong>\u201c\u0130kinci Yar\u0131 Daha Kolay Ge\u00e7ti\u201d<\/strong><\/h4>\n\n\n\n<p>Devre aras\u0131nda oyuncular\u0131na, ikinci yar\u0131da daha etkili bir oyun sergilemeleri gerekti\u011fini s\u00f6yledi\u011fini aktaran teknik direkt\u00f6r, \u015fu ifadelere yer verdi:<br><em>&#8220;\u0130kinci gol\u00fc daha erken bulabilirdik. Ancak gol geldikten sonra rakibi eksik yakalad\u0131\u011f\u0131m\u0131z bir\u00e7ok pozisyon olu\u015fturduk. Daha fazla gol atabilirdik ama zaman zaman t\u0131kand\u0131k. Bu t\u00fcr ma\u00e7lar her zaman kolay olmuyor.&#8221;<\/em><\/p>\n\n\n\n<hr class=\"wp-block-separator has-alpha-channel-opacity\"\/>\n\n\n\n<h4 class=\"wp-block-heading\"><strong>\u201cPas Hatalar\u0131m\u0131z\u0131 Minimize Etmeliyiz\u201d<\/strong><\/h4>\n\n\n\n<p>Tak\u0131m\u0131n pas hatalar\u0131na ve top kay\u0131plar\u0131na dikkat \u00e7eken teknik adam, bu durumun d\u00fczeltilmesi gerekti\u011fini belirtti:<br><em>&#8220;Maalesef sezon ba\u015f\u0131ndan beri s\u00fcregelen bir problemimiz var: basit pas hatalar\u0131. Bu durum rakibimize pozisyon yaratma f\u0131rsat\u0131 veriyor. Bu konuda daha \u00e7ok \u00e7al\u0131\u015fmam\u0131z gerekti\u011fini biliyoruz.&#8221;<\/em><\/p>\n\n\n\n<hr class=\"wp-block-separator has-alpha-channel-opacity\"\/>\n\n\n\n<h4 class=\"wp-block-heading\"><strong>\u201cHedefimize Emin Ad\u0131mlarla \u0130lerliyoruz\u201d<\/strong><\/h4>\n\n\n\n<p>Tak\u0131m\u0131n m\u00fckemmel olmad\u0131\u011f\u0131n\u0131, ancak eksiklerin fark\u0131nda olarak \u00e7al\u0131\u015ft\u0131klar\u0131n\u0131 dile getiren teknik direkt\u00f6r, hedefe odakland\u0131klar\u0131n\u0131 \u015fu s\u00f6zlerle ifade etti:<br><em>&#8220;Biz m\u00fckemmel bir tak\u0131m de\u011filiz; eksiklerimiz var, ama bunlar\u0131 d\u00fczeltmek i\u00e7in \u00e7abal\u0131yoruz. Ligin zirvesinde kalmaya devam ederek devre aras\u0131na ula\u015fmak en b\u00fcy\u00fck hedefimiz.&#8221;<\/em><\/p>\n\n\n\n<hr class=\"wp-block-separator has-alpha-channel-opacity\"\/>\n\n\n\n<h4 class=\"wp-block-heading\"><strong>\u201cMalatya Ma\u00e7\u0131 \u0130\u00e7in Haz\u0131rl\u0131klar Ba\u015fl\u0131yor\u201d<\/strong><\/h4>\n\n\n\n<p>Adanaspor ma\u00e7\u0131n\u0131 geride b\u0131rakt\u0131klar\u0131n\u0131 belirten teknik adam, Malatyaspor ma\u00e7\u0131na y\u00f6nelik planlar\u0131n\u0131 payla\u015ft\u0131:<br><em>&#8220;\u0130ki g\u00fcnl\u00fck iznin ard\u0131ndan Pazartesi g\u00fcn\u00fc antrenmanlara ba\u015flayaca\u011f\u0131z. Sakatl\u0131klar\u0131 olan oyuncular\u0131m\u0131z\u0131 g\u00f6zlemleyece\u011fiz ve kadromuzu ona g\u00f6re \u015fekillendirece\u011fiz. \u00d6n\u00fcm\u00fczde zorlu bir periyot var, ancak hedefimize ula\u015fmak i\u00e7in \u00e7al\u0131\u015fmaya devam edece\u011fiz.&#8221;<\/em><\/p>\n\n\n\n<hr class=\"wp-block-separator has-alpha-channel-opacity\"\/>\n\n\n\n<h4 class=\"wp-block-heading\"><strong>\u201cKupada Daha \u0130yi Tak\u0131mlarla Kar\u015f\u0131la\u015fmak \u0130stiyoruz\u201d<\/strong><\/h4>\n\n\n\n<p>T\u00fcrkiye Kupas\u0131 m\u00fccadelesine de de\u011finen teknik direkt\u00f6r, burada taraftarlara S\u00fcper Lig tak\u0131mlar\u0131 izlettirmek istediklerini s\u00f6yledi:<br><em>&#8220;Kupada ilerleyebildi\u011fimiz kadar ilerlemek istiyoruz. S\u00fcper Lig tak\u0131mlar\u0131yla oynay\u0131p, gelecek sezonun provas\u0131n\u0131 yapmak bizim i\u00e7in \u00f6nemli bir deneyim olacak.&#8221;<\/em><\/p>\n\n\n\n<hr class=\"wp-block-separator has-alpha-channel-opacity\"\/>\n\n\n\n<h3 class=\"wp-block-heading\"><strong>Kocaelispor\u2019un Zirve M\u00fccadelesi Devam Ediyor<\/strong><\/h3>\n\n\n\n<p>Adanaspor kar\u015f\u0131s\u0131nda al\u0131nan 3 puan\u0131n ard\u0131ndan Kocaelispor, liderli\u011fini s\u00fcrd\u00fcrd\u00fc. Teknik ekibin ve oyuncular\u0131n odak noktas\u0131 ise eksikleri giderip zirve yar\u0131\u015f\u0131nda daha g\u00fc\u00e7l\u00fc bir \u015fekilde yoluna devam etmek.<\/p>\n\n\n\n<p>#tff1 Adanaspor #Altay #Band\u0131rmaspor #Boluspor #\u00e7orumfk #Erzurumspor FK #Gen\u00e7lerbirli\u011fi #Giresunspor #Ke\u00e7i\u00f6reng\u00fcc\u00fcspor #Kocaelispor #Manisa FK #Sakaryaspor #\u015eanlurfaspor #Tuzlaspor #\u00dcmraniyespor #Pendikspor #\u0130stanbulspor #F. Karag\u00fcmr\u00fckspor #Ankarag\u00fcc\u00fc #Amedspor #Esenler Erokspor #Yeni Malatyaspor #Kocaelispor haberleri #Kocaelispor transferleri #Kocaelispor ma\u00e7 \u00f6zetleri #Kocaelispor geli\u015fmeleri #Kocaelispor ma\u00e7lar\u0131<\/p>\n","protected":false},"excerpt":{"rendered":"","protected":false},"author":1,"featured_media":3305,"comment_status":"closed","ping_status":"closed","sticky":false,"template":"","format":"standard","meta":{"footnotes":""},"categories":[3,17,113,25,5,14,28,4,16],"tags":[342,56,341,767,765,343,51,344,55,1118,205,766,739,259,349,734,547,48,888,891,892,890,889,1106,1046,347,735,350,348,1116,226,275,223,538,778],"class_list":["post-3304","post","type-post","status-publish","format-standard","has-post-thumbnail","hentry","category-kocaelispor","category-1-lig","category-ajansspor","category-kulup","category-lig","category-medya","category-teknik-heyet","category-turnuva","category-ulusal-medya","tag-adanaspor","tag-ajansspor","tag-altay","tag-amedspor","tag-ankaragucu","tag-bandirmaspor","tag-boluspor","tag-corum-fk","tag-ertugrul-saglam","tag-ertugrul-saglam-taraftarimiza-super-lig-takimlarini-30-kasim-2024-ajansspor","tag-erzurumspor-fk","tag-esenler-erokspor","tag-f-karagumrukspor","tag-genclerbirligi","tag-giresunspor","tag-istanbulspor","tag-keciorengucuspor","tag-kocaelispor","tag-kocaelispor-gelismeleri","tag-kocaelispor-haberleri","tag-kocaelispor-mac-ozetleri","tag-kocaelispor-maclari","tag-kocaelispor-transferleri","tag-liderlik-mucadelesi","tag-mac-degerlendirmesi","tag-manisa-fk","tag-pendikspor","tag-sakaryaspor","tag-sanlurfaspor","tag-teknik-direktor-aciklamalari","tag-trendyol-1-lig","tag-turkiye-kupasi","tag-tuzlaspor","tag-umraniyespor","tag-yenimalatyaspor"],"amp_enabled":true,"_links":{"self":[{"href":"https:\/\/www.kocaelispor.tv.tr\/index.php?rest_route=\/wp\/v2\/posts\/3304","targetHints":{"allow":["GET"]}}],"collection":[{"href":"https:\/\/www.kocaelispor.tv.tr\/index.php?rest_route=\/wp\/v2\/posts"}],"about":[{"href":"https:\/\/www.kocaelispor.tv.tr\/index.php?rest_route=\/wp\/v2\/types\/post"}],"author":[{"embeddable":true,"href":"https:\/\/www.kocaelispor.tv.tr\/index.php?rest_route=\/wp\/v2\/users\/1"}],"replies":[{"embeddable":true,"href":"https:\/\/www.kocaelispor.tv.tr\/index.php?rest_route=%2Fwp%2Fv2%2Fcomments&post=3304"}],"version-history":[{"count":0,"href":"https:\/\/www.kocaelispor.tv.tr\/index.php?rest_route=\/wp\/v2\/posts\/3304\/revisions"}],"wp:featuredmedia":[{"embeddable":true,"href":"https:\/\/www.kocaelispor.tv.tr\/index.php?rest_route=\/wp\/v2\/media\/3305"}],"wp:attachment":[{"href":"https:\/\/www.kocaelispor.tv.tr\/index.php?rest_route=%2Fwp%2Fv2%2Fmedia&parent=3304"}],"wp:term":[{"taxonomy":"category","embeddable":true,"href":"https:\/\/www.kocaelispor.tv.tr\/index.php?rest_route=%2Fwp%2Fv2%2Fcategories&post=3304"},{"taxonomy":"post_tag","embeddable":true,"href":"https:\/\/www.kocaelispor.tv.tr\/index.php?rest_route=%2Fwp%2Fv2%2Ftags&post=3304"}],"curies":[{"name":"wp","href":"https:\/\/api.w.org\/{rel}","templated":true}]}}