{"id":3298,"date":"2024-11-30T21:41:10","date_gmt":"2024-11-30T18:41:10","guid":{"rendered":"https:\/\/kocaelispor.tv.tr\/?p=3298"},"modified":"2024-11-30T21:41:18","modified_gmt":"2024-11-30T18:41:18","slug":"yusuf-simsek-ligde-kalmak-icin-29-kasim-2024-ajansspor","status":"publish","type":"post","link":"https:\/\/www.kocaelispor.tv.tr\/?p=3298","title":{"rendered":"Yusuf \u015eim\u015fek: Ligde kalmak i\u00e7in&#8230; 29 Kas\u0131m 2024 | Ajansspor"},"content":{"rendered":"<figure class=\"wp-block-embed-youtube wp-block-embed is-type-video is-provider-youtube wp-embed-aspect-16-9 wp-has-aspect-ratio\"><div class=\"lyte-wrapper\" style=\"width:640px;max-width:100%;margin:5px auto;\"><div class=\"lyMe hidef\" id=\"WYL_jQkO1D3Qf-8\"><div id=\"lyte_jQkO1D3Qf-8\" data-src=\"https:\/\/www.kocaelispor.tv.tr\/wp-content\/plugins\/wp-youtube-lyte\/lyteCache.php?origThumbUrl=%2F%2Fi.ytimg.com%2Fvi%2FjQkO1D3Qf-8%2Fhqdefault.jpg\" class=\"pL\"><div class=\"tC\"><div class=\"tT\"><\/div><\/div><div class=\"play\"><\/div><div class=\"ctrl\"><div class=\"Lctrl\"><\/div><div class=\"Rctrl\"><\/div><\/div><\/div><noscript><a href=\"https:\/\/youtu.be\/jQkO1D3Qf-8\" rel=\"nofollow noopener\" target=\"_blank\"><img loading=\"lazy\" decoding=\"async\" src=\"https:\/\/www.kocaelispor.tv.tr\/wp-content\/plugins\/wp-youtube-lyte\/lyteCache.php?origThumbUrl=https%3A%2F%2Fi.ytimg.com%2Fvi%2FjQkO1D3Qf-8%2F0.jpg\" alt=\"YouTube video thumbnail\" width=\"640\" height=\"340\" title=\"\"><\/a><\/noscript><\/div><\/div><div class=\"lL\" style=\"max-width:100%;width:640px;margin:5px auto;\"> <a href=\"https:\/\/youtu.be\/jQkO1D3Qf-8\" target=\"_blank\" rel=\"noopener\">Watch this video on YouTube<\/a>.<br\/><span class=\"lyte_disclaimer\">*** Sitemizde payla\u015f\u0131lan videolar\u0131n t\u00fcm sorumlulu\u011fu, video \u2018nun yay\u0131nc\u0131s\u0131na aittir. ***<\/span><\/div><figcaption><\/figcaption><\/figure>\n\n\n<!--more-->\n\n\n\n<p>Adanaspor Teknik Direkt\u00f6r\u00fc Yusuf \u015eim\u015fek, Kocaelispor ma\u011flubiyetinin ard\u0131ndan yapt\u0131\u011f\u0131 a\u00e7\u0131klamada, rakiplerinin Kocaelispor olmad\u0131\u011f\u0131n\u0131 belirterek, &#8220;Ligde kalmak i\u00e7in elimizden geleni yapaca\u011f\u0131z\u201d dedi. Trendyol 1. Lig\u2019in 14. haftas\u0131nda Adanaspor, deplasmanda Kocaelispor\u2019a 2-0 ma\u011flup oldu. Ma\u00e7\u0131n ard\u0131ndan d\u00fczenlenen bas\u0131n toplant\u0131s\u0131nda Adanaspor Teknik Direkt\u00f6r\u00fc Yusuf \u015eim\u015fek a\u00e7\u0131klamalarda bulundu. \u015eim\u015fek, \u201cMa\u00e7\u0131n zor olaca\u011f\u0131n\u0131 biliyorduk. Rakip tak\u0131m\u0131n kalitesi ve taraftar\u0131n\u0131n \u00f6n\u00fcnde zor olaca\u011f\u0131n\u0131 biliyorduk. Tahmin etti\u011fimiz gibi oldu. \u0130lk yar\u0131 ba\u015fa ba\u015f m\u00fccadele ettik. Sadece hocam\u0131z 6 dakika uzatma verdi, sonra 9 dakikada ma\u00e7\u0131 bitirdi. Demek ki uzatman\u0131n da uzatmas\u0131 oluyormu\u015f. \u0130kinci yar\u0131 9 tane oyuncu de\u011fi\u015fti, 5 dakika uzatma verildi. Ele\u015ftirilecek ba\u015fka bir \u015fey yok. Kocaelispor zaten ligde rakibimiz de\u011fil. Onlar\u0131 da tebrik ediyorum. Yolumuza bakaca\u011f\u0131z. Oyuncu karde\u015flerimizi kutluyorum. \u0130nan\u0131lmaz m\u00fccadele verdiler. 4 haftad\u0131r buraday\u0131z. \u0130n\u015fallah Adanaspor\u2019un ligde kalmas\u0131 i\u00e7in elimizden geleni yapaca\u011f\u0131z\u201d diye konu\u015ftu.<\/p>\n\n\n\n<h3 class=\"wp-block-heading\"><strong>Adanaspor Teknik Direkt\u00f6r\u00fcnden Kocaelispor Ma\u00e7\u0131 De\u011ferlendirmesi<\/strong><\/h3>\n\n\n\n<p>Adanaspor Teknik Direkt\u00f6r\u00fc, Kocaelispor ile oynanan ma\u00e7 sonras\u0131 yapt\u0131\u011f\u0131 a\u00e7\u0131klamalarda, ma\u00e7\u0131n zorlu ge\u00e7ece\u011fini \u00f6nceden tahmin ettiklerini belirtti ve tak\u0131m\u0131n\u0131n m\u00fccadeleci oyununu \u00f6verek taraftarlara te\u015fekk\u00fcr etti. \u0130\u015fte ma\u00e7\u0131n ard\u0131ndan yap\u0131lan de\u011ferlendirmeler:<\/p>\n\n\n\n<hr class=\"wp-block-separator has-alpha-channel-opacity\"\/>\n\n\n\n<h4 class=\"wp-block-heading\"><strong>\u201cZor Bir Ma\u00e7 Olaca\u011f\u0131n\u0131 Biliyorduk\u201d<\/strong><\/h4>\n\n\n\n<p>Adanaspor Teknik Direkt\u00f6r\u00fc, ma\u00e7 \u00f6ncesi zorluklar\u0131n fark\u0131nda olduklar\u0131n\u0131 \u015fu s\u00f6zlerle ifade etti:<br><em>&#8220;Hem futbolcular\u0131n performans\u0131 hem de Kocaelispor\u2019un g\u00fc\u00e7l\u00fc taraftar deste\u011fi nedeniyle ma\u00e7\u0131n zor ge\u00e7ece\u011fini tahmin ediyorduk. Nitekim bekledi\u011fimiz gibi oldu. \u0130lk yar\u0131da ba\u015fa ba\u015f bir m\u00fccadele verdik ve rakibimize neredeyse hi\u00e7 pozisyon vermedik. Bizim de birka\u00e7 pozisyonumuz vard\u0131.&#8221;<\/em><\/p>\n\n\n\n<hr class=\"wp-block-separator has-alpha-channel-opacity\"\/>\n\n\n\n<h4 class=\"wp-block-heading\"><strong>Hakem Kararlar\u0131na Ele\u015ftiri<\/strong><\/h4>\n\n\n\n<p>Teknik direkt\u00f6r, ilk yar\u0131n\u0131n uzatma s\u00fcresiyle ilgili hakem kararlar\u0131na y\u00f6nelik ele\u015ftirilerini dile getirdi:<br><em>&#8220;Hakem ilk yar\u0131ya 6 dakika uzatma verdi ancak ma\u00e7 9. dakikada sona erdi. Anla\u015f\u0131lan uzatman\u0131n da uzatmas\u0131 oluyor. \u0130lk yar\u0131da oyuncu de\u011fi\u015fikli\u011fi olmad\u0131 ve oyun fazla durmad\u0131. Buna ra\u011fmen bu kadar uzun bir uzatma verilmesi kafa kar\u0131\u015ft\u0131r\u0131c\u0131yd\u0131. \u0130kinci yar\u0131da ise 9 oyuncu de\u011fi\u015fikli\u011fi olmas\u0131na ra\u011fmen sadece 5 dakika uzatma verildi. Bu t\u00fcr kararlar g\u00f6zden ge\u00e7irilmeli.&#8221;<\/em><\/p>\n\n\n\n<hr class=\"wp-block-separator has-alpha-channel-opacity\"\/>\n\n\n\n<h4 class=\"wp-block-heading\"><strong>\u201cKocaelispor\u2019u ve Taraftarlar\u0131n\u0131 Tebrik Ediyorum\u201d<\/strong><\/h4>\n\n\n\n<p>Rakip tak\u0131m\u0131n g\u00fc\u00e7l\u00fc bir performans sergiledi\u011fini ifade eden Adanaspor teknik direkt\u00f6r\u00fc, Kocaelispor\u2019a ve taraftarlar\u0131na \u00f6vg\u00fclerde bulundu:<br><em>&#8220;Kocaelispor\u2019u ve taraftarlar\u0131n\u0131 tebrik ediyorum. Harika bir atmosfer olu\u015fturdular. Ancak bizim i\u00e7in bu ma\u00e7tan puan ya da puanlar almak k\u0131smet olmad\u0131. Bu nedenle \u00f6n\u00fcm\u00fcze bakaca\u011f\u0131z.&#8221;<\/em><\/p>\n\n\n\n<hr class=\"wp-block-separator has-alpha-channel-opacity\"\/>\n\n\n\n<h4 class=\"wp-block-heading\"><strong>Adanaspor\u2019un Gelecek Hedefleri<\/strong><\/h4>\n\n\n\n<p>Adanaspor\u2019un m\u00fccadeleye devam edece\u011fini vurgulayan teknik direkt\u00f6r, oyuncular\u0131n\u0131 da \u015fu s\u00f6zlerle tebrik etti:<br><em>&#8220;Oyuncu karde\u015flerimi kutluyorum. \u0130nan\u0131lmaz bir m\u00fccadele sergilediler. Tak\u0131m\u0131n ba\u015f\u0131nda hen\u00fcz 4 haftad\u0131r bulunuyoruz ve elimizden geleni yaparak daha iyi bir performans g\u00f6stermeye \u00e7al\u0131\u015f\u0131yoruz. \u0130n\u015fallah Adanaspor\u2019u ligde tutmak i\u00e7in m\u00fccadelemizi s\u00fcrd\u00fcrece\u011fiz.&#8221;<\/em><\/p>\n\n\n\n<hr class=\"wp-block-separator has-alpha-channel-opacity\"\/>\n\n\n\n<h3 class=\"wp-block-heading\"><strong>Adanaspor\u2019un M\u00fccadele Ruhu Devam Ediyor<\/strong><\/h3>\n\n\n\n<p>Kocaelispor kar\u015f\u0131s\u0131nda ma\u011flubiyetle ayr\u0131lmalar\u0131na ra\u011fmen, Adanaspor cephesinde moral bozuklu\u011fu yerine m\u00fccadele azmi \u00f6n planda. Tak\u0131m, ligde kalmak i\u00e7in kalan haftalarda sava\u015fmaya devam edecek.<\/p>\n\n\n\n<hr class=\"wp-block-separator has-alpha-channel-opacity\"\/>\n\n\n\n<p>#tff1 Adanaspor #Altay #Band\u0131rmaspor #Boluspor #\u00e7orumfk #Erzurumspor FK #Gen\u00e7lerbirli\u011fi #Giresunspor #Ke\u00e7i\u00f6reng\u00fcc\u00fcspor #Kocaelispor #Manisa FK #Sakaryaspor #\u015eanlurfaspor #Tuzlaspor #\u00dcmraniyespor #Pendikspor #\u0130stanbulspor #F. Karag\u00fcmr\u00fckspor #Ankarag\u00fcc\u00fc #Amedspor #Esenler Erokspor #Yeni Malatyaspor #Kocaelispor haberleri #Kocaelispor transferleri #Kocaelispor ma\u00e7 \u00f6zetleri #Kocaelispor geli\u015fmeleri #Kocaelispor ma\u00e7lar\u0131<\/p>\n","protected":false},"excerpt":{"rendered":"","protected":false},"author":1,"featured_media":3301,"comment_status":"closed","ping_status":"closed","sticky":false,"template":"","format":"standard","meta":{"footnotes":""},"categories":[3,17,113,5,14,4,16],"tags":[342,56,341,767,765,343,51,344,205,766,739,259,349,734,547,48,888,891,892,890,1052,889,1117,347,735,350,348,1116,226,223,538,778,574,1115],"class_list":["post-3298","post","type-post","status-publish","format-standard","has-post-thumbnail","hentry","category-kocaelispor","category-1-lig","category-ajansspor","category-lig","category-medya","category-turnuva","category-ulusal-medya","tag-adanaspor","tag-ajansspor","tag-altay","tag-amedspor","tag-ankaragucu","tag-bandirmaspor","tag-boluspor","tag-corum-fk","tag-erzurumspor-fk","tag-esenler-erokspor","tag-f-karagumrukspor","tag-genclerbirligi","tag-giresunspor","tag-istanbulspor","tag-keciorengucuspor","tag-kocaelispor","tag-kocaelispor-gelismeleri","tag-kocaelispor-haberleri","tag-kocaelispor-mac-ozetleri","tag-kocaelispor-maclari","tag-kocaelispor-taraftari","tag-kocaelispor-transferleri","tag-lig-mucadelesi","tag-manisa-fk","tag-pendikspor","tag-sakaryaspor","tag-sanlurfaspor","tag-teknik-direktor-aciklamalari","tag-trendyol-1-lig","tag-tuzlaspor","tag-umraniyespor","tag-yenimalatyaspor","tag-yusuf-simsek","tag-yusuf-simsek-ligde-kalmak-icin-29-kasim-2024-ajansspor"],"amp_enabled":true,"_links":{"self":[{"href":"https:\/\/www.kocaelispor.tv.tr\/index.php?rest_route=\/wp\/v2\/posts\/3298","targetHints":{"allow":["GET"]}}],"collection":[{"href":"https:\/\/www.kocaelispor.tv.tr\/index.php?rest_route=\/wp\/v2\/posts"}],"about":[{"href":"https:\/\/www.kocaelispor.tv.tr\/index.php?rest_route=\/wp\/v2\/types\/post"}],"author":[{"embeddable":true,"href":"https:\/\/www.kocaelispor.tv.tr\/index.php?rest_route=\/wp\/v2\/users\/1"}],"replies":[{"embeddable":true,"href":"https:\/\/www.kocaelispor.tv.tr\/index.php?rest_route=%2Fwp%2Fv2%2Fcomments&post=3298"}],"version-history":[{"count":0,"href":"https:\/\/www.kocaelispor.tv.tr\/index.php?rest_route=\/wp\/v2\/posts\/3298\/revisions"}],"wp:featuredmedia":[{"embeddable":true,"href":"https:\/\/www.kocaelispor.tv.tr\/index.php?rest_route=\/wp\/v2\/media\/3301"}],"wp:attachment":[{"href":"https:\/\/www.kocaelispor.tv.tr\/index.php?rest_route=%2Fwp%2Fv2%2Fmedia&parent=3298"}],"wp:term":[{"taxonomy":"category","embeddable":true,"href":"https:\/\/www.kocaelispor.tv.tr\/index.php?rest_route=%2Fwp%2Fv2%2Fcategories&post=3298"},{"taxonomy":"post_tag","embeddable":true,"href":"https:\/\/www.kocaelispor.tv.tr\/index.php?rest_route=%2Fwp%2Fv2%2Ftags&post=3298"}],"curies":[{"name":"wp","href":"https:\/\/api.w.org\/{rel}","templated":true}]}}