{"id":3109,"date":"2024-10-23T21:52:42","date_gmt":"2024-10-23T18:52:42","guid":{"rendered":"https:\/\/kocaelispor.tv.tr\/?p=3109"},"modified":"2024-10-23T21:52:42","modified_gmt":"2024-10-23T18:52:42","slug":"ogulcana-sor-ogulcan-caglayan-sorularinizi-yanitladi-23-ekim-2024-kocaelispor","status":"publish","type":"post","link":"https:\/\/www.kocaelispor.tv.tr\/?p=3109","title":{"rendered":"O\u011eULCAN&#8217;A SOR! | O\u011fulcan \u00c7a\u011flayan sorular\u0131n\u0131z\u0131 yan\u0131tlad\u0131! 23 Ekim 2024 | Kocaelispor"},"content":{"rendered":"<figure class=\"wp-block-embed-youtube wp-block-embed is-type-video is-provider-youtube wp-embed-aspect-16-9 wp-has-aspect-ratio\"><div class=\"lyte-wrapper\" style=\"width:640px;max-width:100%;margin:5px auto;\"><div class=\"lyMe hidef\" id=\"WYL_NJ_LJsXscgE\"><div id=\"lyte_NJ_LJsXscgE\" data-src=\"https:\/\/www.kocaelispor.tv.tr\/wp-content\/plugins\/wp-youtube-lyte\/lyteCache.php?origThumbUrl=%2F%2Fi.ytimg.com%2Fvi%2FNJ_LJsXscgE%2Fhqdefault.jpg\" class=\"pL\"><div class=\"tC\"><div class=\"tT\"><\/div><\/div><div class=\"play\"><\/div><div class=\"ctrl\"><div class=\"Lctrl\"><\/div><div class=\"Rctrl\"><\/div><\/div><\/div><noscript><a href=\"https:\/\/youtu.be\/NJ_LJsXscgE\" rel=\"nofollow noopener\" target=\"_blank\"><img loading=\"lazy\" decoding=\"async\" src=\"https:\/\/www.kocaelispor.tv.tr\/wp-content\/plugins\/wp-youtube-lyte\/lyteCache.php?origThumbUrl=https%3A%2F%2Fi.ytimg.com%2Fvi%2FNJ_LJsXscgE%2F0.jpg\" alt=\"YouTube video thumbnail\" width=\"640\" height=\"340\" title=\"\"><\/a><\/noscript><\/div><\/div><div class=\"lL\" style=\"max-width:100%;width:640px;margin:5px auto;\"> <a href=\"https:\/\/youtu.be\/NJ_LJsXscgE\" target=\"_blank\" rel=\"noopener\">Watch this video on YouTube<\/a>.<br\/><span class=\"lyte_disclaimer\">*** Sitemizde payla\u015f\u0131lan videolar\u0131n t\u00fcm sorumlulu\u011fu, video \u2018nun yay\u0131nc\u0131s\u0131na aittir. ***<\/span><\/div><figcaption>O\u011eULCAN&#8217;A SOR! | O\u011fulcan \u00c7a\u011flayan sorular\u0131n\u0131z\u0131 yan\u0131tlad\u0131! 23 Ekim 2024 | Kocaelispor<\/figcaption><\/figure>\n\n\n<!--more-->\n\n\n\n<p><strong>O\u011fulcan \u00c7a\u011flayan R\u00f6portaj\u0131: Kocaelispor A\u015fk\u0131 ve S\u00fcper Lig Hayali<\/strong><\/p>\n\n\n\n<p>Merhaba Kocaelisporlular! Kocaelispor YouTube ailesinin bir \u00fcyesi olarak bug\u00fcn, \u0130zmit Saat Kulesi \u00f6n\u00fcnde futbolcumuz O\u011fulcan \u00c7a\u011flayan ile ger\u00e7ekle\u015ftirdi\u011fimiz keyifli bir sohbetin \u00f6zetini sizlerle payla\u015f\u0131yoruz. O\u011fulcan, taraftarlar\u0131m\u0131zdan gelen sorular\u0131 i\u00e7tenlikle cevaplad\u0131. \u0130\u015fte r\u00f6portaj\u0131n detaylar\u0131:<\/p>\n\n\n\n<h3 class=\"wp-block-heading\">O\u011fulcan\u2019\u0131n Kocaelispor ile Tan\u0131\u015fmas\u0131<\/h3>\n\n\n\n<p>1996 y\u0131l\u0131nda Ankara\u2019da do\u011fan, aslen Trabzonlu olan O\u011fulcan, Kocaelispor\u2019a transfer olmadan \u00f6nce tak\u0131m\u0131m\u0131z hakk\u0131nda \u00e7ok detayl\u0131 bilgiye sahip olmad\u0131\u011f\u0131n\u0131 s\u00f6yledi. Ancak geldikten sonra Kocaelispor&#8217;un tarihi ba\u015far\u0131lar\u0131n\u0131, T\u00fcrkiye Kupas\u0131 zaferlerini ve Avrupa\u2019daki m\u00fccadelelerini \u00f6\u011frendik\u00e7e kul\u00fcb\u00fcn b\u00fcy\u00fckl\u00fc\u011f\u00fcn\u00fc daha iyi kavrad\u0131\u011f\u0131n\u0131 belirtti. \u00d6zellikle Kocaelispor\u2019un b\u00fcy\u00fck tak\u0131mlara kar\u015f\u0131 sergiledi\u011fi m\u00fccadele onu olduk\u00e7a etkiledi.<\/p>\n\n\n\n<h3 class=\"wp-block-heading\">S\u00fcper Lig&#8217;e D\u00f6n\u00fc\u015f Hedefi<\/h3>\n\n\n\n<p>Taraftarlar\u0131m\u0131zdan Ahmet Can Y\u0131lmaz\u2019\u0131n \u201cKocaelispor&#8217;u S\u00fcper Lig\u2019e \u00e7\u0131karacak kadroda olmak sana ne hissettiriyor?\u201d sorusuna O\u011fulcan, bu s\u00fcre\u00e7te tak\u0131m\u0131n bir par\u00e7as\u0131 olman\u0131n ve y\u0131llar sonra S\u00fcper Lig\u2019e y\u00fckselmenin tarifsiz bir duygu oldu\u011funu ifade etti. S\u00fcper Lig hasretinin bu kadar yak\u0131n oldu\u011funu bilmek, onu ve tak\u0131m arkada\u015flar\u0131n\u0131 motive eden en \u00f6nemli etkenlerden biri.<\/p>\n\n\n\n<h3 class=\"wp-block-heading\">Kocaelispor&#8217;a Olan Aidiyet<\/h3>\n\n\n\n<p>Samet Karag\u00f6z\u2019\u00fcn tak\u0131ma olan aidiyetini sormas\u0131 \u00fczerine O\u011fulcan, Kocaelispor&#8217;a kar\u015f\u0131 hissetti\u011fi aidiyet duygusunun kendisi i\u00e7in de \u015fa\u015f\u0131rt\u0131c\u0131 oldu\u011funu belirtti. Kocaelispor taraftar\u0131 ve kul\u00fcb\u00fc ile \u00e7ok iyi bir uyum yakalad\u0131\u011f\u0131n\u0131 dile getiren futbolcumuz, bu aidiyetin performans\u0131na da olumlu yans\u0131d\u0131\u011f\u0131n\u0131 s\u00f6yledi.<\/p>\n\n\n\n<h3 class=\"wp-block-heading\">Sakaryaspor ve Kocaelispor Aras\u0131ndaki Tercih<\/h3>\n\n\n\n<p>O\u011fulcan, Kocaelispor\u2019a gelmeden \u00f6nce Sakaryaspor ile g\u00f6r\u00fc\u015ft\u00fc\u011f\u00fcn\u00fc ancak Kocaelispor\u2019dan gelen teklifi daha fazla istedi\u011fini dile getirdi. Kocaelispor\u2019un sa\u011flam bir yap\u0131ya sahip oldu\u011funu fark etti\u011finde, bu karar\u0131n ne kadar do\u011fru oldu\u011funu bir kez daha anlam\u0131\u015f. O\u011fulcan, Kocaelispor\u2019un tarihindeki yerini almak i\u00e7in olduk\u00e7a heyecanl\u0131 oldu\u011funu belirtti.<\/p>\n\n\n\n<h3 class=\"wp-block-heading\">Marmara Derbisi Heyecan\u0131<\/h3>\n\n\n\n<p>Marmara Derbisi hakk\u0131nda \u00e7ok fazla bilgi sahibi olmad\u0131\u011f\u0131n\u0131 s\u00f6yleyen O\u011fulcan, taraftarlar\u0131m\u0131z\u0131n bu derbiye verdi\u011fi \u00f6nemi YouTube videolar\u0131 \u00fczerinden daha iyi anlad\u0131\u011f\u0131n\u0131 ifade etti. O\u011fulcan, bu tarihi ma\u00e7\u0131 oynamak i\u00e7in sab\u0131rs\u0131zland\u0131\u011f\u0131n\u0131 ve Kocaelispor formas\u0131yla gol atarak tarihe ge\u00e7mek istedi\u011fini s\u00f6yledi.<\/p>\n\n\n\n<h3 class=\"wp-block-heading\">Forma Numaras\u0131n\u0131n Anlam\u0131<\/h3>\n\n\n\n<p>O\u011fulcan, 17 numaral\u0131 formay\u0131 giymesinin Burak Y\u0131lmaz hayranl\u0131\u011f\u0131ndan kaynakland\u0131\u011f\u0131n\u0131 belirtti. Ayn\u0131 zamanda arkada\u015flar\u0131n\u0131n da genelde bu numaray\u0131 tercih etti\u011fini ve bu sayede 17\u2019nin onun i\u00e7in anlaml\u0131 bir hale geldi\u011fini a\u00e7\u0131klad\u0131.<\/p>\n\n\n\n<h3 class=\"wp-block-heading\">Tak\u0131mdaki En Komik \u0130simler<\/h3>\n\n\n\n<p>Taraftarlar\u0131m\u0131z\u0131n e\u011flenceli sorular\u0131n\u0131 da yan\u0131tlayan O\u011fulcan, tak\u0131mda en komik buldu\u011fu isimlerin Tarkan ve Yunus Emre Gedik oldu\u011funu s\u00f6yledi. \u00d6zellikle Mehmet Y\u0131lmaz\u2019\u0131n tak\u0131m i\u00e7indeki \u015fakalar\u0131yla herkesi g\u00fcld\u00fcrd\u00fc\u011f\u00fcn\u00fc de ekledi.<\/p>\n\n\n\n<p>O\u011fulcan \u00c7a\u011flayan ile ger\u00e7ekle\u015ftirdi\u011fimiz bu keyifli sohbetin sonuna geldik. Kocaelispor\u2019un S\u00fcper Lig yolundaki bu heyecan dolu m\u00fccadelesinde O\u011fulcan\u2019\u0131n performans\u0131 b\u00fcy\u00fck \u00f6nem ta\u015f\u0131yor. Bizler de taraftarlar olarak her zaman onun ve tak\u0131m\u0131m\u0131z\u0131n yan\u0131nda olmaya devam edece\u011fiz!<\/p>\n\n\n\n<p>#tff1 Adanaspor #Altay #Band\u0131rmaspor #Boluspor #\u00e7orumfk #Erzurumspor FK #Gen\u00e7lerbirli\u011fi #Giresunspor #Ke\u00e7i\u00f6reng\u00fcc\u00fcspor #Kocaelispor #Manisa FK #Sakaryaspor #\u015eanlurfaspor #Tuzlaspor #\u00dcmraniyespor #Pendikspor #\u0130stanbulspor #F. Karag\u00fcmr\u00fckspor #Ankarag\u00fcc\u00fc #Amedspor #Esenler Erokspor #Yeni Malatyaspor #Kocaelispor haberleri #Kocaelispor transferleri #Kocaelispor ma\u00e7 \u00f6zetleri #Kocaelispor geli\u015fmeleri #Kocaelispor ma\u00e7lar\u0131<\/p>\n","protected":false},"excerpt":{"rendered":"","protected":false},"author":1,"featured_media":3110,"comment_status":"closed","ping_status":"closed","sticky":false,"template":"","format":"standard","meta":{"footnotes":""},"categories":[17,61,26,3,5,22,4],"tags":[342,341,767,765,343,51,344,205,766,739,259,349,734,1068,547,48,888,891,892,890,1052,1070,889,347,1069,902,1067,735,350,348,320,275,223,538,778],"class_list":["post-3109","post","type-post","status-publish","format-standard","has-post-thumbnail","hentry","category-1-lig","category-diger","category-futbolcular","category-kocaelispor","category-lig","category-sosyal-medya","category-turnuva","tag-adanaspor","tag-altay","tag-amedspor","tag-ankaragucu","tag-bandirmaspor","tag-boluspor","tag-corum-fk","tag-erzurumspor-fk","tag-esenler-erokspor","tag-f-karagumrukspor","tag-genclerbirligi","tag-giresunspor","tag-istanbulspor","tag-izmit-saat-kulesi","tag-keciorengucuspor","tag-kocaelispor","tag-kocaelispor-gelismeleri","tag-kocaelispor-haberleri","tag-kocaelispor-mac-ozetleri","tag-kocaelispor-maclari","tag-kocaelispor-taraftari","tag-kocaelispor-transfer","tag-kocaelispor-transferleri","tag-manisa-fk","tag-marmara-derbisi","tag-ogulcan-caglayan","tag-ogulcana-sor-ogulcan-caglayan-sorularinizi-yanitladi-23-ekim-2024-kocaelispor","tag-pendikspor","tag-sakaryaspor","tag-sanlurfaspor","tag-super-lig","tag-turkiye-kupasi","tag-tuzlaspor","tag-umraniyespor","tag-yenimalatyaspor"],"amp_enabled":true,"_links":{"self":[{"href":"https:\/\/www.kocaelispor.tv.tr\/index.php?rest_route=\/wp\/v2\/posts\/3109","targetHints":{"allow":["GET"]}}],"collection":[{"href":"https:\/\/www.kocaelispor.tv.tr\/index.php?rest_route=\/wp\/v2\/posts"}],"about":[{"href":"https:\/\/www.kocaelispor.tv.tr\/index.php?rest_route=\/wp\/v2\/types\/post"}],"author":[{"embeddable":true,"href":"https:\/\/www.kocaelispor.tv.tr\/index.php?rest_route=\/wp\/v2\/users\/1"}],"replies":[{"embeddable":true,"href":"https:\/\/www.kocaelispor.tv.tr\/index.php?rest_route=%2Fwp%2Fv2%2Fcomments&post=3109"}],"version-history":[{"count":0,"href":"https:\/\/www.kocaelispor.tv.tr\/index.php?rest_route=\/wp\/v2\/posts\/3109\/revisions"}],"wp:featuredmedia":[{"embeddable":true,"href":"https:\/\/www.kocaelispor.tv.tr\/index.php?rest_route=\/wp\/v2\/media\/3110"}],"wp:attachment":[{"href":"https:\/\/www.kocaelispor.tv.tr\/index.php?rest_route=%2Fwp%2Fv2%2Fmedia&parent=3109"}],"wp:term":[{"taxonomy":"category","embeddable":true,"href":"https:\/\/www.kocaelispor.tv.tr\/index.php?rest_route=%2Fwp%2Fv2%2Fcategories&post=3109"},{"taxonomy":"post_tag","embeddable":true,"href":"https:\/\/www.kocaelispor.tv.tr\/index.php?rest_route=%2Fwp%2Fv2%2Ftags&post=3109"}],"curies":[{"name":"wp","href":"https:\/\/api.w.org\/{rel}","templated":true}]}}