{"id":3008,"date":"2024-08-29T18:42:29","date_gmt":"2024-08-29T15:42:29","guid":{"rendered":"https:\/\/kocaelispor.tv.tr\/?p=3008"},"modified":"2024-08-29T18:42:50","modified_gmt":"2024-08-29T15:42:50","slug":"ogulcan-caglayan-nasil-basladigin-degil-nasil-bitirdigin-onemli-amedspor-macina-dogru-29-agustos-2024-nokta-tv","status":"publish","type":"post","link":"https:\/\/www.kocaelispor.tv.tr\/?p=3008","title":{"rendered":"O\u011fulcan \u00c7a\u011flayan: &#8220;Nas\u0131l Ba\u015flad\u0131\u011f\u0131n De\u011fil Nas\u0131l Bitirdi\u011fin \u00d6nemli&#8221; | Amedspor Ma\u00e7\u0131na Do\u011fru 29 A\u011fustos 2024 | Nokta TV"},"content":{"rendered":"<figure class=\"wp-block-embed-youtube wp-block-embed is-type-video is-provider-youtube wp-embed-aspect-16-9 wp-has-aspect-ratio\"><div class=\"lyte-wrapper\" style=\"width:640px;max-width:100%;margin:5px auto;\"><div class=\"lyMe hidef\" id=\"WYL_mh4BHJ5qni8\"><div id=\"lyte_mh4BHJ5qni8\" data-src=\"https:\/\/www.kocaelispor.tv.tr\/wp-content\/plugins\/wp-youtube-lyte\/lyteCache.php?origThumbUrl=%2F%2Fi.ytimg.com%2Fvi%2Fmh4BHJ5qni8%2Fhqdefault.jpg\" class=\"pL\"><div class=\"tC\"><div class=\"tT\"><\/div><\/div><div class=\"play\"><\/div><div class=\"ctrl\"><div class=\"Lctrl\"><\/div><div class=\"Rctrl\"><\/div><\/div><\/div><noscript><a href=\"https:\/\/youtu.be\/mh4BHJ5qni8\" rel=\"nofollow noopener\" target=\"_blank\"><img loading=\"lazy\" decoding=\"async\" src=\"https:\/\/www.kocaelispor.tv.tr\/wp-content\/plugins\/wp-youtube-lyte\/lyteCache.php?origThumbUrl=https%3A%2F%2Fi.ytimg.com%2Fvi%2Fmh4BHJ5qni8%2F0.jpg\" alt=\"YouTube video thumbnail\" width=\"640\" height=\"340\" title=\"\"><\/a><\/noscript><\/div><\/div><div class=\"lL\" style=\"max-width:100%;width:640px;margin:5px auto;\"> <a href=\"https:\/\/youtu.be\/mh4BHJ5qni8\" target=\"_blank\" rel=\"noopener\">Watch this video on YouTube<\/a>.<br\/><span class=\"lyte_disclaimer\">*** Sitemizde payla\u015f\u0131lan videolar\u0131n t\u00fcm sorumlulu\u011fu, video \u2018nun yay\u0131nc\u0131s\u0131na aittir. ***<\/span><\/div><figcaption>O\u011fulcan \u00c7a\u011flayan: &#8220;Nas\u0131l Ba\u015flad\u0131\u011f\u0131n De\u011fil Nas\u0131l Bitirdi\u011fin \u00d6nemli&#8221; | Amedspor Ma\u00e7\u0131na Do\u011fru 29 A\u011fustos 2024 | Nokta TV<\/figcaption><\/figure>\n\n\n<!--more-->\n\n\n\n<p><strong>Kocaelispor Yoluna Tam Gaz Devam Ediyor: 3&#8217;te 3 Yapan Ekibin G\u00f6z\u00fc, Amed Ma\u00e7\u0131nda<\/strong><\/p>\n\n\n\n<p>Zorluk derecesi y\u00fcksek \u00fc\u00e7 ma\u00e7\u0131 kazanarak yolumuza devam ediyor olmak hepimiz i\u00e7in b\u00fcy\u00fck bir mutluluk kayna\u011f\u0131. \u0130lk yar\u0131 ve ikinci yar\u0131, iki farkl\u0131 oyun sergilesek de, hocam\u0131z\u0131n da dedi\u011fi gibi, yeni kurulan bir tak\u0131m olarak milli ma\u00e7 aras\u0131na kadar olan s\u00fcreci kay\u0131ps\u0131z atlatmak bizim i\u00e7in \u00e7ok \u00f6nemliydi. \u00dc\u00e7te 3 yaparak bu hedefimizi ger\u00e7ekle\u015ftirdik. \u015eimdi \u00f6n\u00fcm\u00fczde d\u00f6rd\u00fcnc\u00fc ma\u00e7 olan Amed ma\u00e7\u0131 var ve bug\u00fcnden itibaren haz\u0131rl\u0131klar\u0131m\u0131za ba\u015fl\u0131yoruz. Hedefimiz, bu haftaki Amed ma\u00e7\u0131n\u0131 da kazanarak, milli tak\u0131m aras\u0131na 4\u2019te 4 ile girmek.<\/p>\n\n\n\n<p>Her tak\u0131m\u0131n, her hocan\u0131n ve her kul\u00fcb\u00fcn sezon ba\u015f\u0131ndaki hayalidir 3&#8217;te 3 yapmak. Biz de bu hayali ger\u00e7ekle\u015ftirdik; bu nedenle mutluyuz ve gururluyuz. \u00c7al\u0131\u015fmalar\u0131m\u0131z\u0131n kar\u015f\u0131l\u0131\u011f\u0131n\u0131 puan olarak sahada ald\u0131k. Ancak futbolda \u00f6nemli olan, lige nas\u0131l ba\u015flad\u0131\u011f\u0131n\u0131z de\u011fil, nas\u0131l bitirdi\u011finizdir. Biz iyi ba\u015flad\u0131k, in\u015fallah iyi de bitirirsek bu hepimiz i\u00e7in b\u00fcy\u00fck bir mutluluk kayna\u011f\u0131 olacak.<\/p>\n\n\n\n<p>Ma\u00e7\u0131n nerede oynanaca\u011f\u0131 bizim i\u00e7in \u00e7ok \u00f6nemli de\u011fil. Sonu\u00e7ta ayn\u0131 \u015fartlar, hem rakip hem de bizim i\u00e7in ge\u00e7erli olacak. Elbette futbolu iyi bir zeminde oynamak isteriz; \u00e7\u00fcnk\u00fc bu durum oyunun kalitesini, temposunu ve h\u0131z\u0131n\u0131 etkileyen en \u00f6nemli fakt\u00f6rlerden biridir. Ancak hangi \u015fehirde veya hangi stadyumda oynayaca\u011f\u0131m\u0131z fark etmiyor. Nerede sahaya \u00e7\u0131karsak \u00e7\u0131kal\u0131m, hedefimiz belli: 3 puan. Bu puan\u0131 alaca\u011f\u0131m\u0131za inan\u0131yorum \u00e7\u00fcnk\u00fc tak\u0131m olarak ger\u00e7ekten iyi durumday\u0131z ve ma\u00e7 g\u00fcn\u00fcne kadar daha da iyi olaca\u011f\u0131m\u0131z\u0131 d\u00fc\u015f\u00fcn\u00fcyorum.<\/p>\n\n\n\n<p><strong>Kocaelispor\u2019un Kararl\u0131l\u0131\u011f\u0131 ve Hedefi Belli: S\u00fcper Lig!<\/strong><\/p>\n\n\n\n<p>\u00dc\u00e7te 3 yaparak ba\u015flad\u0131\u011f\u0131m\u0131z bu sezon, Kocaelispor camias\u0131 i\u00e7in umut verici bir ba\u015flang\u0131\u00e7 oldu. Amed ma\u00e7\u0131n\u0131 da kazanarak 4\u2019te 4 yapmak ve milli ma\u00e7 aras\u0131na kay\u0131ps\u0131z girmek istiyoruz. Taraftar\u0131m\u0131z\u0131n deste\u011fiyle bu hedefimize ula\u015faca\u011f\u0131m\u0131za ve S\u00fcper Lig yolunda emin ad\u0131mlarla ilerleyece\u011fimize inan\u0131yoruz.<\/p>\n\n\n\n<p>Kocaelispor olarak sezonu nas\u0131l bitirdi\u011fimizin \u00f6nemli oldu\u011funu biliyoruz ve bu yolda t\u00fcm enerjimizle m\u00fccadeleye devam edece\u011fiz. Hedefimiz S\u00fcper Lig, amac\u0131m\u0131z her ma\u00e7tan 3 puanla ayr\u0131lmak!<\/p>\n\n\n\n<p>#tff1 Adanaspor #Altay #Band\u0131rmaspor #Boluspor #\u00e7orumfk #Erzurumspor FK #Gen\u00e7lerbirli\u011fi #Giresunspor #Ke\u00e7i\u00f6reng\u00fcc\u00fcspor #Kocaelispor #Manisa FK #Sakaryaspor #\u015eanlurfaspor #Tuzlaspor #\u00dcmraniyespor #Pendikspor #\u0130stanbulspor #F. Karag\u00fcmr\u00fckspor #Ankarag\u00fcc\u00fc #Amedspor #Esenler Erokspor #Yeni Malatyaspor #Kocaelispor haberleri #Kocaelispor transferleri #Kocaelispor ma\u00e7 \u00f6zetleri #Kocaelispor geli\u015fmeleri #Kocaelispor ma\u00e7lar\u0131<\/p>\n","protected":false},"excerpt":{"rendered":"","protected":false},"author":1,"featured_media":3009,"comment_status":"closed","ping_status":"closed","sticky":false,"template":"","format":"standard","meta":{"footnotes":""},"categories":[3,17,26,5,93,4,15],"tags":[],"class_list":["post-3008","post","type-post","status-publish","format-standard","has-post-thumbnail","hentry","category-kocaelispor","category-1-lig","category-futbolcular","category-lig","category-nokta-tv","category-turnuva","category-yerel-medya"],"amp_enabled":true,"_links":{"self":[{"href":"https:\/\/www.kocaelispor.tv.tr\/index.php?rest_route=\/wp\/v2\/posts\/3008","targetHints":{"allow":["GET"]}}],"collection":[{"href":"https:\/\/www.kocaelispor.tv.tr\/index.php?rest_route=\/wp\/v2\/posts"}],"about":[{"href":"https:\/\/www.kocaelispor.tv.tr\/index.php?rest_route=\/wp\/v2\/types\/post"}],"author":[{"embeddable":true,"href":"https:\/\/www.kocaelispor.tv.tr\/index.php?rest_route=\/wp\/v2\/users\/1"}],"replies":[{"embeddable":true,"href":"https:\/\/www.kocaelispor.tv.tr\/index.php?rest_route=%2Fwp%2Fv2%2Fcomments&post=3008"}],"version-history":[{"count":0,"href":"https:\/\/www.kocaelispor.tv.tr\/index.php?rest_route=\/wp\/v2\/posts\/3008\/revisions"}],"wp:featuredmedia":[{"embeddable":true,"href":"https:\/\/www.kocaelispor.tv.tr\/index.php?rest_route=\/wp\/v2\/media\/3009"}],"wp:attachment":[{"href":"https:\/\/www.kocaelispor.tv.tr\/index.php?rest_route=%2Fwp%2Fv2%2Fmedia&parent=3008"}],"wp:term":[{"taxonomy":"category","embeddable":true,"href":"https:\/\/www.kocaelispor.tv.tr\/index.php?rest_route=%2Fwp%2Fv2%2Fcategories&post=3008"},{"taxonomy":"post_tag","embeddable":true,"href":"https:\/\/www.kocaelispor.tv.tr\/index.php?rest_route=%2Fwp%2Fv2%2Ftags&post=3008"}],"curies":[{"name":"wp","href":"https:\/\/api.w.org\/{rel}","templated":true}]}}