{"id":2966,"date":"2024-08-24T21:33:40","date_gmt":"2024-08-24T18:33:40","guid":{"rendered":"https:\/\/kocaelispor.tv.tr\/?p=2966"},"modified":"2024-08-24T21:37:50","modified_gmt":"2024-08-24T18:37:50","slug":"kocaelispor-erzurumspor-fk-mac-sonu-degerlendirmesi-23-agustos-2024-motto-futbol","status":"publish","type":"post","link":"https:\/\/www.kocaelispor.tv.tr\/?p=2966","title":{"rendered":"Kocaelispor &#8211; Erzurumspor FK Ma\u00e7 Sonu De\u011ferlendirmesi 23 A\u011fustos 2024 | Motto Futbol"},"content":{"rendered":"\n<figure class=\"wp-block-embed is-type-video is-provider-youtube wp-block-embed-youtube wp-embed-aspect-16-9 wp-has-aspect-ratio\"><div class=\"wp-block-embed__wrapper\">\n<div class=\"lyte-wrapper\" style=\"width:640px;max-width:100%;margin:5px auto;\"><div class=\"lyMe hidef\" id=\"WYL_BBLlg-Lomb8\"><div id=\"lyte_BBLlg-Lomb8\" data-src=\"https:\/\/www.kocaelispor.tv.tr\/wp-content\/plugins\/wp-youtube-lyte\/lyteCache.php?origThumbUrl=%2F%2Fi.ytimg.com%2Fvi%2FBBLlg-Lomb8%2Fhqdefault.jpg\" class=\"pL\"><div class=\"tC\"><div class=\"tT\"><\/div><\/div><div class=\"play\"><\/div><div class=\"ctrl\"><div class=\"Lctrl\"><\/div><div class=\"Rctrl\"><\/div><\/div><\/div><noscript><a href=\"https:\/\/youtu.be\/BBLlg-Lomb8\" rel=\"nofollow noopener\" target=\"_blank\"><img loading=\"lazy\" decoding=\"async\" src=\"https:\/\/www.kocaelispor.tv.tr\/wp-content\/plugins\/wp-youtube-lyte\/lyteCache.php?origThumbUrl=https%3A%2F%2Fi.ytimg.com%2Fvi%2FBBLlg-Lomb8%2F0.jpg\" alt=\"YouTube video thumbnail\" width=\"640\" height=\"340\" title=\"\"><\/a><\/noscript><\/div><\/div><div class=\"lL\" style=\"max-width:100%;width:640px;margin:5px auto;\"> <a href=\"https:\/\/youtu.be\/BBLlg-Lomb8\" target=\"_blank\" rel=\"noopener\">Watch this video on YouTube<\/a>.<br\/><span class=\"lyte_disclaimer\">*** Sitemizde payla\u015f\u0131lan videolar\u0131n t\u00fcm sorumlulu\u011fu, video \u2018nun yay\u0131nc\u0131s\u0131na aittir. ***<\/span><\/div><template data-arve_cachetime=\"2025-03-13T03:43:24+03:00\" data-arve_iframe_src=\"https:\/\/www.youtube.com\/embed\/BBLlg-Lomb8?feature=oembed\" data-arve_url=\"https:\/\/www.youtube.com\/live\/BBLlg-Lomb8?si=LgLu3tzfYD_R6vZV\" data-author_name=\"Motto Futbol\" data-author_url=\"https:\/\/www.youtube.com\/@MottoFutbol\" data-height=\"360\" data-provider=\"youtube\" data-provider_name=\"YouTube\" data-provider_url=\"https:\/\/www.youtube.com\/\" data-thumbnail_height=\"360\" data-thumbnail_url=\"https:\/\/i.ytimg.com\/vi\/BBLlg-Lomb8\/hqdefault.jpg\" data-thumbnail_width=\"480\" data-title=\"Kocaelispor - Erzurumspor FK Ma\u00e7 Sonu De\u011ferlendirmesi\" data-type=\"video\" data-version=\"1.0\" data-width=\"640\" class=\"arve-data\"><\/template>\n<\/div><figcaption class=\"wp-element-caption\">Kocaelispor &#8211; Erzurumspor FK Ma\u00e7 Sonu De\u011ferlendirmesi 23 A\u011fustos 2024 | Motto Futbol<\/figcaption><\/figure>\n\n\n\n<!--more-->\n\n\n\n<h3 class=\"wp-block-heading\">1. Lig&#8217;de bu hafta Kocaelispor ile Erzurumspor FK kozlar\u0131n\u0131 payla\u015ft\u0131, bu \u00f6nemli ma\u00e7\u0131 G\u00fcrkan Sar\u0131kaya ve Fikret G\u00fcl ile de\u011ferlendiriyoruz. <\/h3>\n\n\n\n<p>Moderat\u00f6r: Can Ahmet Ayd\u0131n Videomuzu be\u011fenip, kanal\u0131m\u0131za abone olarak bize destek olabilirsiniz. <a href=\"https:\/\/www.youtube.com\/redirect?event=video_description&amp;redir_token=QUFFLUhqazZ5TG9tdTBIbHpBMjJEYkFwVmV3SW5IalpEd3xBQ3Jtc0trUHhXU0lWcEVEeUg3eHY2UHV1N05sR2ZpTVMwQzFvVmtxdkdFOUNtU1V0V3dMb21RU184VGhGbVptZU9wZFo2X3p6ak1kUE03OFlqQTlvbEcxZ0I5bWw1X1JWendWWjAyNjJOVllHbERDSWw5VmR2SQ&amp;q=https%3A%2F%2Ftwitter.com%2Fmottofutbol&amp;v=BBLlg-Lomb8\" target=\"_blank\" rel=\"noreferrer noopener\">\u00a0\u00a0\/\u00a0mottofutbol\u00a0\u00a0<\/a><a href=\"https:\/\/www.youtube.com\/redirect?event=video_description&amp;redir_token=QUFFLUhqbklMaTIteHlwWk1oU3hpY0d5V2dzV3EyMTRod3xBQ3Jtc0tsUjZlN0lEY01zOHQ3SnU2RlozTkNLOURoYVp3czVVTC1heUt0UHoxWTJiTXZFTmhZX21OYWhOOXhYRDBncVdpQ250OW9hbG1DazlBZ2lYZFpab0s0Y3VGQ2s4XzkyRF9MRGI2ZU1JM0NqZnRSbmRzaw&amp;q=https%3A%2F%2Finstagram.com%2Fmottofutbol&amp;v=BBLlg-Lomb8\" target=\"_blank\" rel=\"noreferrer noopener\">\u00a0\u00a0\/\u00a0mottofutbol\u00a0\u00a0<\/a><a href=\"https:\/\/www.youtube.com\/hashtag\/mottofutbol\" target=\"_blank\" rel=\"noopener\">#mottofutbol<\/a><a href=\"https:\/\/www.youtube.com\/hashtag\/kocaelispor\" target=\"_blank\" rel=\"noopener\">#kocaelispor<\/a><a href=\"https:\/\/www.youtube.com\/hashtag\/erzurumspor\" target=\"_blank\" rel=\"noopener\">#erzurumspor<\/a><\/p>\n\n\n\n<p>Kocaelispor&#8217;un Zaferi: Erzurumspor Ma\u00e7\u0131 Sonras\u0131 De\u011ferlendirme<\/p>\n\n\n\n<p>Kocaelispor, Erzurumspor FK kar\u015f\u0131s\u0131nda 1-0&#8217;l\u0131k galibiyetle sahadan ayr\u0131ld\u0131 ve bu galibiyetle \u00f6nemli bir \u00fc\u00e7 puan\u0131 hanesine yazd\u0131rd\u0131. Ma\u00e7\u0131n ard\u0131ndan bu zaferi de\u011ferlendirirken, futbolseverlerin de kat\u0131l\u0131m\u0131yla detayl\u0131 bir analiz ger\u00e7ekle\u015ftirdik.<\/p>\n\n\n\n<h4 class=\"wp-block-heading\">Ma\u00e7\u0131n Y\u0131ld\u0131z\u0131 Kimdi?<\/h4>\n\n\n\n<p>Ma\u00e7\u0131n y\u0131ld\u0131z\u0131 konusunda seyircilerin oylar\u0131 ve yorumlar\u0131 \u00f6nemliydi. Adaylar aras\u0131nda Pedrinho, Muharrem, O\u011fulcan ve taraftar grubu Hodri Meydan yer ald\u0131. Anketler sonucunda, taraftarlar\u0131n b\u00fcy\u00fck deste\u011fiyle Hodri Meydan&#8217;\u0131n bu ma\u00e7ta \u00f6ne \u00e7\u0131kt\u0131\u011f\u0131 g\u00f6r\u00fcld\u00fc. \u00d6zellikle trib\u00fcnlerdeki co\u015fku, Kocaelispor&#8217;un saha performans\u0131na b\u00fcy\u00fck bir katk\u0131 sa\u011flad\u0131.<\/p>\n\n\n\n<h4 class=\"wp-block-heading\">\u0130lk Yar\u0131 ve \u0130kinci Yar\u0131 Aras\u0131ndaki Farklar<\/h4>\n\n\n\n<p>Ma\u00e7\u0131n ilk yar\u0131s\u0131, Hakan Kutlu&#8217;nun Erzurumspor&#8217;u disiplinli bir oyun anlay\u0131\u015f\u0131yla sahaya \u00e7\u0131kard\u0131\u011f\u0131n\u0131 g\u00f6sterdi. \u0130lk 44 dakika boyunca Erzurumspor, savunma a\u011f\u0131rl\u0131kl\u0131 bir oyun sergiledi ve Kocaelispor&#8217;un ataklar\u0131n\u0131 ba\u015far\u0131yla kar\u015f\u0131lad\u0131. Ancak devre bitmeden gelen gol, Kocaelispor&#8217;a moral oldu ve ikinci yar\u0131ya daha \u00f6zg\u00fcvenli \u00e7\u0131kmalar\u0131n\u0131 sa\u011flad\u0131.<\/p>\n\n\n\n<p>\u0130kinci yar\u0131da ise Ertu\u011frul Sa\u011flam&#8217;\u0131n taktiksel hamleleri dikkat \u00e7ekiciydi. Ancak bu hamlelerin baz\u0131lar\u0131, oyunun ritmini olumsuz etkiledi ve Kocaelispor&#8217;un temposunu d\u00fc\u015f\u00fcrd\u00fc. \u00d6zellikle \u00c7ak\u0131r\u2019\u0131n oyuna girmesi, orta sahan\u0131n kontrol\u00fcn\u00fc kaybetmelerine neden oldu.<\/p>\n\n\n\n<h4 class=\"wp-block-heading\">Hakem Kararlar\u0131 ve Ma\u00e7\u0131n Gidi\u015fat\u0131<\/h4>\n\n\n\n<p>Ma\u00e7 boyunca hakem kararlar\u0131 da s\u0131k\u00e7a tart\u0131\u015fma konusu oldu. Hakemin, ma\u00e7\u0131n temposunu d\u00fc\u015f\u00fck tutmas\u0131 ve kolay kart g\u00f6stermemesi, iki tak\u0131m\u0131n da oyun stratejilerini etkiledi. Seyircilerin beklentisi, daha sert bir oyun ve daha tempolu bir m\u00fccadeleydi, ancak bu beklenti tam anlam\u0131yla kar\u015f\u0131lanamad\u0131.<\/p>\n\n\n\n<h4 class=\"wp-block-heading\">Gelecek \u0130\u00e7in Beklentiler<\/h4>\n\n\n\n<p>Kocaelispor, bu galibiyetle birlikte \u015fampiyonluk yolunda \u00f6nemli bir ad\u0131m att\u0131. Ancak oyunun geli\u015ftirilmesi gereken bir\u00e7ok y\u00f6n\u00fc bulunuyor. Seyirciler, daha co\u015fkulu ve \u00fcretken bir futbol g\u00f6rmek istiyor. \u00d6zellikle Ertu\u011frul Sa\u011flam&#8217;\u0131n ma\u00e7 sonu yapt\u0131\u011f\u0131 hamlelerin g\u00f6zden ge\u00e7irilmesi gerekti\u011fi vurguland\u0131.<\/p>\n\n\n\n<p>Bu galibiyetin ard\u0131ndan, Kocaelispor taraftarlar\u0131n\u0131n deste\u011fiyle tak\u0131m\u0131n daha g\u00fc\u00e7l\u00fc bir performans sergilemesi bekleniyor. Gelecek ma\u00e7larda da bu birlik ve beraberli\u011fin s\u00fcrmesi, Kocaelispor&#8217;un \u015fampiyonluk yolundaki en b\u00fcy\u00fck avantaj\u0131 olacak.<\/p>\n\n\n\n<p>Kocaelispor ile ilgili en g\u00fcncel haberler ve analizler i\u00e7in  <strong>KOTA &#8211; KOcaelispor&#8217;lu TAraftarlar<\/strong> &#8216;\u0131n <strong>kocaelispor.tv.tr<\/strong> web sitesini takip etmeye devam edin.<\/p>\n\n\n\n<p>#tff1 Adanaspor #Altay #Band\u0131rmaspor #Boluspor #\u00e7orumfk #Erzurumspor FK #Gen\u00e7lerbirli\u011fi #Giresunspor #Ke\u00e7i\u00f6reng\u00fcc\u00fcspor #Kocaelispor #Manisa FK #Sakaryaspor #\u015eanlurfaspor #Tuzlaspor #\u00dcmraniyespor #Pendikspor #\u0130stanbulspor #F. Karag\u00fcmr\u00fckspor #Ankarag\u00fcc\u00fc #Amedspor #Esenler Erokspor #Yeni Malatyaspor #Kocaelispor haberleri #Kocaelispor transferleri #Kocaelispor ma\u00e7 \u00f6zetleri #Kocaelispor geli\u015fmeleri #Kocaelispor ma\u00e7lar\u0131<\/p>\n\n\n\n<p>Web Sitemiz 5651 say\u0131l\u0131 kanun \u00e7er\u00e7evesinde faaliyet g\u00f6stermekte olup yay\u0131nlanan i\u00e7eriklerden sorumlu de\u011fildir. Fakat i\u00e7eri\u011fin kanuna ayk\u0131r\u0131 veya telif hakk\u0131 i\u00e7erdi\u011fi ile ilgili yaz\u0131l\u0131 veya dijital bir tebli\u011f almas\u0131 halinde s\u00f6z konusu i\u00e7eri\u011fi kald\u0131rmakla m\u00fckelleftir.<\/p>\n","protected":false},"excerpt":{"rendered":"","protected":false},"author":1,"featured_media":2970,"comment_status":"closed","ping_status":"closed","sticky":false,"template":"","format":"standard","meta":{"footnotes":""},"categories":[3,17,5,47,22,4],"tags":[342,341,767,765,343,51,305,344,205,766,739,259,349,734,547,48,1009,888,891,892,890,889,347,66,735,350,348,223,538,778],"class_list":["post-2966","post","type-post","status-publish","format-standard","has-post-thumbnail","hentry","category-kocaelispor","category-1-lig","category-lig","category-motto-futbol","category-sosyal-medya","category-turnuva","tag-adanaspor","tag-altay","tag-amedspor","tag-ankaragucu","tag-bandirmaspor","tag-boluspor","tag-can-ahmet-aydin","tag-corum-fk","tag-erzurumspor-fk","tag-esenler-erokspor","tag-f-karagumrukspor","tag-genclerbirligi","tag-giresunspor","tag-istanbulspor","tag-keciorengucuspor","tag-kocaelispor","tag-kocaelispor-erzurumspor-fk-mac-sonu-degerlendirmesi-23-agustos-2024-motto-futbol","tag-kocaelispor-gelismeleri","tag-kocaelispor-haberleri","tag-kocaelispor-mac-ozetleri","tag-kocaelispor-maclari","tag-kocaelispor-transferleri","tag-manisa-fk","tag-motto-futbol","tag-pendikspor","tag-sakaryaspor","tag-sanlurfaspor","tag-tuzlaspor","tag-umraniyespor","tag-yenimalatyaspor"],"amp_enabled":true,"_links":{"self":[{"href":"https:\/\/www.kocaelispor.tv.tr\/index.php?rest_route=\/wp\/v2\/posts\/2966","targetHints":{"allow":["GET"]}}],"collection":[{"href":"https:\/\/www.kocaelispor.tv.tr\/index.php?rest_route=\/wp\/v2\/posts"}],"about":[{"href":"https:\/\/www.kocaelispor.tv.tr\/index.php?rest_route=\/wp\/v2\/types\/post"}],"author":[{"embeddable":true,"href":"https:\/\/www.kocaelispor.tv.tr\/index.php?rest_route=\/wp\/v2\/users\/1"}],"replies":[{"embeddable":true,"href":"https:\/\/www.kocaelispor.tv.tr\/index.php?rest_route=%2Fwp%2Fv2%2Fcomments&post=2966"}],"version-history":[{"count":0,"href":"https:\/\/www.kocaelispor.tv.tr\/index.php?rest_route=\/wp\/v2\/posts\/2966\/revisions"}],"wp:featuredmedia":[{"embeddable":true,"href":"https:\/\/www.kocaelispor.tv.tr\/index.php?rest_route=\/wp\/v2\/media\/2970"}],"wp:attachment":[{"href":"https:\/\/www.kocaelispor.tv.tr\/index.php?rest_route=%2Fwp%2Fv2%2Fmedia&parent=2966"}],"wp:term":[{"taxonomy":"category","embeddable":true,"href":"https:\/\/www.kocaelispor.tv.tr\/index.php?rest_route=%2Fwp%2Fv2%2Fcategories&post=2966"},{"taxonomy":"post_tag","embeddable":true,"href":"https:\/\/www.kocaelispor.tv.tr\/index.php?rest_route=%2Fwp%2Fv2%2Ftags&post=2966"}],"curies":[{"name":"wp","href":"https:\/\/api.w.org\/{rel}","templated":true}]}}