{"id":2829,"date":"2024-07-17T12:07:17","date_gmt":"2024-07-17T09:07:17","guid":{"rendered":"https:\/\/kocaelispor.tv.tr\/?p=2829"},"modified":"2024-07-17T12:07:20","modified_gmt":"2024-07-17T09:07:20","slug":"erdem-ovuc-ile-yesil-siyah-15-temmuz-2024-nokta-tv","status":"publish","type":"post","link":"https:\/\/www.kocaelispor.tv.tr\/?p=2829","title":{"rendered":"Erdem \u00d6v\u00fc\u00e7 \u0130le Ye\u015fil Siyah | 15 Temmuz 2024 | Nokta TV"},"content":{"rendered":"<figure class=\"wp-block-embed-youtube wp-block-embed is-type-video is-provider-youtube wp-embed-aspect-16-9 wp-has-aspect-ratio\"><div class=\"lyte-wrapper\" style=\"width:640px;max-width:100%;margin:5px auto;\"><div class=\"lyMe hidef\" id=\"WYL_U2lsx2n5zzY\"><div id=\"lyte_U2lsx2n5zzY\" data-src=\"https:\/\/www.kocaelispor.tv.tr\/wp-content\/plugins\/wp-youtube-lyte\/lyteCache.php?origThumbUrl=%2F%2Fi.ytimg.com%2Fvi%2FU2lsx2n5zzY%2Fhqdefault.jpg\" class=\"pL\"><div class=\"tC\"><div class=\"tT\"><\/div><\/div><div class=\"play\"><\/div><div class=\"ctrl\"><div class=\"Lctrl\"><\/div><div class=\"Rctrl\"><\/div><\/div><\/div><noscript><a href=\"https:\/\/youtu.be\/U2lsx2n5zzY\" rel=\"nofollow noopener\" target=\"_blank\"><img loading=\"lazy\" decoding=\"async\" src=\"https:\/\/www.kocaelispor.tv.tr\/wp-content\/plugins\/wp-youtube-lyte\/lyteCache.php?origThumbUrl=https%3A%2F%2Fi.ytimg.com%2Fvi%2FU2lsx2n5zzY%2F0.jpg\" alt=\"YouTube video thumbnail\" width=\"640\" height=\"340\" title=\"\"><\/a><\/noscript><\/div><\/div><div class=\"lL\" style=\"max-width:100%;width:640px;margin:5px auto;\"> <a href=\"https:\/\/youtu.be\/U2lsx2n5zzY\" target=\"_blank\" rel=\"noopener\">Watch this video on YouTube<\/a>.<br\/><span class=\"lyte_disclaimer\">*** Sitemizde payla\u015f\u0131lan videolar\u0131n t\u00fcm sorumlulu\u011fu, video \u2018nun yay\u0131nc\u0131s\u0131na aittir. ***<\/span><\/div><figcaption>Erdem \u00d6v\u00fc\u00e7 \u0130le Ye\u015fil Siyah | 15 Temmuz 2024 | Nokta TV<\/figcaption><\/figure>\n\n\n<!--more-->\n\n\n\n<h2 class=\"wp-block-heading\">Ye\u015fil Siyah Program\u0131nda Bu Hafta: Kocaelispor G\u00fcndemi ve \u00d6ne \u00c7\u0131kan Konular<\/h2>\n\n\n\n<p>De\u011ferli spor severler, her pazartesi ak\u015famlar\u0131n\u0131n klasi\u011fi haline gelen Ye\u015fil Siyah program\u0131na ho\u015f geldiniz. Bu hafta da dolu dolu bir g\u00fcndemle kar\u015f\u0131n\u0131zday\u0131z. Yakla\u015f\u0131k 3 saat s\u00fcrecek program\u0131m\u0131zda Kocaelispor&#8217;un son durumu, transfer haberleri ve kamp s\u00fcreci hakk\u0131nda detayl\u0131 bilgiler verece\u011fiz.<\/p>\n\n\n\n<h3 class=\"wp-block-heading\">\u00d6zel Konu\u011fumuz: Umut Karag\u00f6z<\/h3>\n\n\n\n<p>Bug\u00fcn aram\u0131zda, ekibimizden bir isim olan Umut Karag\u00f6z bulunuyor. Normalde program\u0131m\u0131z\u0131n kemik kadrosunda yer alan \u00d6mer \u00c7elik, \u00f6zel nedenlerden dolay\u0131 aram\u0131zda olamayacak. Kendisinin ailesiyle ilgili bir plan\u0131 vard\u0131 ve bizden izin istedi. Biz de kendisine tabii ki izin verdik. Umut Karag\u00f6z, ho\u015f geldin!<\/p>\n\n\n\n<p>Umut Karag\u00f6z: &#8220;Ho\u015f bulduk abi, nas\u0131ls\u0131n?&#8221;<\/p>\n\n\n\n<p>Erdem Karde\u015fim: &#8220;\u0130yiyim, te\u015fekk\u00fcr ederim. Sen nas\u0131ls\u0131n?&#8221;<\/p>\n\n\n\n<p>Umut Karag\u00f6z: &#8220;Ben de iyiyim abi. Bu hafta yine \u00e7ok \u00f6nemli konular var, bakal\u0131m neler anlatacaks\u0131n bize. Aya\u011f\u0131na sa\u011fl\u0131k tekrardan, te\u015fekk\u00fcr ederim.&#8221;<\/p>\n\n\n\n<h3 class=\"wp-block-heading\">\u00d6mer Faruk G\u00fcler ile Kocaeli Gazetesi&#8217;nde Yeni D\u00f6nem<\/h3>\n\n\n\n<p>Sevgili seyirciler, yar\u0131ndan itibaren \u00d6mer Faruk G\u00fcler, Kocaeli Gazetesi&#8217;nde resmi olarak g\u00f6reve ba\u015flayacak. Kendisine hay\u0131rl\u0131 olsun diyoruz. \u00d6mer, neler s\u00f6yleyeceksin bu yeni g\u00f6revin hakk\u0131nda?<\/p>\n\n\n\n<p>\u00d6mer Faruk G\u00fcler: &#8220;\u00c7ok mutluyum abi, Kocaeli Gazetesi gibi k\u00f6kl\u00fc bir kurumda \u00e7al\u0131\u015facak olmaktan gurur duyuyorum. Y\u0131llar\u0131n tecr\u00fcbesiyle dolu bir ekip var. Hakan abiyle \u00e7al\u0131\u015facak olmak da ayr\u0131 bir heyecan verici.&#8221;<\/p>\n\n\n\n<h3 class=\"wp-block-heading\">Kocaelispor&#8217;un Kamp ve Haz\u0131rl\u0131k Ma\u00e7lar\u0131<\/h3>\n\n\n\n<p>Kocaelispor, D\u00fczce Topuk Yaylas\u0131&#8217;nda kamp yap\u0131yor ve bu s\u00fcre\u00e7te haz\u0131rl\u0131k ma\u00e7lar\u0131na da \u00e7\u0131k\u0131yor. Ge\u00e7ti\u011fimiz g\u00fcnlerde Ke\u00e7i\u00f6reng\u00fcc\u00fc ile oynanan haz\u0131rl\u0131k ma\u00e7\u0131nda 2-2 berabere kald\u0131k. Ma\u00e7 \u00f6ncesinde ya\u015fanan baz\u0131 teknik aksakl\u0131klar ve zor \u015fartlar alt\u0131nda ger\u00e7ekle\u015ftirdi\u011fimiz yay\u0131nla ilgili detaylar\u0131 da payla\u015fmak istiyorum. Yay\u0131n s\u0131ras\u0131nda ya\u015fad\u0131\u011f\u0131m\u0131z ses ve g\u00f6r\u00fcnt\u00fc problemleri nedeniyle \u00f6z\u00fcr dileriz, gelecekte bu t\u00fcr aksakl\u0131klar\u0131 minimize etmeye \u00e7al\u0131\u015faca\u011f\u0131z.<\/p>\n\n\n\n<h3 class=\"wp-block-heading\">Ma\u00e7 Analizi: Kocaelispor &#8211; Ke\u00e7i\u00f6reng\u00fcc\u00fc<\/h3>\n\n\n\n<p>Umut Karag\u00f6z, kamp s\u00fcreci ve Ke\u00e7i\u00f6reng\u00fcc\u00fc ma\u00e7\u0131yla ilgili izlenimlerini payla\u015ft\u0131: &#8220;Kocaelispor&#8217;un haz\u0131rl\u0131k ma\u00e7lar\u0131 olduk\u00e7a verimli ge\u00e7iyor. Yeni transferler tak\u0131ma uyum sa\u011fl\u0131yor. Kamp s\u00fcrecinde tak\u0131m\u0131n genel havas\u0131 \u00e7ok iyi. Oyuncular aras\u0131nda uyum ve disiplin dikkat \u00e7ekiyor. Transferlerin erken yap\u0131lmas\u0131 b\u00fcy\u00fck avantaj sa\u011flad\u0131.&#8221;<\/p>\n\n\n\n<h3 class=\"wp-block-heading\">Avrupa Futbol \u015eampiyonas\u0131 De\u011ferlendirmesi<\/h3>\n\n\n\n<p>Program\u0131n ba\u015f\u0131nda Avrupa Futbol \u015eampiyonas\u0131&#8217;n\u0131n de\u011ferlendirmesini yapt\u0131k. \u0130spanya&#8217;n\u0131n \u015fampiyonlu\u011funu ve teknik direkt\u00f6r De La Fuente&#8217;nin ba\u015far\u0131s\u0131n\u0131 konu\u015ftuk. \u0130spanya, gen\u00e7 ve dinamik kadrosuyla turnuvay\u0131 domine etti. T\u00fcrkiye&#8217;nin turnuvadaki performans\u0131n\u0131 da analiz ettik ve gelecekte daha iyi sonu\u00e7lar alabilmek i\u00e7in yap\u0131lmas\u0131 gerekenleri tart\u0131\u015ft\u0131k.<\/p>\n\n\n\n<h3 class=\"wp-block-heading\">Kocaelispor&#8217;un Gelece\u011fi<\/h3>\n\n\n\n<p>Kocaelispor&#8217;un gelece\u011fiyle ilgili umutlu oldu\u011fumuzu s\u00f6yleyebilirim. Transfer d\u00f6neminde yap\u0131lan ak\u0131ll\u0131 hamleler ve kamp s\u00fcrecinde g\u00f6sterilen performans, tak\u0131m\u0131n bu sezon b\u00fcy\u00fck ba\u015far\u0131lar elde edebilece\u011finin sinyallerini veriyor. Taraftarlar\u0131m\u0131z\u0131n deste\u011fiyle birlikte Kocaelispor&#8217;un S\u00fcper Lig&#8217;e y\u00fckselmesi en b\u00fcy\u00fck hedefimiz.<\/p>\n\n\n\n<p>De\u011ferli izleyenler, Ye\u015fil Siyah program\u0131m\u0131zda bu hafta da sizlerle birlikte olduk. Kocaelispor ile ilgili geli\u015fmeleri ve analizleri sizlerle payla\u015fmaya devam edece\u011fiz. Bir sonraki programda g\u00f6r\u00fc\u015fmek \u00fczere, ho\u015f\u00e7a kal\u0131n.<\/p>\n\n\n\n<hr class=\"wp-block-separator has-alpha-channel-opacity\"\/>\n\n\n\n<p>Sevgili futbol severler, Ye\u015fil Siyah program\u0131n\u0131n bu haftaki \u00f6zetini ve analizini sizlerle payla\u015ft\u0131k. Kocaelispor ile ilgili daha fazla i\u00e7erik ve geli\u015fmeler i\u00e7in kocaelispor.tv.tr&#8217;yi takip etmeyi unutmay\u0131n. Ho\u015f\u00e7a kal\u0131n!<\/p>\n\n\n\n<hr class=\"wp-block-separator has-alpha-channel-opacity\"\/>\n\n\n\n<p>G\u00fcndemin nabz\u0131n\u0131 tutan programlar ve canl\u0131 yay\u0131nlar i\u00e7in YouTube kanal\u0131m\u0131z\u0131 izlemeyi, abone olmay\u0131 ve be\u011fenmeyi unutmay\u0131n! <\/p>\n\n\n\n<p>Web Sitemiz: <a href=\"https:\/\/www.youtube.com\/redirect?event=video_description&amp;redir_token=QUFFLUhqazNGNFhESDltWHAtMU9SYk9RRExEVkllYXBad3xBQ3Jtc0ttZ19WMEItVWJzc1ctc2U0dEVLdHJDeEd3Yk5MTWNaWms2b282UzdTMFQ0a2NIaGIwaW9kcC11WVZEcDdhRDlkckY1SGRIQk1RUVc4QjZCeWVSX3h4dmJKUVVFWTNfdE1vN1ZPZ1Y3UlQ2NWFfZGRXaw&amp;q=https%3A%2F%2Fwww.noktatv.com%2F&amp;v=U2lsx2n5zzY\" target=\"_blank\" rel=\"noreferrer noopener\">https:\/\/www.noktatv.com<\/a> Nokta Gazetesi: <a href=\"https:\/\/www.youtube.com\/redirect?event=video_description&amp;redir_token=QUFFLUhqbk9SWjBWZTZqMjZsRVA2UEVUWUw2NXByelNGd3xBQ3Jtc0tsYTF6a2lvRjNFalhwWV9BMXd3LThFM2hZM09CSGJKc3VXOU81bTQyTThiWVNKMmpKaVRGOElMUDhpOEo5N3Fud2RZdTlNRkEwYmtnVVJEazBLZWxuZFJXZ0xqR3RHT09vMzh3SFEyYURaS0VCYlg5dw&amp;q=https%3A%2F%2Fwww.noktagazetesi.com.tr%2F&amp;v=U2lsx2n5zzY\" target=\"_blank\" rel=\"noreferrer noopener\">https:\/\/www.noktagazetesi.com.tr<\/a> Instagram: <a href=\"https:\/\/www.youtube.com\/redirect?event=video_description&amp;redir_token=QUFFLUhqbW9mZDhUR0JlX0NpODFVeGRobDI3YXgxc2FtUXxBQ3Jtc0trNm1jSUREVmZjenVkVmx5TDhmNXhMa0Y5dGN4YWZTMHR0Ty1fZVRFME8tcmtMZzlHTktTR0hDRHowYTFNb0NSSnh2RUMxUzYyRDV6QkpORmtYYkQ1YjlUWU1tU3hndkducTcxYVc5M3RuWUNmc2l0UQ&amp;q=https%3A%2F%2Fwww.instagram.com%2Fnoktatvcomizle&amp;v=U2lsx2n5zzY\" target=\"_blank\" rel=\"noreferrer noopener\">\u00a0\u00a0\/\u00a0noktatvcomizle\u00a0\u00a0<\/a> Twitter : <a href=\"https:\/\/www.youtube.com\/redirect?event=video_description&amp;redir_token=QUFFLUhqazdyeHRrektRY0JoTDlId0JoMWNoY043cmVoUXxBQ3Jtc0tsUzZZMnRLOWZhRFNvbTZRZF9OUXBubVNKOWdHcHhpZExkemR1aUZfZ3pXR0daZ090Zl9QcnJ1WWRmazExZmNGWDc0RkJsYWZUMkhOTm9MTG0zX1JjbFhiUEJ2a1NtczBiVlJyNkhpbXpabVQwVG1ZSQ&amp;q=https%3A%2F%2Ftwitter.com%2Fnoktatvcomizle&amp;v=U2lsx2n5zzY\" target=\"_blank\" rel=\"noreferrer noopener\">\u00a0\u00a0\/\u00a0noktatvcomizle\u00a0\u00a0<\/a> Facebook : <a href=\"https:\/\/www.youtube.com\/redirect?event=video_description&amp;redir_token=QUFFLUhqa0VPbGtCMnlmdW9aM1VlR0dfcUwzR0xjbkx4QXxBQ3Jtc0trSHJqczY4dnBNMlEtZGt1Y2NiQk53bjM5Vm5nZ3MtdVU5MGhZeGpObFRxVEd2RGFxSWp1a2JmaTVqc0dNc0NzMmt4dHdEcWVGOG9zejlwZWR6Y1BfRExVSlp4M1IxaTZEUXZvT2FxSnd2TEw2RU1Ydw&amp;q=https%3A%2F%2Fwww.facebook.com%2Fnoktatvcom&amp;v=U2lsx2n5zzY\" target=\"_blank\" rel=\"noreferrer noopener\">\u00a0\u00a0\/\u00a0noktatvcom\u00a0\u00a0<\/a><\/p>\n\n\n\n<p>#tff1 Adanaspor #Altay #Band\u0131rmaspor #Boluspor #\u00e7orumfk #Erzurumspor FK #Gen\u00e7lerbirli\u011fi #Giresunspor #Ke\u00e7i\u00f6reng\u00fcc\u00fcspor #Kocaelispor #Manisa FK #Sakaryaspor #\u015eanlurfaspor #Tuzlaspor #\u00dcmraniyespor #Pendikspor #\u0130stanbulspor #F. Karag\u00fcmr\u00fckspor #Ankarag\u00fcc\u00fc #Amedspor #Esenler Erokspor #Yeni Malatyaspor #Kocaelispor haberleri #Kocaelispor transferleri #Kocaelispor ma\u00e7 \u00f6zetleri #Kocaelispor geli\u015fmeleri #Kocaelispor ma\u00e7lar\u0131<\/p>\n","protected":false},"excerpt":{"rendered":"","protected":false},"author":1,"featured_media":2830,"comment_status":"closed","ping_status":"closed","sticky":false,"template":"","format":"standard","meta":{"footnotes":""},"categories":[3,17,5,14,93,4,15],"tags":[342,341,767,765,343,51,344,938,315,205,766,739,895,259,349,393,734,949,351,547,48,888,891,892,890,889,347,58,735,350,348,950,223,538,778,951],"class_list":["post-2829","post","type-post","status-publish","format-standard","has-post-thumbnail","hentry","category-kocaelispor","category-1-lig","category-lig","category-medya","category-nokta-tv","category-turnuva","category-yerel-medya","tag-adanaspor","tag-altay","tag-amedspor","tag-ankaragucu","tag-bandirmaspor","tag-boluspor","tag-corum-fk","tag-duzce-topuk-yaylasi","tag-erdem-ovuc","tag-erzurumspor-fk","tag-esenler-erokspor","tag-f-karagumrukspor","tag-futbol","tag-genclerbirligi","tag-giresunspor","tag-hazirlik-maci","tag-istanbulspor","tag-kamp-sureci","tag-keciorengucu","tag-keciorengucuspor","tag-kocaelispor","tag-kocaelispor-gelismeleri","tag-kocaelispor-haberleri","tag-kocaelispor-mac-ozetleri","tag-kocaelispor-maclari","tag-kocaelispor-transferleri","tag-manisa-fk","tag-nokta-tv","tag-pendikspor","tag-sakaryaspor","tag-sanlurfaspor","tag-transfer-haberleri","tag-tuzlaspor","tag-umraniyespor","tag-yenimalatyaspor","tag-yesil-siyah-programi"],"amp_enabled":true,"_links":{"self":[{"href":"https:\/\/www.kocaelispor.tv.tr\/index.php?rest_route=\/wp\/v2\/posts\/2829","targetHints":{"allow":["GET"]}}],"collection":[{"href":"https:\/\/www.kocaelispor.tv.tr\/index.php?rest_route=\/wp\/v2\/posts"}],"about":[{"href":"https:\/\/www.kocaelispor.tv.tr\/index.php?rest_route=\/wp\/v2\/types\/post"}],"author":[{"embeddable":true,"href":"https:\/\/www.kocaelispor.tv.tr\/index.php?rest_route=\/wp\/v2\/users\/1"}],"replies":[{"embeddable":true,"href":"https:\/\/www.kocaelispor.tv.tr\/index.php?rest_route=%2Fwp%2Fv2%2Fcomments&post=2829"}],"version-history":[{"count":0,"href":"https:\/\/www.kocaelispor.tv.tr\/index.php?rest_route=\/wp\/v2\/posts\/2829\/revisions"}],"wp:featuredmedia":[{"embeddable":true,"href":"https:\/\/www.kocaelispor.tv.tr\/index.php?rest_route=\/wp\/v2\/media\/2830"}],"wp:attachment":[{"href":"https:\/\/www.kocaelispor.tv.tr\/index.php?rest_route=%2Fwp%2Fv2%2Fmedia&parent=2829"}],"wp:term":[{"taxonomy":"category","embeddable":true,"href":"https:\/\/www.kocaelispor.tv.tr\/index.php?rest_route=%2Fwp%2Fv2%2Fcategories&post=2829"},{"taxonomy":"post_tag","embeddable":true,"href":"https:\/\/www.kocaelispor.tv.tr\/index.php?rest_route=%2Fwp%2Fv2%2Ftags&post=2829"}],"curies":[{"name":"wp","href":"https:\/\/api.w.org\/{rel}","templated":true}]}}