{"id":2530,"date":"2024-06-11T12:29:03","date_gmt":"2024-06-11T09:29:03","guid":{"rendered":"https:\/\/kocaelispor.tv.tr\/?p=2530"},"modified":"2024-06-11T12:29:09","modified_gmt":"2024-06-11T09:29:09","slug":"kocaelispor-genel-kurulu-gergin-gecti-11-haziran-2024-tv41","status":"publish","type":"post","link":"https:\/\/www.kocaelispor.tv.tr\/?p=2530","title":{"rendered":"KOCAEL\u0130SPOR GENEL KURULU GERG\u0130N GE\u00c7T\u0130 11 Haziran 2024 | tv41"},"content":{"rendered":"<figure class=\"wp-block-embed-youtube wp-block-embed is-type-video is-provider-youtube wp-embed-aspect-4-3 wp-has-aspect-ratio\"><div class=\"lyte-wrapper\" style=\"width:640px;max-width:100%;margin:5px auto;\"><div class=\"lyMe hidef\" id=\"WYL_QG0CfpexT04\"><div id=\"lyte_QG0CfpexT04\" data-src=\"https:\/\/www.kocaelispor.tv.tr\/wp-content\/plugins\/wp-youtube-lyte\/lyteCache.php?origThumbUrl=%2F%2Fi.ytimg.com%2Fvi%2FQG0CfpexT04%2Fhqdefault.jpg\" class=\"pL\"><div class=\"tC\"><div class=\"tT\"><\/div><\/div><div class=\"play\"><\/div><div class=\"ctrl\"><div class=\"Lctrl\"><\/div><div class=\"Rctrl\"><\/div><\/div><\/div><noscript><a href=\"https:\/\/youtu.be\/QG0CfpexT04\" rel=\"nofollow noopener\" target=\"_blank\"><img loading=\"lazy\" decoding=\"async\" src=\"https:\/\/www.kocaelispor.tv.tr\/wp-content\/plugins\/wp-youtube-lyte\/lyteCache.php?origThumbUrl=https%3A%2F%2Fi.ytimg.com%2Fvi%2FQG0CfpexT04%2F0.jpg\" alt=\"YouTube video thumbnail\" width=\"640\" height=\"340\" title=\"\"><\/a><\/noscript><\/div><\/div><div class=\"lL\" style=\"max-width:100%;width:640px;margin:5px auto;\"> <a href=\"https:\/\/youtu.be\/QG0CfpexT04\" target=\"_blank\" rel=\"noopener\">Watch this video on YouTube<\/a>.<br\/><span class=\"lyte_disclaimer\">*** Sitemizde payla\u015f\u0131lan videolar\u0131n t\u00fcm sorumlulu\u011fu, video \u2018nun yay\u0131nc\u0131s\u0131na aittir. ***<\/span><\/div><figcaption>KOCAEL\u0130SPOR GENEL KURULU GERG\u0130N GE\u00c7T\u0130 11 Haziran 2024 | tv41<\/figcaption><\/figure>\n\n\n<!--more-->\n\n\n\n<p><strong>Kocaelispor Ola\u011fan\u00fcst\u00fc Genel Kurulu: Yeni Ba\u015fkan Recep Durul<\/strong><\/p>\n\n\n\n<p>Kocaelispor&#8217;un ola\u011fan\u00fcst\u00fc genel kurulu, \u015eehit Recep Topalo\u011flu Spor Salonu&#8217;nda ger\u00e7ekle\u015ftirildi. Tek listeyle yap\u0131lan genel kurulun ard\u0131ndan Recep Durul, Kocaelispor&#8217;un yeni ba\u015fkan\u0131 olarak se\u00e7ildi. Divan ba\u015fkanl\u0131\u011f\u0131n\u0131 Sinar \u00dcner, divan \u00fcyeliklerini Kemal \u015eekersoy ve \u015eenol \u00c7al\u0131m&#8217;\u0131n yapt\u0131\u011f\u0131 genel kurula, oy kullanma hakk\u0131na sahip 1529 delegeden 381 delege kat\u0131ld\u0131.<\/p>\n\n\n\n<p>\u0130zmit Belediye Ba\u015fkan\u0131 Fatma Kaplan H\u00fcrriyet, G\u00f6lc\u00fck Belediye Ba\u015fkan\u0131 Ali Y\u0131ld\u0131r\u0131m Sezer, Derince Belediye Ba\u015fkan\u0131 Sertif G\u00f6k\u00e7e, AK Parti Kocaeli \u0130l Ba\u015fkan\u0131 \u015eahin Talus, Milliyet\u00e7i Hareket Partisi Kocaeli \u0130l Ba\u015fkan\u0131 Murat Nuri Demirba\u015f, Kocaelispor&#8217;un eski kul\u00fcp ba\u015fkanlar\u0131 Hikmet Erenkaya, \u0130brahim Saral, Rafet K\u0131rg\u0131z, Muammer \u00c7elik, Nebil Uzun, Bahri Yavuz ve eski teknik direkt\u00f6rler Engin Koruk\u0131r, B\u00fclent Baturman, Faruk Sarman ile kongre \u00fcyeleri de genel kurula kat\u0131ld\u0131.<\/p>\n\n\n\n<p>Kocaelispor ola\u011fan genel kurulu, sayg\u0131 duru\u015fu ve \u0130stiklal Mar\u015f\u0131&#8217;n\u0131n okunmas\u0131yla ba\u015flad\u0131. Yap\u0131lan konu\u015fmalar\u0131n ard\u0131ndan 2023-2024 sezonunun idari ve mali y\u00f6nden a\u00e7\u0131k oylamayla ibras\u0131 ger\u00e7ekle\u015ftirildi. Salonda zaman zaman gerginlikler ya\u015fansa da, uzun s\u00fcren tart\u0131\u015fmalar\u0131n ard\u0131ndan Kocaelispor&#8217;un idari ve mali y\u00f6nden ibra edilmesine karar verildi. 1 Ocak 2024 &#8211; 31 Haziran 2024 tarihleri aras\u0131ndaki d\u00f6nemlere ait hesap ve faaliyetler oy \u00e7oklu\u011fuyla kabul edildi.<\/p>\n\n\n\n<p>Dilek ve temenni konu\u015fmalar\u0131n\u0131n ard\u0131ndan Recep Durul&#8217;un haz\u0131rlad\u0131\u011f\u0131 liste, divan kurulu taraf\u0131ndan a\u00e7\u0131k oylama ile delegelerin oyuna sunuldu ve oy \u00e7oklu\u011fuyla kabul edildi. Yeni y\u00f6netim kurulunda \u015fu isimler yer ald\u0131:<\/p>\n\n\n\n<ul class=\"wp-block-list\">\n<li><strong>Ba\u015fkan:<\/strong> Recep Durul<\/li>\n\n\n\n<li><strong>Y\u00f6netim Kurulu Asil \u00dcyeler:<\/strong> Ahmet Ar\u0131k, Ahmet \u015eahin, Bilal \u00c7ift\u00e7i, Engin Arat, Fazile Ay\u015fe \u00d6zkurt, G\u00fcrkan Darcan, Kadir Gen\u00e7, Kamil Sert, Kani Furkan Ka\u00e7ar, Orhan D\u00f6nmez, Serhan Veyiso\u011flu, Abidin Akso<\/li>\n<\/ul>\n\n\n\n<p>Kocaelispor y\u00f6netimi, hafta i\u00e7i yapaca\u011f\u0131 toplant\u0131yla g\u00f6rev da\u011f\u0131l\u0131m\u0131n\u0131 belirleyecek. Ba\u015fkan Recep Durul&#8217;un \u00f6nderli\u011finde Kocaelispor&#8217;un yeni d\u00f6nemde ba\u015far\u0131l\u0131 olmas\u0131 ve hedeflerine ula\u015fmas\u0131 i\u00e7in \u00e7al\u0131\u015fmalar h\u0131zla ba\u015flayacak. Yeni y\u00f6netim, kul\u00fcb\u00fcn gelece\u011fi i\u00e7in umut verici ad\u0131mlar atmay\u0131 hedefliyor.<\/p>\n\n\n\n<p>#tff1 Adanaspor #Altay #Band\u0131rmaspor #Bodrumspor #bodrumfk #Boluspor #\u00e7orumfk #Erzurumspor FK #Ey\u00fcpspor #Gen\u00e7lerbirli\u011fi #Giresunspor #G\u00f6ztepespor #Ke\u00e7i\u00f6reng\u00fcc\u00fcspor #Kocaelispor #Manisa FK #Sakaryaspor #\u015eanlurfaspor #Tuzlaspor #\u00dcmraniyespor #Pendikspor #\u0130stanbulspor #F. Karag\u00fcmr\u00fckspor #Ankarag\u00fcc\u00fc #Amedspor #Esenler Erokspor #Yeni Malatyaspor<\/p>\n","protected":false},"excerpt":{"rendered":"","protected":false},"author":1,"featured_media":2531,"comment_status":"closed","ping_status":"closed","sticky":false,"template":"","format":"standard","meta":{"footnotes":""},"categories":[3,17,25,5,14,4,92,15,27],"tags":[342,341,767,765,343,352,51,344,205,766,345,739,259,349,425,734,547,48,829,347,735,350,348,223,166,538,778],"class_list":["post-2530","post","type-post","status-publish","format-standard","has-post-thumbnail","hentry","category-kocaelispor","category-1-lig","category-kulup","category-lig","category-medya","category-turnuva","category-tv-41","category-yerel-medya","category-yonetim","tag-adanaspor","tag-altay","tag-amedspor","tag-ankaragucu","tag-bandirmaspor","tag-bodrumspor","tag-boluspor","tag-corum-fk","tag-erzurumspor-fk","tag-esenler-erokspor","tag-eyupspor","tag-f-karagumrukspor","tag-genclerbirligi","tag-giresunspor","tag-goztepespor","tag-istanbulspor","tag-keciorengucuspor","tag-kocaelispor","tag-kocaelispor-genel-kurulu-gergin-gecti-11-haziran-2024-tv41","tag-manisa-fk","tag-pendikspor","tag-sakaryaspor","tag-sanlurfaspor","tag-tuzlaspor","tag-tv41","tag-umraniyespor","tag-yenimalatyaspor"],"amp_enabled":true,"_links":{"self":[{"href":"https:\/\/www.kocaelispor.tv.tr\/index.php?rest_route=\/wp\/v2\/posts\/2530","targetHints":{"allow":["GET"]}}],"collection":[{"href":"https:\/\/www.kocaelispor.tv.tr\/index.php?rest_route=\/wp\/v2\/posts"}],"about":[{"href":"https:\/\/www.kocaelispor.tv.tr\/index.php?rest_route=\/wp\/v2\/types\/post"}],"author":[{"embeddable":true,"href":"https:\/\/www.kocaelispor.tv.tr\/index.php?rest_route=\/wp\/v2\/users\/1"}],"replies":[{"embeddable":true,"href":"https:\/\/www.kocaelispor.tv.tr\/index.php?rest_route=%2Fwp%2Fv2%2Fcomments&post=2530"}],"version-history":[{"count":0,"href":"https:\/\/www.kocaelispor.tv.tr\/index.php?rest_route=\/wp\/v2\/posts\/2530\/revisions"}],"wp:featuredmedia":[{"embeddable":true,"href":"https:\/\/www.kocaelispor.tv.tr\/index.php?rest_route=\/wp\/v2\/media\/2531"}],"wp:attachment":[{"href":"https:\/\/www.kocaelispor.tv.tr\/index.php?rest_route=%2Fwp%2Fv2%2Fmedia&parent=2530"}],"wp:term":[{"taxonomy":"category","embeddable":true,"href":"https:\/\/www.kocaelispor.tv.tr\/index.php?rest_route=%2Fwp%2Fv2%2Fcategories&post=2530"},{"taxonomy":"post_tag","embeddable":true,"href":"https:\/\/www.kocaelispor.tv.tr\/index.php?rest_route=%2Fwp%2Fv2%2Ftags&post=2530"}],"curies":[{"name":"wp","href":"https:\/\/api.w.org\/{rel}","templated":true}]}}