{"id":2451,"date":"2024-06-05T22:32:40","date_gmt":"2024-06-05T19:32:40","guid":{"rendered":"https:\/\/kocaelispor.tv.tr\/?p=2451"},"modified":"2024-06-05T22:32:40","modified_gmt":"2024-06-05T19:32:40","slug":"kocaelispor-basin-toplantisi-6-haziran-2024-ozgun-kocaeli-gazetesi","status":"publish","type":"post","link":"https:\/\/www.kocaelispor.tv.tr\/?p=2451","title":{"rendered":"Kocaelispor bas\u0131n toplant\u0131s\u0131 6 Haziran 2024 | \u00d6zg\u00fcn Kocaeli Gazetesi"},"content":{"rendered":"<figure class=\"wp-block-embed-youtube wp-block-embed is-type-video is-provider-youtube wp-embed-aspect-16-9 wp-has-aspect-ratio\"><div class=\"lyte-wrapper\" style=\"width:640px;max-width:100%;margin:5px auto;\"><div class=\"lyMe hidef\" id=\"WYL_s9n1BDWFol0\"><div id=\"lyte_s9n1BDWFol0\" data-src=\"https:\/\/www.kocaelispor.tv.tr\/wp-content\/plugins\/wp-youtube-lyte\/lyteCache.php?origThumbUrl=%2F%2Fi.ytimg.com%2Fvi%2Fs9n1BDWFol0%2Fhqdefault.jpg\" class=\"pL\"><div class=\"tC\"><div class=\"tT\"><\/div><\/div><div class=\"play\"><\/div><div class=\"ctrl\"><div class=\"Lctrl\"><\/div><div class=\"Rctrl\"><\/div><\/div><\/div><noscript><a href=\"https:\/\/youtu.be\/s9n1BDWFol0\" rel=\"nofollow noopener\" target=\"_blank\"><img loading=\"lazy\" decoding=\"async\" src=\"https:\/\/www.kocaelispor.tv.tr\/wp-content\/plugins\/wp-youtube-lyte\/lyteCache.php?origThumbUrl=https%3A%2F%2Fi.ytimg.com%2Fvi%2Fs9n1BDWFol0%2F0.jpg\" alt=\"YouTube video thumbnail\" width=\"640\" height=\"340\" title=\"\"><\/a><\/noscript><\/div><\/div><div class=\"lL\" style=\"max-width:100%;width:640px;margin:5px auto;\"> <a href=\"https:\/\/youtu.be\/s9n1BDWFol0\" target=\"_blank\" rel=\"noopener\">Watch this video on YouTube<\/a>.<br\/><span class=\"lyte_disclaimer\">*** Sitemizde payla\u015f\u0131lan videolar\u0131n t\u00fcm sorumlulu\u011fu, video \u2018nun yay\u0131nc\u0131s\u0131na aittir. ***<\/span><\/div><figcaption>Kocaelispor bas\u0131n toplant\u0131s\u0131 6 Haziran 2024 | \u00d6zg\u00fcn Kocaeli Gazetesi<\/figcaption><\/figure>\n\n\n<!--more-->\n\n\n\n<hr class=\"wp-block-separator has-alpha-channel-opacity\"\/>\n\n\n\n<p>Sayg\u0131de\u011fer Gazeteciler Cemiyeti Ba\u015fkan\u0131, T\u00fcrkiye Spor Yazarlar\u0131 Derne\u011fi Pro Ba\u015fkan\u0131, bas\u0131n mensuplar\u0131, sevgili Kocaelispor Ailesi ve payda\u015flar\u0131m\u0131z, bug\u00fcn burada bulunuyoruz. Kongre \u00f6ncesi ve kongrede dile getiremeyece\u011fimiz f\u0131rsatlar\u0131 de\u011ferlendirmek ve Kocaelispor\u2019un beklentilerini masaya yat\u0131rmak i\u00e7in bir araday\u0131z. Bu sohbet ortam\u0131nda kat\u0131l\u0131m\u0131n\u0131z i\u00e7in Metin karde\u015fime ve siz de\u011ferli kat\u0131l\u0131mc\u0131lara te\u015fekk\u00fcr ediyorum.<\/p>\n\n\n\n<p>Ge\u00e7mi\u015ften bug\u00fcne kadar neden aday oldu\u011fumuzu a\u00e7\u0131klamak istiyorum. Ben daha \u00f6nce 4 y\u0131l boyunca Kocaelispor y\u00f6netiminde g\u00f6rev ald\u0131m. Ba\u015fkan vekilli\u011fi ve farkl\u0131 g\u00f6revlerde bulundum. Bu s\u00fcre boyunca maddi ve manevi destek sa\u011flamaya \u00e7al\u0131\u015ft\u0131k. Kocaelispor i\u00e7in zaman zaman sevin\u00e7ler ya\u015fad\u0131k, zaman zaman zorluklarla kar\u015f\u0131la\u015ft\u0131k. Ancak bu duygusal yolculu\u011fun sonunda geldi\u011fimiz noktada, \u015fampiyonluk, k\u00fcme d\u00fc\u015fme ve tekrar y\u00fckselme gibi deneyimleri ya\u015fad\u0131k.<\/p>\n\n\n\n<p>Bu sezon ise ne yaz\u0131k ki istedi\u011fimiz sonu\u00e7lar\u0131 elde edemedik. Santrafor eksikli\u011fi, teknik de\u011fi\u015fiklikler ve sa\u011fl\u0131kl\u0131 bir yap\u0131lanma olmamas\u0131 ba\u015far\u0131s\u0131zl\u0131\u011fa neden oldu. Ertu\u011frul Hoca\u2019n\u0131n gitmesiyle de son 8 ma\u00e7\u0131m\u0131zda galibiyet alamad\u0131k. Bu durumda en \u00f6nemli fakt\u00f6r\u00fcn iyi bir santrafor oldu\u011funu d\u00fc\u015f\u00fcn\u00fcyorum. E\u011fer Ertu\u011frul Hoca hala tak\u0131m\u0131n ba\u015f\u0131ndayd\u0131, elinde daha iyi malzeme olabilirdi. Ancak bu noktada hepimiz bir insan olarak s\u00fcrecin ba\u015fkanl\u0131k de\u011fi\u015fimini ve sorumluluklar\u0131 \u00fcstlenmeyi tercih ettik.<\/p>\n\n\n\n<p>Umar\u0131m gelecek sezon daha iyi sonu\u00e7lar elde ederiz. Kocaelispor\u2019a destek olmaya devam edece\u011fim. <\/p>\n\n\n\n<p>#tff1 Adanaspor #Altay #Band\u0131rmaspor #Bodrumspor #bodrumfk #Boluspor #\u00e7orumfk #Erzurumspor FK #Ey\u00fcpspor #Gen\u00e7lerbirli\u011fi #Giresunspor #G\u00f6ztepespor #Ke\u00e7i\u00f6reng\u00fcc\u00fcspor #Kocaelispor #Manisa FK #Sakaryaspor #\u015eanlurfaspor #Tuzlaspor #\u00dcmraniyespor #Pendikspor #\u0130stanbulspor #F.Karag\u00fcmr\u00fckspor #Ankarag\u00fcc\u00fc #Amedspor #Esenler Erokspor #Yeni Malatyaspor<\/p>\n","protected":false},"excerpt":{"rendered":"","protected":false},"author":1,"featured_media":2452,"comment_status":"closed","ping_status":"closed","sticky":false,"template":"","format":"standard","meta":{"footnotes":""},"categories":[17,3,25,5,4,15,27],"tags":[342,341,767,765,343,352,51,344,205,766,345,739,259,349,425,734,547,48,789,347,428,735,311,350,348,223,538,778],"class_list":["post-2451","post","type-post","status-publish","format-standard","has-post-thumbnail","hentry","category-1-lig","category-kocaelispor","category-kulup","category-lig","category-turnuva","category-yerel-medya","category-yonetim","tag-adanaspor","tag-altay","tag-amedspor","tag-ankaragucu","tag-bandirmaspor","tag-bodrumspor","tag-boluspor","tag-corum-fk","tag-erzurumspor-fk","tag-esenler-erokspor","tag-eyupspor","tag-f-karagumrukspor","tag-genclerbirligi","tag-giresunspor","tag-goztepespor","tag-istanbulspor","tag-keciorengucuspor","tag-kocaelispor","tag-kocaelispor-basin-toplantisi-6-haziran-2024-ozgun-kocaeli-gazetesi","tag-manisa-fk","tag-ozgun-kocaeli-gazetesi","tag-pendikspor","tag-recep-durul","tag-sakaryaspor","tag-sanlurfaspor","tag-tuzlaspor","tag-umraniyespor","tag-yenimalatyaspor"],"amp_enabled":true,"_links":{"self":[{"href":"https:\/\/www.kocaelispor.tv.tr\/index.php?rest_route=\/wp\/v2\/posts\/2451","targetHints":{"allow":["GET"]}}],"collection":[{"href":"https:\/\/www.kocaelispor.tv.tr\/index.php?rest_route=\/wp\/v2\/posts"}],"about":[{"href":"https:\/\/www.kocaelispor.tv.tr\/index.php?rest_route=\/wp\/v2\/types\/post"}],"author":[{"embeddable":true,"href":"https:\/\/www.kocaelispor.tv.tr\/index.php?rest_route=\/wp\/v2\/users\/1"}],"replies":[{"embeddable":true,"href":"https:\/\/www.kocaelispor.tv.tr\/index.php?rest_route=%2Fwp%2Fv2%2Fcomments&post=2451"}],"version-history":[{"count":0,"href":"https:\/\/www.kocaelispor.tv.tr\/index.php?rest_route=\/wp\/v2\/posts\/2451\/revisions"}],"wp:featuredmedia":[{"embeddable":true,"href":"https:\/\/www.kocaelispor.tv.tr\/index.php?rest_route=\/wp\/v2\/media\/2452"}],"wp:attachment":[{"href":"https:\/\/www.kocaelispor.tv.tr\/index.php?rest_route=%2Fwp%2Fv2%2Fmedia&parent=2451"}],"wp:term":[{"taxonomy":"category","embeddable":true,"href":"https:\/\/www.kocaelispor.tv.tr\/index.php?rest_route=%2Fwp%2Fv2%2Fcategories&post=2451"},{"taxonomy":"post_tag","embeddable":true,"href":"https:\/\/www.kocaelispor.tv.tr\/index.php?rest_route=%2Fwp%2Fv2%2Ftags&post=2451"}],"curies":[{"name":"wp","href":"https:\/\/api.w.org\/{rel}","templated":true}]}}